{"id":250816,"date":"2025-11-23T04:20:17","date_gmt":"2025-11-23T04:20:17","guid":{"rendered":"https:\/\/www.europesays.com\/es\/250816\/"},"modified":"2025-11-23T04:20:17","modified_gmt":"2025-11-23T04:20:17","slug":"aumentan-los-casos-de-gripe-y-la-negativa-a-vacunarse","status":"publish","type":"post","link":"https:\/\/www.europesays.com\/es\/250816\/","title":{"rendered":"Aumentan los casos de gripe y la negativa a vacunarse"},"content":{"rendered":"<p>Las llegadas de las bajas temperaturas ha tra\u00eddo consigo un \u00abligero repunte\u00bb de los casos de gripe en la regi\u00f3n, como bien reconoc\u00eda el consejero de Sanidad del Gobierno de Castilla-La Mancha, Jes\u00fas Fern\u00e1ndez Sanz, hace tan solo unos d\u00edas. Sin embargo, frente al aumento de casos de gripe, tambi\u00e9n aumenta el n\u00famero de personas que no tiene la intenci\u00f3n de vacunarse: la mitad de los castellanomanchegos, seg\u00fan los datos del Observatorio de Vacunaci\u00f3n Antigripal en Espa\u00f1a.\u00a0<\/p>\n<p>El problema reside en que solo un tercio de la poblaci\u00f3n (el 32 por ciento) se considera parte de un grupo de riesgo y, al no identificarse como tal, no ven la necesidad de recibir la dosis pertinente, , lo que refleja que no hay la suficiente conciencia social sobre la importancia de la vacunaci\u00f3n entre la poblaci\u00f3n. Los m\u00e1s concienciados son los mayores de 60 a\u00f1os: el 71 por ciento s\u00ed tiene intenci\u00f3n de vacunarse.\u00a0<\/p>\n<p>Hasta ahora, se han administrado en la regi\u00f3n 76.000 dosis de la vacuna, lo que implica que se ha alcanzado al 68 por ciento de la poblaci\u00f3n diana, seg\u00fan los datos del consejero de Sanidad.\u00a0<\/p>\n<p>\u00abAunque los datos reflejan cierta\u00a0estabilizaci\u00f3n, el hecho de que la mitad de la poblaci\u00f3n no tenga intenci\u00f3n de vacunarse frente a la gripe sigue<br \/>siendo alarmante. Debemos insistir en la concienciaci\u00f3n y en la recomendaci\u00f3n<br \/>sanitaria activa, especialmente en los grupos de riesgo\u00bb, afirma el Jefe del Servicio de Medicina Preventiva del Hospital Cl\u00ednico Universitario de Valladolid, Javier Castrodeza, para quien es necesariouna implicaci\u00f3n m\u00e1s activa de los sanitarios profesionales en<br \/>la recomendaci\u00f3n de las vacunas. Castrodeza remarca la importancia<br \/>de la vacunaci\u00f3n no solo para protegerse a uno mismo, sino tambi\u00e9n para proteger al resto de la poblaci\u00f3n: \u00abla protecci\u00f3n frente a la gripe no solo nos protege individualmente, sino que reduce la carga asistencial\u00a0del sistema\u00bb, explica.<\/p>\n<p>Entre los principales motivos que har\u00edan cambiar de opini\u00f3n a aquellos que no tienen la vacunaci\u00f3n entre sus planes,\u00a0est\u00e1 la recomendaci\u00f3n profesional: el 44 por ciento afirma que cambiar\u00eda de opini\u00f3n respecto a vacunarse si un profesional sanitario se lo recomendase. Tan solo un 9 por ciento de la poblaci\u00f3n asegura que no cambiar\u00eda de opini\u00f3n en ning\u00fan caso. Entre los grupos m\u00e1s vulnerables est\u00e1n los mayores de 60 a\u00f1os, los ni\u00f1os de seis meses a cinco a\u00f1os, personas inmunodeprimidas, con afecciones respiratorias o cardiacas, mujeres embarazadas y personas con diabetes.<\/p>\n","protected":false},"excerpt":{"rendered":"Las llegadas de las bajas temperaturas ha tra\u00eddo consigo un \u00abligero repunte\u00bb de los casos de gripe en&hellip;\n","protected":false},"author":2,"featured_media":250817,"comment_status":"","ping_status":"","sticky":false,"template":"","format":"standard","meta":{"footnotes":""},"categories":[92],"tags":[4091,25,24,7749,165,63550,166,1811,23,8177],"class_list":{"0":"post-250816","1":"post","2":"type-post","3":"status-publish","4":"format-standard","5":"has-post-thumbnail","7":"category-salud","8":"tag-castilla-la-mancha","9":"tag-es","10":"tag-espana","11":"tag-gripe","12":"tag-health","13":"tag-jesus-fernandez-sanz","14":"tag-salud","15":"tag-sanidad","16":"tag-spain","17":"tag-vacuna"},"share_on_mastodon":{"url":"https:\/\/pubeurope.com\/@es\/115597097441034158","error":""},"_links":{"self":[{"href":"https:\/\/www.europesays.com\/es\/wp-json\/wp\/v2\/posts\/250816","targetHints":{"allow":["GET"]}}],"collection":[{"href":"https:\/\/www.europesays.com\/es\/wp-json\/wp\/v2\/posts"}],"about":[{"href":"https:\/\/www.europesays.com\/es\/wp-json\/wp\/v2\/types\/post"}],"author":[{"embeddable":true,"href":"https:\/\/www.europesays.com\/es\/wp-json\/wp\/v2\/users\/2"}],"replies":[{"embeddable":true,"href":"https:\/\/www.europesays.com\/es\/wp-json\/wp\/v2\/comments?post=250816"}],"version-history":[{"count":0,"href":"https:\/\/www.europesays.com\/es\/wp-json\/wp\/v2\/posts\/250816\/revisions"}],"wp:featuredmedia":[{"embeddable":true,"href":"https:\/\/www.europesays.com\/es\/wp-json\/wp\/v2\/media\/250817"}],"wp:attachment":[{"href":"https:\/\/www.europesays.com\/es\/wp-json\/wp\/v2\/media?parent=250816"}],"wp:term":[{"taxonomy":"category","embeddable":true,"href":"https:\/\/www.europesays.com\/es\/wp-json\/wp\/v2\/categories?post=250816"},{"taxonomy":"post_tag","embeddable":true,"href":"https:\/\/www.europesays.com\/es\/wp-json\/wp\/v2\/tags?post=250816"}],"curies":[{"name":"wp","href":"https:\/\/api.w.org\/{rel}","templated":true}]}}