{"id":250818,"date":"2025-11-23T04:21:46","date_gmt":"2025-11-23T04:21:46","guid":{"rendered":"https:\/\/www.europesays.com\/es\/250818\/"},"modified":"2025-11-23T04:21:46","modified_gmt":"2025-11-23T04:21:46","slug":"andreu-buenafuente-explica-su-retirada-tengo-que-parar-un-poco-para-recuperarme-gracias-por-la-comprension-el-apoyo-y-el-carino","status":"publish","type":"post","link":"https:\/\/www.europesays.com\/es\/250818\/","title":{"rendered":"Andreu Buenafuente explica su retirada: \u00abTengo que parar un poco para recuperarme; gracias por la comprensi\u00f3n, el apoyo y el cari\u00f1o\u00bb"},"content":{"rendered":"<p class=\"v-mdl-ath__p v-mdl-ath__p--6\">\nViernes, 21 de noviembre 2025, 16:19<\/p>\n<p class=\"v-p\"><a href=\"https:\/\/www.diariovasco.com\/temas\/personajes\/andreu-buenafuente.html\" title=\"www.diariovasco.com\" data-voc-vtm-id=\"in-text-traffic\" data-mrf-link=\"www.diariovasco.com\" rel=\"nofollow noopener\" target=\"_blank\">Andreu Buenafuente<\/a>, una de las figuras m\u00e1s influyentes del entretenimiento espa\u00f1ol, ha anunciado que se retira temporalmente de sus compromisos profesionales por motivos de salud. La decisi\u00f3n, que llega por prescripci\u00f3n m\u00e9dica, obedece a un \u00abexceso de carga laboral\u00bb. Tanto Televisi\u00f3n Espa\u00f1ola (RTVE) como la productora El Terrat (The Mediapro Studio), de la que Buenafuente es fundador, hann emitido este viernes un comunicado conjunto para confirmar que el humorista se ve obligado a realizar un par\u00f3n temporal con el objetivo de descansar y recuperarse.<\/p>\n<p class=\"v-p\">El anuncio de este obligado cese de actividades se produce apenas tres d\u00edas despu\u00e9s de que <a href=\"https:\/\/www.diariovasco.com\/culturas\/tv\/andreu-buenafuente-silvia-abril-presentaran-campanadas-20251118151009-ntrc.html\" title=\"www.diariovasco.com\" data-voc-vtm-id=\"in-text-traffic\" data-mrf-link=\"www.diariovasco.com\" rel=\"nofollow noopener\" target=\"_blank\">RTVE eligiera al c\u00f3mico y a su esposa, Silvia Abril, para presentar las tradicionales campanadas de Nochevieja<\/a> desde la Puerta del Sol. El presentador ha expresado su necesidad de tomarse un respiro, declarando que \u00abtengo que parar un poco para recuperarme y volver con la energ\u00eda que se merece todo lo que hago. Gracias por la comprensi\u00f3n, el apoyo y el cari\u00f1o\u00bb.<\/p>\n<p class=\"v-p\">La pausa ocurre en un \u00abmomento dorado\u00bb o \u00abmuy dulce\u00bb de la carrera del &#8216;showman&#8217; catal\u00e1n. Buenafuente, que acumula m\u00e1s de tres d\u00e9cadas de trayectoria, es conocido por haber recibido el Premio Nacional de Televisi\u00f3n en 2020 y seis Premios Ondas. Adem\u00e1s de haber sido incluido en la lista de las 100 mentes m\u00e1s creativas del mundo seg\u00fan &#8216;Forbes&#8217;, ha ejercido como maestro de ceremonias en eventos de primer nivel, incluyendo los Premios Goya en cuatro ocasiones (2010, 2011, 2019 y 2020). Recientemente, tambi\u00e9n recibi\u00f3 una nominaci\u00f3n a los Premios Feroz por su trabajo como actor en la serie &#8216;El otro lado&#8217;.<\/p>\n<p>Calendario de compromisos extenso<\/p>\n<p class=\"v-p\">El \u00abexceso de carga laboral\u00bb que ha provocado la baja del presentador deriva de una agenda que combina m\u00faltiples proyectos. Actualmente, Buenafuente estaba al frente de &#8216;Futuro Imperfecto&#8217; cada jueves en el &#8216;prime time&#8217; de La 1. Este programa, que combina humor y reflexi\u00f3n cr\u00edtica, se ha consolidado como uno de los formatos estrella de la cadena. De hecho, el espacio alcanz\u00f3 su m\u00e1ximo de temporada el 20 de noviembre, con 1.056.000 espectadores y un 14,3% de cuota, liderando su franja horaria sobre su competencia.<\/p>\n<p><a href=\"http:\/\/www.diariovasco.com\/culturas\/tv\/andreu-buenafuentediscurso-banalizacion-ignorancia-peoressociedad-20250919102059-nt.html#vtm_modulosEngag=mod-rel:culturas:noticia:1:cmp:1-not\" class=\"v-a-link\" aria-label=\"Imagen\" rel=\"nofollow noopener\" target=\"_blank\"><\/p>\n<p><img decoding=\"async\" loading=\"lazy\" src=\"https:\/\/www.europesays.com\/es\/wp-content\/uploads\/2025\/11\/Andreu-kVFB--366x256@Diario Vasco.png\" class=\"v-a-img\" width=\"258\" height=\"180\" alt=\"\" data-voc-vtm-id=\"in-text-traffic\"\/><\/p>\n<p><\/a><\/p>\n<p class=\"v-p\">Adem\u00e1s de conducir el espacio televisivo, Buenafuente ejerce como productor a trav\u00e9s de El Terrat, que gestiona otros proyectos en activo. Asimismo, el presentador conduce junto a Berto Romero el p\u00f3dcast semanal &#8216;Nadie sabe nada&#8217;, el cual se encuentra actualmente en la emisi\u00f3n de su temporada n\u00famero 13. A esto se suma su compromiso con el teatro, ya que \u00e9l y Silvia Abril protagonizan la obra &#8216;El Tenoriu&#8217; en el Teatro Coliseum de Barcelona, montaje que ten\u00eda tres funciones previstas para este fin de semana.<\/p>\n<p>Las campanadas siguen en pie<\/p>\n<p class=\"v-p\">La pausa necesaria del humorista catal\u00e1n afectar\u00e1 de manera inmediata a la televisi\u00f3n. RTVE ha revelado que se detienen las grabaciones de &#8216;Futuro Imperfecto&#8217;, por lo que el programa ser\u00e1 suspendido temporalmente y sustituido en la noche del jueves en La 1 por otra oferta a\u00fan no confirmada.<\/p>\n<p class=\"v-p\">A pesar de la cancelaci\u00f3n de su programa semanal, la cadena p\u00fablica ha confirmado que los preparativos para las campanadas de fin de a\u00f1o contin\u00faan su curso. La corporaci\u00f3n y el propio presentador han considerado prudente este descanso ahora para asegurar que Buenafuente tenga la energ\u00eda suficiente para cumplir con sus compromisos en la noche de Fin de A\u00f1o junto a Silvia Abril.<\/p>\n<p>Reporta un error<\/p>\n","protected":false},"excerpt":{"rendered":"Viernes, 21 de noviembre 2025, 16:19 Andreu Buenafuente, una de las figuras m\u00e1s influyentes del entretenimiento espa\u00f1ol, ha&hellip;\n","protected":false},"author":2,"featured_media":250819,"comment_status":"","ping_status":"","sticky":false,"template":"","format":"standard","meta":{"footnotes":""},"categories":[91],"tags":[2058,146,147,25,24,5134,10780,1367,23],"class_list":{"0":"post-250818","1":"post","2":"type-post","3":"status-publish","4":"format-standard","5":"has-post-thumbnail","7":"category-entretenimiento","8":"tag-andreu-buenafuente","9":"tag-entertainment","10":"tag-entretenimiento","11":"tag-es","12":"tag-espana","13":"tag-explica","14":"tag-parar","15":"tag-retirada","16":"tag-spain"},"share_on_mastodon":{"url":"https:\/\/pubeurope.com\/@es\/115597101567435458","error":""},"_links":{"self":[{"href":"https:\/\/www.europesays.com\/es\/wp-json\/wp\/v2\/posts\/250818","targetHints":{"allow":["GET"]}}],"collection":[{"href":"https:\/\/www.europesays.com\/es\/wp-json\/wp\/v2\/posts"}],"about":[{"href":"https:\/\/www.europesays.com\/es\/wp-json\/wp\/v2\/types\/post"}],"author":[{"embeddable":true,"href":"https:\/\/www.europesays.com\/es\/wp-json\/wp\/v2\/users\/2"}],"replies":[{"embeddable":true,"href":"https:\/\/www.europesays.com\/es\/wp-json\/wp\/v2\/comments?post=250818"}],"version-history":[{"count":0,"href":"https:\/\/www.europesays.com\/es\/wp-json\/wp\/v2\/posts\/250818\/revisions"}],"wp:featuredmedia":[{"embeddable":true,"href":"https:\/\/www.europesays.com\/es\/wp-json\/wp\/v2\/media\/250819"}],"wp:attachment":[{"href":"https:\/\/www.europesays.com\/es\/wp-json\/wp\/v2\/media?parent=250818"}],"wp:term":[{"taxonomy":"category","embeddable":true,"href":"https:\/\/www.europesays.com\/es\/wp-json\/wp\/v2\/categories?post=250818"},{"taxonomy":"post_tag","embeddable":true,"href":"https:\/\/www.europesays.com\/es\/wp-json\/wp\/v2\/tags?post=250818"}],"curies":[{"name":"wp","href":"https:\/\/api.w.org\/{rel}","templated":true}]}}