{"id":25082,"date":"2025-08-04T13:32:07","date_gmt":"2025-08-04T13:32:07","guid":{"rendered":"https:\/\/www.europesays.com\/es\/25082\/"},"modified":"2025-08-04T13:32:07","modified_gmt":"2025-08-04T13:32:07","slug":"el-actor-jesus-lozano-sufre-una-parada-cardiorrespiratoria-sobre-el-escenario-en-el-festival-de-alcantara-cultura","status":"publish","type":"post","link":"https:\/\/www.europesays.com\/es\/25082\/","title":{"rendered":"El actor Jes\u00fas Lozano sufre una parada cardiorrespiratoria sobre el escenario en el Festival de Alc\u00e1ntara | Cultura"},"content":{"rendered":"<p class=\"\">El pasado viernes 1 de agosto, cuando arrancaba la representaci\u00f3n de Alfonso X: la \u00faltima cantiga hacia las 11 de la noche, en la sexta jornada del Festival de Alc\u00e1ntara, el actor extreme\u00f1o Jes\u00fas Lozano (Almendralejo, 1970), protagonista, autor y director de la obra, sufri\u00f3 un desvanecimiento sobre el escenario. El int\u00e9rprete tuvo una parada cardiorrespiratoria. Fue atendido con rapidez por los servicios sanitarios en el recinto Conventual de San Benito donde se celebraba la obra, y ya consciente fue trasladado al hospital de C\u00e1ceres. All\u00ed pas\u00f3 la noche en observaci\u00f3n, ya estable, tal y como informaron los organizadores de esta cita de teatro cl\u00e1sico que ha celebrado su 39\u00ba edici\u00f3n este 2025.<\/p>\n<p class=\"\">\u201cAlfonso X, la \u00faltima cantiga, es la expresi\u00f3n apasionada y desesperada de su \u00faltimo canto de despedida, como un grito de alivio y de dolor, su \u00faltimo aliento por sonar en cambiar la historia y el designio de los tiempos\u00bb, escribi\u00f3 Jos\u00e9 Luis Gonz\u00e1lez Sub\u00edas, acad\u00e9mico de las Artes esc\u00e9nicas de Espa\u00f1a, en el programa del festival. \u201cUna obra de poderosa fuerza dram\u00e1tica y calidad musical que emociona y llega al coraz\u00f3n del p\u00fablico\u201d, remataba. <\/p>\n<p class=\"\">Una de las compa\u00f1eras de reparto de Jes\u00fas Lozano, la actriz y productora Inma Cede\u00f1o, explic\u00f3 en Facebook lo sucedido, y aclar\u00f3 que el actor no se desmay\u00f3 sino que \u201csu coraz\u00f3n se detuvo\u201d. A\u00f1adi\u00f3 que el teatro \u201csalv\u00f3 la vida\u201d del actor: \u201cSe salv\u00f3 porque est\u00e1bamos en un lugar preparado, con desfibrilador y con personas capaces de actuar con rapidez y sin dudar. Los m\u00e9dicos lo han dicho con rotundidad: si esto le hubiera ocurrido en casa, probablemente hoy no lo estar\u00edamos contando\u201d.<\/p>\n<p class=\"\">Cede\u00f1o tambi\u00e9n tuvo palabras de reconocimiento para el Festival de Alc\u00e1ntara y su gestora por la atenci\u00f3n dispensada y la discreci\u00f3n con la que han tratado el incidente. El actor y dramaturgo participaba en esta producci\u00f3n de la compa\u00f1\u00eda extreme\u00f1a Mar\u00eda de Melo Producciones y La Diosa C\u00f3mica (grupo fundado por el propio Lozano). <\/p>\n<p class=\"\">Este lunes, al hacer balance del festival, que tras la urgencia m\u00e9dica de Lozano y la suspensi\u00f3n de esa obra, sigui\u00f3 el s\u00e1bado y el domingo con el resto de las representaciones previstas, la directora del certamen, Roc\u00edo Montero, ha hecho un balance muy positivo de esta edici\u00f3n. Destac\u00f3 la buena acogida de p\u00fablico y cr\u00edtica que han tenido las representaciones principales del Conventual San Benito, con un incremento en el n\u00famero de espectadores respecto a la edici\u00f3n anterior y casi tres llenos en las tres obras que se han representado. El festival off tambi\u00e9n ha crecido en n\u00famero de asistentes y funciones. <\/p>\n<p class=\"\">La directora del Festival tambi\u00e9n ha hecho referencia a lo ocurrido el viernes. Montero ha querido destacar que todo se qued\u00f3 en un susto y que la forma de actuar de todas las personas implicadas \u201cfue de diez\u201d. A\u00f1adi\u00f3: \u201cEsto nos ha dado mucha tranquilidad porque estamos preparados para dar respuesta, tanto a las compa\u00f1\u00edas como al p\u00fablico, en el caso de que se produzca una emergencia\u201d. \u201cTodo funcion\u00f3 a la perfecci\u00f3n\u201d tanto en la aplicaci\u00f3n de los protocolos de asistencia como en la coordinaci\u00f3n de sanitarios, polic\u00eda, equipo de sala, producci\u00f3n o direcci\u00f3n. <\/p>\n","protected":false},"excerpt":{"rendered":"El pasado viernes 1 de agosto, cuando arrancaba la representaci\u00f3n de Alfonso X: la \u00faltima cantiga hacia las&hellip;\n","protected":false},"author":2,"featured_media":25083,"comment_status":"","ping_status":"","sticky":false,"template":"","format":"standard","meta":{"footnotes":""},"categories":[91],"tags":[3975,209,146,147,25,24,14057,23,1651],"class_list":{"0":"post-25082","1":"post","2":"type-post","3":"status-publish","4":"format-standard","5":"has-post-thumbnail","7":"category-entretenimiento","8":"tag-caceres","9":"tag-cultura","10":"tag-entertainment","11":"tag-entretenimiento","12":"tag-es","13":"tag-espana","14":"tag-festivales-teatro","15":"tag-spain","16":"tag-teatro"},"share_on_mastodon":{"url":"","error":""},"_links":{"self":[{"href":"https:\/\/www.europesays.com\/es\/wp-json\/wp\/v2\/posts\/25082","targetHints":{"allow":["GET"]}}],"collection":[{"href":"https:\/\/www.europesays.com\/es\/wp-json\/wp\/v2\/posts"}],"about":[{"href":"https:\/\/www.europesays.com\/es\/wp-json\/wp\/v2\/types\/post"}],"author":[{"embeddable":true,"href":"https:\/\/www.europesays.com\/es\/wp-json\/wp\/v2\/users\/2"}],"replies":[{"embeddable":true,"href":"https:\/\/www.europesays.com\/es\/wp-json\/wp\/v2\/comments?post=25082"}],"version-history":[{"count":0,"href":"https:\/\/www.europesays.com\/es\/wp-json\/wp\/v2\/posts\/25082\/revisions"}],"wp:featuredmedia":[{"embeddable":true,"href":"https:\/\/www.europesays.com\/es\/wp-json\/wp\/v2\/media\/25083"}],"wp:attachment":[{"href":"https:\/\/www.europesays.com\/es\/wp-json\/wp\/v2\/media?parent=25082"}],"wp:term":[{"taxonomy":"category","embeddable":true,"href":"https:\/\/www.europesays.com\/es\/wp-json\/wp\/v2\/categories?post=25082"},{"taxonomy":"post_tag","embeddable":true,"href":"https:\/\/www.europesays.com\/es\/wp-json\/wp\/v2\/tags?post=25082"}],"curies":[{"name":"wp","href":"https:\/\/api.w.org\/{rel}","templated":true}]}}