{"id":250824,"date":"2025-11-23T04:27:09","date_gmt":"2025-11-23T04:27:09","guid":{"rendered":"https:\/\/www.europesays.com\/es\/250824\/"},"modified":"2025-11-23T04:27:09","modified_gmt":"2025-11-23T04:27:09","slug":"asi-ha-sido-el-encendido-de-las-luces-de-navidad-de-madrid-20minutos","status":"publish","type":"post","link":"https:\/\/www.europesays.com\/es\/250824\/","title":{"rendered":"As\u00ed ha sido el encendido de las luces de Navidad de Madrid &#8211; 20Minutos"},"content":{"rendered":"<ol>\n<li><a href=\"https:\/\/news.google.com\/rss\/articles\/CBMiigFBVV95cUxOMjV0Nkk2QnduNWNlbWZLZWZOTGVkZTJHSDZTNktDbGFKZ0I3d0N1OWw5c1J4b2FlVGpkNW1jLWppenJkeWsxRHNmOHpzZkRPc2t4S2JXRm5UMHpwdkl3eXdNN1ZNMWNrZk16M01tVlk2QVFzemxPaFdJNHktYTVrV01ITGJxVTRJcnc?oc=5\" target=\"_blank\" rel=\"nofollow noopener\">As\u00ed ha sido el encendido de las luces de Navidad de Madrid<\/a>&nbsp;&nbsp;20Minutos<\/li>\n<li><a href=\"https:\/\/news.google.com\/rss\/articles\/CBMiekFVX3lxTE9PWWpTRm9jS05vMlROUGwxOGlVOEp0ZTlYbnZ2U1MtN3gwOWlOTXV4Z1VkY2FGUHJ4YlA2ellOaUx2a21hTE1KYWllRmZPUzVJd2xUU0ZwQ2xJR3BiTmRCTENDNE5uN29vM1BWaFFXWTlwbk9hUURYZUZn0gF6QVVfeXFMUEsySFI4MUw3aVZOUDdlR2xZTDUtVUNiMUNNN0hhZmlka1JiVE14Vlc3TUc3dlJ5WFR3UWhDVzJTVXQ0YnNQYUZLd1B2cEpmTWFQYUdMNFo2a2hES2hlLUpQT3Z1U3cwWG9UUEhkOVZEaFpoQkJkZURsb1E?oc=5\" target=\"_blank\" rel=\"nofollow noopener\">Y a las 20.19 horas, la Navidad ilumin\u00f3 Madrid: del \u00abestoy m\u00e1s tenso que en los campeonatos\u00bb de Carlos Sainz al \u00able contar\u00e9 a mis nietos que estuve aqu\u00ed\u00bb de Pablo L\u00f3pez<\/a>&nbsp;&nbsp;El Mundo<\/li>\n<li><a href=\"https:\/\/news.google.com\/rss\/articles\/CBMi6AFBVV95cUxQOUJueGY4aFVLYXVxUG1UbHAxcGM4RlY0elNoejlZRnJHRDdtYTk2T052dDdIVDB6OHlWeHhoM0daNnZ6TWNKNDZtLUwzOGd5VUtuU3hFUzZzdU1pRk91bmxRcHRzUEVVODBmOHpaNUtkMWFuLV85bzVzcjlORFBJZHJDclpBeTl2TG13bS11ZW1QOUcwbWtDTnV2ckNuM1hiN1ZHYjVwZVJiZ3BybmU3cFBOOTc5eHpHUm5nMjV1dERvSmZKX2ZwYjc2bk9yTGI3M3BhaGg4cEthMFVjWXVXR1hGSklwLUgx0gH8AUFVX3lxTFBqcVJkb1dhUk9GbWYyNDZOdThtVE1BMjBzWmNWLWxKamVya2pjVk5uZGJyc3JrZGd0dV9nQnZsd3YxXzZlMHlycXhXa3NtWndEbUdhbjhIeHhnT3hHOTRfbmRZWndEMm5ockU1YmZzczNQX0Q0U003ZTc2STlnUUVDdWoxSnFxNVl1QXQxdE5UZk50bDBiQ1N6ZGg2VmsyYzY4X3BsdkllR0ZSUDkyR0Ywbm1ac2x2QnZDajV4QWcycUJiZDhuZUFzNnowQ1YtZGJ5N1J4VjBYVHlaeWJ6WEJKa1V6WnFnVDhfS2RYMS1mVHIxNlhJbm1ZRTdISw?oc=5\" target=\"_blank\" rel=\"nofollow noopener\">\u00bfA qu\u00e9 hora se encienden las luces de Navidad en Madrid 2025? La fecha del encendido en Vigo, Barcelona, M\u00e1lag<\/a>&nbsp;&nbsp;Diario AS<\/li>\n<li><a href=\"https:\/\/news.google.com\/rss\/articles\/CBMi-AFBVV95cUxOa0ZsbTNlY2dWakRqUGs5VlB5QWZZc3N4b1ZPSmZVMUxCTlAtUFVyeEVMcWhIY0ZsSElwVHV3OUtxeENSRjVNemxVaEFvWnRrU0dHcDFYV0MwRVFQdmcwQWprS19yWXNRWmo3a3oxc2dNQ3ViQkVlcmRHeWVCWUhFMC1HMXk2RWZtbTBza2I0XzhTb1dnUVBmTEhnb1J5ajAweVRqNGtxdUwwWDdiaVlSV2EzbDhTTU9WWklkTHcwcFVqZ0hIWU81MURGWVpjLUVtajlLTGxtaV94WlZ4UzZ4dVNXSXVvTk9kbGdWNEVaNi1YMFZSWGtJSg?oc=5\" target=\"_blank\" rel=\"nofollow noopener\">A qu\u00e9 hora encienden las luces de Navidad de Madrid hoy y d\u00f3nde est\u00e1n las calles iluminadas, \u00e1rboles y belenes<\/a>&nbsp;&nbsp;ABC<\/li>\n<li><a href=\"https:\/\/news.google.com\/rss\/articles\/CBMi0wFBVV95cUxQcEJNY0V0VU5pU2wxMXRGSWxuSGhTVWZVLTBpeURzVEZxaUxKWHJXTzNvc28wb1RIOUVPZ1EyQlVaMTBFTGlMUzRTMWNtWjZyS2ZVOEFQWDhxbC01eWtRNXkxeWluamNDQmhER3BrbXNVaU1pTXkzYk5uNlhBTEhOTDlqRlQ5eUdPOUtBaktyY0pkcmltT3ZHUWV5Ukt6TENXaFVDcXNjQV8xVXpONGRfWU5reVFWR0JtbnpJemZtR2U4dTZuM28wWGREbzNENmhaUVJz?oc=5\" target=\"_blank\" rel=\"nofollow noopener\">Cierre total de Cibeles: cortes de tr\u00e1fico en Madrid por el encendido de luces de Navidad<\/a>&nbsp;&nbsp;EL PA\u00cdS<\/li>\n<\/ol>\n","protected":false},"excerpt":{"rendered":"As\u00ed ha sido el encendido de las luces de Navidad de Madrid&nbsp;&nbsp;20Minutos Y a las 20.19 horas, la&hellip;\n","protected":false},"author":2,"featured_media":250825,"comment_status":"","ping_status":"","sticky":false,"template":"","format":"standard","meta":{"footnotes":""},"categories":[5],"tags":[8722,17,18,63384,25,24,13,14,1080,11,4207,19,20,9,10,15,16,6746,23,12,21,22],"class_list":{"0":"post-250824","1":"post","2":"type-post","3":"status-publish","4":"format-standard","5":"has-post-thumbnail","7":"category-titulares","8":"tag-asi","9":"tag-breaking-news","10":"tag-breakingnews","11":"tag-encendido","12":"tag-es","13":"tag-espana","14":"tag-featured-news","15":"tag-featurednews","16":"tag-ha","17":"tag-headlines","18":"tag-las","19":"tag-latest-news","20":"tag-latestnews","21":"tag-news","22":"tag-noticias","23":"tag-noticias-destacadas","24":"tag-noticiasdestacadas","25":"tag-sido","26":"tag-spain","27":"tag-titulares","28":"tag-ultimas-noticias","29":"tag-ultimasnoticias"},"share_on_mastodon":{"url":"https:\/\/pubeurope.com\/@es\/115597124767424913","error":""},"_links":{"self":[{"href":"https:\/\/www.europesays.com\/es\/wp-json\/wp\/v2\/posts\/250824","targetHints":{"allow":["GET"]}}],"collection":[{"href":"https:\/\/www.europesays.com\/es\/wp-json\/wp\/v2\/posts"}],"about":[{"href":"https:\/\/www.europesays.com\/es\/wp-json\/wp\/v2\/types\/post"}],"author":[{"embeddable":true,"href":"https:\/\/www.europesays.com\/es\/wp-json\/wp\/v2\/users\/2"}],"replies":[{"embeddable":true,"href":"https:\/\/www.europesays.com\/es\/wp-json\/wp\/v2\/comments?post=250824"}],"version-history":[{"count":0,"href":"https:\/\/www.europesays.com\/es\/wp-json\/wp\/v2\/posts\/250824\/revisions"}],"wp:featuredmedia":[{"embeddable":true,"href":"https:\/\/www.europesays.com\/es\/wp-json\/wp\/v2\/media\/250825"}],"wp:attachment":[{"href":"https:\/\/www.europesays.com\/es\/wp-json\/wp\/v2\/media?parent=250824"}],"wp:term":[{"taxonomy":"category","embeddable":true,"href":"https:\/\/www.europesays.com\/es\/wp-json\/wp\/v2\/categories?post=250824"},{"taxonomy":"post_tag","embeddable":true,"href":"https:\/\/www.europesays.com\/es\/wp-json\/wp\/v2\/tags?post=250824"}],"curies":[{"name":"wp","href":"https:\/\/api.w.org\/{rel}","templated":true}]}}