{"id":250828,"date":"2025-11-23T04:36:17","date_gmt":"2025-11-23T04:36:17","guid":{"rendered":"https:\/\/www.europesays.com\/es\/250828\/"},"modified":"2025-11-23T04:36:17","modified_gmt":"2025-11-23T04:36:17","slug":"estos-jugadores-representan-los-valores-del-equipo-y-del-club","status":"publish","type":"post","link":"https:\/\/www.europesays.com\/es\/250828\/","title":{"rendered":"Estos jugadores representan los valores del equipo y del club"},"content":{"rendered":"<p class=\"paragraph\">Definitivamente, <a href=\"https:\/\/www.heraldo.es\/noticias\/deportes\/futbol\/real-zaragoza\/2025\/11\/22\/heroico-y-vital-triunfo-del-real-zaragoza-por-1-2-en-eibar-1872695.html\" title=\"Heroico y vital triunfo del Real Zaragoza por 1-2 en \u00c9ibar\" rel=\"nofollow noopener\" target=\"_blank\">Rub\u00e9n Sell\u00e9s le ha cambiado la cara al Real Zaragoz<\/a>a. El entrenador mostr\u00f3 tras el partido la satisfacci\u00f3n tanto por su trabajo como por el de sus jugadores, que bordar un ejercicio de supervivencia en Eibar. \u00abNo me esperaba este guion del partido, ha sido una locura, con el penalti, el gol, la segunda tarjeta&#8230; Luego hemos aguantado y competido, mis jugadores han dado todo, han demostrado c\u00f3mo quieren competir, estoy muy contento por ellos. <b>Estos jugadores representan todos los valores que tenemos como club, como equipo y como vestuario<\/b>. Tenemos un equipo que va a competir siempre hasta el final\u00bb, dijo orgulloso tras el encuentro.<\/p>\n<p class=\"paragraph\">\u00abCreo que el equipo ha sido competitivo en casi todos los partidos, ten\u00edamos que encontrar la forma de transformar esa competitividad en puntos. El guion del partido ha exigido lo m\u00e1ximo de todos, incluido el entrenador. Nos reafirma en que somos un equipo tan competitivo como cualquiera\u00bb, dijo Sell\u00e9s. <b>El entrenador del Real Zaragoza, no obstante, quiso lanzar un mensaje de prudencia en medio de la euforia por la victoria<\/b>: \u00abSeguimos en una posici\u00f3n muy complicada, con mucho por hacer\u00bb, advirti\u00f3.<\/p>\n<p class=\"paragraph\">El t\u00e9cnico valor\u00f3 que el triunfo es \u00abun refuerzo al grupo, a la unidad, a un grupo de chicos que quieren hacerlo bien de manera individual pero tambi\u00e9n como equipo. <b>Hay jugadores que han mostrado un nivel espectacular de entendimiento de partido, no es f\u00e1cil entender estas jugadas de \u00e1rea<\/b>. Los jugadores de banquillo interpretando bien las situaciones\u00bb, analiz\u00f3.<\/p>\n<p class=\"paragraph\">Eso s\u00ed, en la l\u00ednea de prudencia anterior, dijo que el equipo no ha hecho \u00abnada\u00bb y que \u00abhay que seguir trabajando\u00bb. \u00abNo estamos en disposici\u00f3n de lanzar las campanas al vuelo, hemos venido a competir pero esto es muy largo. <b>Ni hace dos semanas est\u00e1bamos muertos ni ahora tenemos que lanzar las campanas al vuelo<\/b>. Todo lo que sea rebajar la intensidad va a ponernos en una situaci\u00f3n que no queremos. Tenemos un trabajo arduo pero estamos un poco m\u00e1s cerca\u00bb, a\u00f1adi\u00f3.<\/p>\n<p class=\"paragraph\">Tambi\u00e9n quiso mandar un mensaje de agradecimiento a la afici\u00f3n: \u00abTanto en el modular la semana pasada como hoy, los 300 que han venido han disfrutado, la gente se ha enganchado. Hoy se les o\u00eda cuando nos hemos quedado con diez. Tenemos que hacerlo todos juntos. Si queremos seguir compitiendo, la afici\u00f3n y el equipo debemos ir juntos\u00bb, pidi\u00f3.<\/p>\n<p class=\"paragraph\">Sobre la actuaci\u00f3n del \u00e1rbitro, que expuls\u00f3 a Saidu pero no a Cubero (jugador del Eibar que hizo el penalti), Sell\u00e9s no quiso entrar: \u00abSin comentarios\u00bb, dijo, para a\u00f1adir que el Real Zaragoza lleva \u00abdos partidos con dos rojas\u00bb. <b>\u00abHay que corregirlo, no podemos dar tantas facilidades al rival<\/b>, no es admisible en un equipo profesional. Tenemos que solucionarlo como equipo. Somos responsables de esas situaciones, hay que cortarlo ya\u00bb.<\/p>\n<p class=\"paragraph\">Por \u00faltimo, desvel\u00f3 parte del trabajo realizado esta semana en la Ciudad Deportiva, y que pudo ser clave para la victoria: \u00abLa semana pasada estuvimos defendiendo en inferioridad 60 minutos con una l\u00ednea de cinco. Pod\u00eda pasar, pero pensaba que el equipo pod\u00eda ajustarse. Ten\u00edan las bases para poder hacerlo\u00bb. \u00abHemos mantenido la l\u00ednea fuera del \u00e1rea y sab\u00edamos que pod\u00edamos tener una oportunidad\u00bb.<\/p>\n","protected":false},"excerpt":{"rendered":"Definitivamente, Rub\u00e9n Sell\u00e9s le ha cambiado la cara al Real Zaragoza. El entrenador mostr\u00f3 tras el partido la&hellip;\n","protected":false},"author":2,"featured_media":250829,"comment_status":"","ping_status":"","sticky":false,"template":"","format":"standard","meta":{"footnotes":""},"categories":[268],"tags":[168,2226,25,24,280,282,2713,42331,281,23,167,113,491],"class_list":{"0":"post-250828","1":"post","2":"type-post","3":"status-publish","4":"format-standard","5":"has-post-thumbnail","7":"category-futbol","8":"tag-deportes","9":"tag-entrenador","10":"tag-es","11":"tag-espana","12":"tag-football","13":"tag-futbol","14":"tag-jugadores","15":"tag-representan","16":"tag-soccer","17":"tag-spain","18":"tag-sports","19":"tag-valores","20":"tag-zaragoza"},"share_on_mastodon":{"url":"https:\/\/pubeurope.com\/@es\/115597160324522810","error":""},"_links":{"self":[{"href":"https:\/\/www.europesays.com\/es\/wp-json\/wp\/v2\/posts\/250828","targetHints":{"allow":["GET"]}}],"collection":[{"href":"https:\/\/www.europesays.com\/es\/wp-json\/wp\/v2\/posts"}],"about":[{"href":"https:\/\/www.europesays.com\/es\/wp-json\/wp\/v2\/types\/post"}],"author":[{"embeddable":true,"href":"https:\/\/www.europesays.com\/es\/wp-json\/wp\/v2\/users\/2"}],"replies":[{"embeddable":true,"href":"https:\/\/www.europesays.com\/es\/wp-json\/wp\/v2\/comments?post=250828"}],"version-history":[{"count":0,"href":"https:\/\/www.europesays.com\/es\/wp-json\/wp\/v2\/posts\/250828\/revisions"}],"wp:featuredmedia":[{"embeddable":true,"href":"https:\/\/www.europesays.com\/es\/wp-json\/wp\/v2\/media\/250829"}],"wp:attachment":[{"href":"https:\/\/www.europesays.com\/es\/wp-json\/wp\/v2\/media?parent=250828"}],"wp:term":[{"taxonomy":"category","embeddable":true,"href":"https:\/\/www.europesays.com\/es\/wp-json\/wp\/v2\/categories?post=250828"},{"taxonomy":"post_tag","embeddable":true,"href":"https:\/\/www.europesays.com\/es\/wp-json\/wp\/v2\/tags?post=250828"}],"curies":[{"name":"wp","href":"https:\/\/api.w.org\/{rel}","templated":true}]}}