{"id":250834,"date":"2025-11-23T04:43:09","date_gmt":"2025-11-23T04:43:09","guid":{"rendered":"https:\/\/www.europesays.com\/es\/250834\/"},"modified":"2025-11-23T04:43:09","modified_gmt":"2025-11-23T04:43:09","slug":"florentino-perez-explica-a-los-socios-su-plan-de-vender-hasta-un-10-del-real-madrid-a-un-inversor-futbol-deportes","status":"publish","type":"post","link":"https:\/\/www.europesays.com\/es\/250834\/","title":{"rendered":"Florentino P\u00e9rez explica a los socios su plan de vender hasta un 10% del Real Madrid a un inversor | F\u00fatbol | Deportes"},"content":{"rendered":"<p class=\"\">La asamblea ordinaria de socios representantes del Real Madrid de este domingo a partir de las 9.00 ser\u00e1 en realidad muy poco ordinaria. El presidente, Florentino P\u00e9rez, tiene previsto proponer un cambio hist\u00f3rico para el club que consiste en permitir la entrada de un inversor que podr\u00eda comprar entre un 5% y un 10% de la entidad. <a href=\"https:\/\/elpais.com\/deportes\/futbol\/2025-11-16\/el-real-madrid-se-mantendra-como-club-despues-de-vender-hasta-un-10-a-un-inversor.html\" target=\"_self\" rel=\"nofollow noopener\" title=\"https:\/\/elpais.com\/deportes\/futbol\/2025-11-16\/el-real-madrid-se-mantendra-como-club-despues-de-vender-hasta-un-10-a-un-inversor.html\">La operaci\u00f3n, adelantada por EL PA\u00cdS<\/a>, no afectar\u00eda a la naturaleza del club, que se mantendr\u00eda como en sus 123 a\u00f1os de historia y conservar\u00eda sus \u00f3rganos y procedimientos de gobierno sin transformarse en sociedad an\u00f3nima deportiva.<\/p>\n<p class=\"\">El plan de P\u00e9rez, seg\u00fan fuentes conocedoras del borrador del plan, se realizar\u00eda a trav\u00e9s de la creaci\u00f3n de una nueva sociedad, similar a la constituida para explotar el negocio del estadio, en la que participan Sixth Street y Legends. El nuevo inversor controlar\u00eda a trav\u00e9s de este veh\u00edculo hasta un 10% del club sin que esto supusiera participaci\u00f3n en los procesos de decisi\u00f3n.<\/p>\n<p class=\"\">La venta de esta parte del Real Madrid funcionar\u00eda entre otras cosas como una especie de tasaci\u00f3n del club con dinero real. <a href=\"https:\/\/elpais.com\/deportes\/futbol\/2024-11-24\/florentino-perez-sobre-la-superliga-ha-llegado-el-momento-de-actuar.html\" target=\"_self\" rel=\"nofollow noopener\" title=\"https:\/\/elpais.com\/deportes\/futbol\/2024-11-24\/florentino-perez-sobre-la-superliga-ha-llegado-el-momento-de-actuar.html\">En la asamblea del a\u00f1o pasado P\u00e9rez estim\u00f3 que el Madrid val\u00eda m\u00e1s de 10.000 millones de euros<\/a>. Su estimaci\u00f3n quedar\u00eda validada si un inversor aportara 1.000 millones a cambio de un 10% del club a trav\u00e9s de esta nueva sociedad. <\/p>\n<p class=\"\">La f\u00f3rmula servir\u00eda tambi\u00e9n para poner precio a otra de las novedades de la propuesta que presentar\u00e1 este domingo el presidente blanco. Una de las razones que dio el a\u00f1o pasado P\u00e9rez para buscar una nueva estructura societaria fue que quer\u00eda proteger el patrimonio del club y repartirlo de manera efectiva entre sus socios. Su propuesta prev\u00e9 hacerlo a trav\u00e9s de participaciones, una por socio, que valdr\u00e1n una parte proporcional del total del club derivado de la cantidad aportada por el nuevo inversor y que podr\u00e1n venderse y comprarse entre socios, aunque nadie podr\u00e1 tener m\u00e1s de una. El club actuar\u00eda como intermediario de este mercado con un n\u00famero finito de participaciones, las que se adjudiquen en el primer reparto. El Madrid ten\u00eda al final de la temporada pasada 98.272 socios. Los nuevos, hijos o nietos de miembros, podr\u00edan comprar una participaci\u00f3n de otro dispuesto a venderla.<\/p>\n<p class=\"\">P\u00e9rez expondr\u00e1 este domingo las l\u00edneas generales de su propuesta, pero tanto los detalles completos como los primeros para que los socios decidan sobre ella tendr\u00e1n que darse en una asamblea ordinaria a\u00fan sin fecha. Esa reuni\u00f3n de representantes valorar\u00e1 la propuesta concreta y decidir\u00e1 si someterla a refer\u00e9ndum del conjunto de los miembros, algo a lo que se comprometi\u00f3 P\u00e9rez el a\u00f1o pasado. En esa asamblea extraordinaria se determinar\u00e1 tambi\u00e9n qu\u00e9 tipo de mayor\u00eda requiere la propuesta. Los estatutos piden \u201cmayor\u00eda absoluta de los socios con derecho a voto\u201d para casos de \u201ctransformaci\u00f3n, fusi\u00f3n o extinci\u00f3n\u201d. El \u00faltimo recuento oficial recoge 77.798 posibles votantes, lo que supone que requerir\u00eda 38.900 votos positivos. Sin embargo, el presidente no cree que su plan suponga una \u201ctransformaci\u00f3n\u201d al conservar la estructura del club, que mantendr\u00eda incluso el m\u00e9todo para elegir a su sucesor. Los estatutos no incluyen menci\u00f3n expresa a las condiciones de un refer\u00e9ndum para otros supuestos.<\/p>\n","protected":false},"excerpt":{"rendered":"La asamblea ordinaria de socios representantes del Real Madrid de este domingo a partir de las 9.00 ser\u00e1&hellip;\n","protected":false},"author":2,"featured_media":250835,"comment_status":"","ping_status":"","sticky":false,"template":"","format":"standard","meta":{"footnotes":""},"categories":[93],"tags":[1540,168,1539,25,24,15510,282,1538,3048,23,167],"class_list":{"0":"post-250834","1":"post","2":"type-post","3":"status-publish","4":"format-standard","5":"has-post-thumbnail","7":"category-deportes","8":"tag-competiciones","9":"tag-deportes","10":"tag-entrenadores","11":"tag-es","12":"tag-espana","13":"tag-florentino-perez","14":"tag-futbol","15":"tag-futbolistas","16":"tag-real-madrid","17":"tag-spain","18":"tag-sports"},"share_on_mastodon":{"url":"https:\/\/pubeurope.com\/@es\/115597187859232340","error":""},"_links":{"self":[{"href":"https:\/\/www.europesays.com\/es\/wp-json\/wp\/v2\/posts\/250834","targetHints":{"allow":["GET"]}}],"collection":[{"href":"https:\/\/www.europesays.com\/es\/wp-json\/wp\/v2\/posts"}],"about":[{"href":"https:\/\/www.europesays.com\/es\/wp-json\/wp\/v2\/types\/post"}],"author":[{"embeddable":true,"href":"https:\/\/www.europesays.com\/es\/wp-json\/wp\/v2\/users\/2"}],"replies":[{"embeddable":true,"href":"https:\/\/www.europesays.com\/es\/wp-json\/wp\/v2\/comments?post=250834"}],"version-history":[{"count":0,"href":"https:\/\/www.europesays.com\/es\/wp-json\/wp\/v2\/posts\/250834\/revisions"}],"wp:featuredmedia":[{"embeddable":true,"href":"https:\/\/www.europesays.com\/es\/wp-json\/wp\/v2\/media\/250835"}],"wp:attachment":[{"href":"https:\/\/www.europesays.com\/es\/wp-json\/wp\/v2\/media?parent=250834"}],"wp:term":[{"taxonomy":"category","embeddable":true,"href":"https:\/\/www.europesays.com\/es\/wp-json\/wp\/v2\/categories?post=250834"},{"taxonomy":"post_tag","embeddable":true,"href":"https:\/\/www.europesays.com\/es\/wp-json\/wp\/v2\/tags?post=250834"}],"curies":[{"name":"wp","href":"https:\/\/api.w.org\/{rel}","templated":true}]}}