{"id":250836,"date":"2025-11-23T04:44:11","date_gmt":"2025-11-23T04:44:11","guid":{"rendered":"https:\/\/www.europesays.com\/es\/250836\/"},"modified":"2025-11-23T04:44:11","modified_gmt":"2025-11-23T04:44:11","slug":"una-enfermedad-que-si-tiene-tratamiento","status":"publish","type":"post","link":"https:\/\/www.europesays.com\/es\/250836\/","title":{"rendered":"una enfermedad que s\u00ed tiene tratamiento"},"content":{"rendered":"<p>El\u00a0<a data-external=\"0\" data-intl-links-es=\"https:\/\/www.65ymas.com\/salud\/medicina-preventiva\/que-es-lipedema-por-que-es-mas-comun-mujeres_2582_102.html\" href=\"https:\/\/www.65ymas.com\/salud\/medicina-preventiva\/que-es-lipedema-por-que-es-mas-comun-mujeres_2582_102.html\" rel=\"follow nofollow noopener\" target=\"_self\" title=\"Qu\u00e9 es el lipedema y por qu\u00e9 es m\u00e1s com\u00fan en mujeres\">lipedema\u00a0<\/a>es una <strong>enfermedad cr\u00f3nica y progresiva<\/strong> que afecta casi exclusivamente a mujeres y se manifiesta principalmente en las piernas, aunque tambi\u00e9n puede presentarse en los brazos. Se caracteriza por una acumulaci\u00f3n anormal de grasa, dificultad en el retorno linf\u00e1tico y problemas vasculares que generan dolor, hinchaz\u00f3n y limitaciones en la movilidad.\u00a0<\/p>\n<p>\u201cEl\u00a0lipedema\u00a0tiene un componente hormonal muy amplio\u201d, explica el doctor <strong>Ricardo Ruiz de Erenchun<\/strong>, jefe del Servicio de Cirug\u00eda Pl\u00e1stica, Est\u00e9tica y Reparadora \u00a0del\u00a0Hospital Quir\u00f3nsalud Bizkaia\u00a0y vocal de Seguridad de la Sociedad Espa\u00f1ola de Cirug\u00eda Pl\u00e1stica, Reparadora y Est\u00e9tica (SECPRE).<\/p>\n<p>\u00a0<\/p>\n<p><img decoding=\"async\" loading=\"lazy\" alt=\"dr. ricardo ruiz de erenchun original\" data-id=\"2289125\" data-resize=\"6\" height=\"621\" src=\"https:\/\/www.europesays.com\/es\/wp-content\/uploads\/2025\/11\/dr-ricardo-ruiz-de-erenchun-original_6_928x621.jpeg\" title=\"dr. ricardo ruiz de erenchun original\" width=\"928\"\/>Dr. Ricardo Ruiz de Erenchun<\/p>\n<p>\u00a0<\/p>\n<p>En muchos casos, <strong>el\u00a0lipedema\u00a0pasa desapercibido o se confunde con la obesidad<\/strong>. Sin embargo, m\u00e1s all\u00e1 del aspecto est\u00e9tico, esta patolog\u00eda puede causar \u201cdolor, incomodidad e impotencia funcional\u201d, advierte el especialista.\u00a0Durante\u00a0<a data-external=\"0\" data-intl-links-es=\"https:\/\/www.65ymas.com\/salud\/avances\/descubren-mas-140-biomarcadores-podrian-anticipar-menopausia_75892_102.html\" href=\"https:\/\/www.65ymas.com\/salud\/avances\/descubren-mas-140-biomarcadores-podrian-anticipar-menopausia_75892_102.html\" rel=\"follow nofollow noopener\" target=\"_self\" title=\"Descubren m\u00e1s de 140 biomarcadores que podr\u00edan anticipar la menopausia\">la menopausia<\/a>, debido a los cambios hormonales y la disminuci\u00f3n de estr\u00f3genos, los s\u00edntomas pueden intensificarse.<\/p>\n<p>Antes de plantear cualquier tratamiento,<strong> es\u00a0fundamental un diagn\u00f3stico certero<\/strong>. Las medidas preventivas incluyen\u00a0h\u00e1bitos posturales y de estilo de vida saludables, como elevar las piernas, mantener una alimentaci\u00f3n equilibrada, practicar ejercicio regular y utilizar <a data-external=\"0\" data-intl-links-es=\"https:\/\/www.65ymas.com\/salud\/5-beneficios-medias-compresion_25035_102.html\" href=\"https:\/\/www.65ymas.com\/salud\/5-beneficios-medias-compresion_25035_102.html\" rel=\"follow nofollow noopener\" target=\"_self\" title=\"Cinco beneficios de las medias de compresi\u00f3n\">medias de compresi\u00f3n<\/a>, que favorecen el retorno linf\u00e1tico y vascular.\u00a0\u201cTodo lo que contribuya a perder peso y mejorar la circulaci\u00f3n ayuda notablemente\u201d, a\u00f1ade el doctor.<\/p>\n<p>\u00a0<\/p>\n<p><img decoding=\"async\" loading=\"lazy\" alt=\"lipedema   stock original\" data-id=\"2289137\" data-resize=\"6\" height=\"621\" src=\"https:\/\/www.europesays.com\/es\/wp-content\/uploads\/2025\/11\/lipedema-stock-original_6_928x621.jpeg\" title=\"lipedema   stock original\" width=\"928\"\/><\/p>\n<p>\u00a0<\/p>\n<p>Cuando el tratamiento conservador no resulta suficiente, la\u00a0opci\u00f3n quir\u00fargica mediante liposucci\u00f3n se presenta como una alternativa eficaz y reparadora.<strong>\u00a0\u201cNo se trata de una cirug\u00eda est\u00e9tica, sino puramente curativa\u201d<\/strong>, aclara <strong>Ruiz de Erenchun<\/strong>. \u201cLa lipoaspiraci\u00f3n permite eliminar el exceso de grasa, mejorar el retorno linf\u00e1tico y vascular, y aliviar el dolor, logrando que las pacientes recuperen funcionalidad y bienestar\u201d.<\/p>\n<p>La intervenci\u00f3n suele realizarse con anestesia epidural y tiene una duraci\u00f3n aproximada de una a dos horas. \u201cLas pacientes pueden regresar a casa esa misma noche o al d\u00eda siguiente, y\u00a0los resultados funcionales son muy satisfactorios\u201d, se\u00f1ala el especialista.<\/p>\n<p>El\u00a0seguimiento m\u00e9dico posterior es esencial\u00a0para mantener la mejor\u00eda y prevenir complicaciones<strong>. \u201cAcompa\u00f1amos a las pacientes durante todo un a\u00f1o para garantizar que evolucionan correctamente y se mantienen estables en peso\u201d<\/strong>, explica Ruiz de Erenchun, quien recomienda acudir siempre a centros con equipos especializados.<\/p>\n<p>\u201cEl mensaje m\u00e1s importante es que no se dejen enga\u00f1ar y busquen\u00a0siempre profesionales cualificados. <strong>El\u00a0lipedema\u00a0tiene tratamiento y abordarlo en manos expertas mejora la calidad de vida de las pacientes\u201d<\/strong>, concluye el doctor Ruiz de Erenchun.\u00a0<\/p>\n","protected":false},"excerpt":{"rendered":"El\u00a0lipedema\u00a0es una enfermedad cr\u00f3nica y progresiva que afecta casi exclusivamente a mujeres y se manifiesta principalmente en las&hellip;\n","protected":false},"author":2,"featured_media":250837,"comment_status":"","ping_status":"","sticky":false,"template":"","format":"standard","meta":{"footnotes":""},"categories":[92],"tags":[25,24,165,166,23],"class_list":{"0":"post-250836","1":"post","2":"type-post","3":"status-publish","4":"format-standard","5":"has-post-thumbnail","7":"category-salud","8":"tag-es","9":"tag-espana","10":"tag-health","11":"tag-salud","12":"tag-spain"},"share_on_mastodon":{"url":"https:\/\/pubeurope.com\/@es\/115597192647555282","error":""},"_links":{"self":[{"href":"https:\/\/www.europesays.com\/es\/wp-json\/wp\/v2\/posts\/250836","targetHints":{"allow":["GET"]}}],"collection":[{"href":"https:\/\/www.europesays.com\/es\/wp-json\/wp\/v2\/posts"}],"about":[{"href":"https:\/\/www.europesays.com\/es\/wp-json\/wp\/v2\/types\/post"}],"author":[{"embeddable":true,"href":"https:\/\/www.europesays.com\/es\/wp-json\/wp\/v2\/users\/2"}],"replies":[{"embeddable":true,"href":"https:\/\/www.europesays.com\/es\/wp-json\/wp\/v2\/comments?post=250836"}],"version-history":[{"count":0,"href":"https:\/\/www.europesays.com\/es\/wp-json\/wp\/v2\/posts\/250836\/revisions"}],"wp:featuredmedia":[{"embeddable":true,"href":"https:\/\/www.europesays.com\/es\/wp-json\/wp\/v2\/media\/250837"}],"wp:attachment":[{"href":"https:\/\/www.europesays.com\/es\/wp-json\/wp\/v2\/media?parent=250836"}],"wp:term":[{"taxonomy":"category","embeddable":true,"href":"https:\/\/www.europesays.com\/es\/wp-json\/wp\/v2\/categories?post=250836"},{"taxonomy":"post_tag","embeddable":true,"href":"https:\/\/www.europesays.com\/es\/wp-json\/wp\/v2\/tags?post=250836"}],"curies":[{"name":"wp","href":"https:\/\/api.w.org\/{rel}","templated":true}]}}