{"id":250838,"date":"2025-11-23T04:45:21","date_gmt":"2025-11-23T04:45:21","guid":{"rendered":"https:\/\/www.europesays.com\/es\/250838\/"},"modified":"2025-11-23T04:45:21","modified_gmt":"2025-11-23T04:45:21","slug":"que-fue-de-ximo-rovira-el-presentador-del-programa-en-el-que-lequio-confeso-que-habia-pegado-bofetones-a-mujeres","status":"publish","type":"post","link":"https:\/\/www.europesays.com\/es\/250838\/","title":{"rendered":"Qu\u00e9 fue de Ximo Rovira, el presentador del programa en el que Lequio confes\u00f3 que hab\u00eda pegado \u00abbofetones\u00bb a mujeres"},"content":{"rendered":"<p class=\"paragraph\" id=\"paragraph_1\"><a href=\"https:\/\/www.elespanol.com\/bluper\/20251120\/alessandro-lequio-antonio-david-flores-telecinco-endurece-postura-violencia-machista\/1003744021990_0.html?utm_cmp_rs=linksinline\" rel=\"nofollow noopener\" target=\"_blank\"><strong>Alessandro Lequio<\/strong><\/a> (65 a\u00f1os) se ha convertido en el protagonista indiscutible de la semana. Este pasado mi\u00e9rcoles, 19 de noviembre, el colaborador de televisi\u00f3n era fulminantemente despedido de Mediaset Espa\u00f1a tras cerca de <strong>tres d\u00e9cadas en programas de la cadena<\/strong>.<\/p>\n<p class=\"paragraph\" id=\"paragraph_2\">El motivo de esta decisi\u00f3n ten\u00eda su fundamento en el testimonio que su exmujer, <a href=\"https:\/\/www.elespanol.com\/corazon\/famosos\/20250907\/antonia-dellatte-rota-funeral-giorgio-armani-encantaba-ironia-perdido-padre-protegio\/1003743914956_0.html?utm_cmp_rs=linksinline\" rel=\"nofollow noopener\" target=\"_blank\"><strong>Antonia Dell&#8217;Atte<\/strong><\/a> (65), comparti\u00f3 unas semanas atr\u00e1s. La italiana, cabe recordar, expuso p\u00fablicamente la situaci\u00f3n de <strong>\u00abmalos tratos\u00bb<\/strong> que vivi\u00f3 con Lequio cuando manten\u00edan una relaci\u00f3n sentimental.<\/p>\n<p class=\"paragraph\" id=\"paragraph_3\">El arist\u00f3crata, por su parte, interpuso contra ella una querella por calumnias en enero de 2004. El auto emitido por el juzgado n\u00famero 35 de Madrid, que data de julio de ese a\u00f1o, se\u00f1ala que la defensa legal de <strong>exceptio veritatis<\/strong> era suficiente para desestimar la denuncia de Lequio.<\/p>\n<p><img loading=\"lazy\" decoding=\"async\" alt=\"Kike Supermix fue uno de los presentadores de 'La quinta marcha', en Telecinco, a principios de los 90.\" height=\"180\" src=\"https:\/\/www.europesays.com\/es\/wp-content\/uploads\/2025\/11\/1003744002828_259791509_320x180.jpg\" width=\"320\" data-lazy-status=\"processed\" data-lazy-info=\"remove loading item 1\"\/><\/p>\n<p><img decoding=\"async\" alt=\"Antonia Dell'Atte y Alessandro Lequio en una imagen de archivo.\" data-imgm=\"true\" height=\"180\" loading=\"lazy\"  src=\"https:\/\/www.europesays.com\/es\/wp-content\/uploads\/2025\/11\/1003744024349_260077409_1024x576.jpg\"  width=\"320\"\/><\/p>\n<p>                                                            Antonia Dell&#8217;Atte y Alessandro Lequio en una imagen de archivo.<\/p>\n<p>                    Gtres<\/p>\n<p class=\"paragraph\" id=\"paragraph_4\">No es asunto balad\u00ed matizar que este documento no es una sentencia condenatoria por malos tratos.<\/p>\n<p class=\"paragraph\" id=\"paragraph_5\">La demoledora entrevista que Antonia concedi\u00f3 a El Pa\u00eds unas semanas atr\u00e1s ha sido el detonante del despido del arist\u00f3crata. La italiana no s\u00f3lo se apoya en lo que vivi\u00f3 de puertas para adentro con Lequio. Hace un tiempo, hizo p\u00fablicas <strong>cartas manuscritas que \u00e9ste le enviaba a modo disculpa<\/strong>.<\/p>\n<p class=\"paragraph\" id=\"paragraph_6\"><strong>\u00abMis reacciones tienen que interpretarse como reacciones de una persona locamente enamorada que quiere que nada ni nadie estropee nuestro mundo o nuestra vida\u00bb<\/strong>, reza una de las misivas que Alessandro entreg\u00f3 a la madre de su primog\u00e9nito, Clemente.<\/p>\n<blockquote class=\"twitter-tweet\">\n<p dir=\"ltr\" lang=\"es\">Cuesta creer c\u00f3mo socialmente Alessandro Lequio estaba aceptado cuando desde hace a\u00f1os se enorgullec\u00eda de \u2018tirar bofetones a las mujeres\u2019 <a href=\"https:\/\/t.co\/GHxtCj01z6\" rel=\"nofollow\">pic.twitter.com\/GHxtCj01z6<\/a><\/p>\n<p>\u2014 Berto Molina (@BertoMolina) <a href=\"https:\/\/twitter.com\/BertoMolina\/status\/1991271805726957639?ref_src=twsrc%5Etfw\" rel=\"nofollow noopener\" target=\"_blank\">November 19, 2025<\/a><\/p><\/blockquote>\n<p class=\"paragraph\" id=\"paragraph_7\">El exmarido de <a href=\"https:\/\/www.elespanol.com\/corazon\/famosos\/20250822\/ana-obregon-ultimo-verano-manantial-casa-mallorca-adios-anos-posados-lujo-legado-familiar\/1003743894149_0.html?utm_cmp_rs=linksinline\" rel=\"nofollow noopener\" target=\"_blank\"><strong>Ana Obreg\u00f3n<\/strong><\/a> (70) utiliz\u00f3 su buen hacer con las palabras varias d\u00e9cadas atr\u00e1s para disculparse v\u00eda carta con Dell&#8217;Atte. En esta misma l\u00ednea, hubo una entrevista a finales de los 90 que lo cambi\u00f3 todo.<\/p>\n<p class=\"paragraph\" id=\"paragraph_8\">Corr\u00eda el a\u00f1o 1999 cuando el televisivo se sent\u00f3 en el reconocido programa <strong>T\u00f3mbola <\/strong>-que por aquel entonces se emit\u00eda en Canal Nou-. Frente a los millones de espectadores que cosechaba por aquella \u00e9poca el formato de la extinguida cadena, reconoci\u00f3 <strong>una de las declaraciones m\u00e1s impactantes de su vida<\/strong>.<\/p>\n<p class=\"paragraph\" id=\"paragraph_9\"><strong>\u00abYo he tirado bofetones a las mujeres\u00bb<\/strong>, confes\u00f3 Alessandro Lequio ante la pregunta del malogrado Jes\u00fas Mari\u00f1as. El espacio, no obstante, no estaba conducido por el que fuese uno de los periodistas m\u00e1s \u00e1cidos de la televisi\u00f3n.<\/p>\n<p><img decoding=\"async\" alt=\"Ximo Rovira, en una imagen de archivo.\" data-imgm=\"true\" height=\"180\" loading=\"lazy\"  src=\"https:\/\/www.europesays.com\/es\/wp-content\/uploads\/2025\/11\/692441230_226211307_1024x576.jpg\"  width=\"320\"\/><\/p>\n<p>                                                            Ximo Rovira, en una imagen de archivo.<\/p>\n<p class=\"paragraph\" id=\"paragraph_10\">Los mandos de T\u00f3mbola los ten\u00eda <strong>Ximo Rovira<\/strong>, quien lleg\u00f3 a posicionarse como uno de los presentadores estrella de la \u00e9poca. Pero, \u00bfqu\u00e9 ha sido del conductor del formato televisivo que marc\u00f3 un antes y un despu\u00e9s en el mundo de la cr\u00f3nica social?<\/p>\n<p class=\"paragraph\" id=\"paragraph_11\">Tras la cancelaci\u00f3n del programa que tantas alegr\u00edas le hab\u00eda dado, Rovira prob\u00f3 suerte en la televisi\u00f3n nacional. As\u00ed, dio el salto a Antena 3, donde present\u00f3, entre otros, <strong>Impacto total <\/strong>o <strong>En Antena Splash<\/strong>. Entre 2007 y 2009, adem\u00e1s, sustituy\u00f3 a <strong>Jaime Cantizano<\/strong> (52) en <strong>\u00bfD\u00f3nde est\u00e1s coraz\u00f3n?<\/strong><\/p>\n<p class=\"paragraph\" id=\"paragraph_12\">El paso del tiempo, sin embargo, llev\u00f3 a Ximo a ver reducidas sus participaciones en cadenas nacionales. Al final, como dice el refr\u00e1n, <strong>uno siempre vuelve a donde fue feliz<\/strong>.<\/p>\n<p class=\"paragraph\" id=\"paragraph_13\">Rovira, en esta l\u00ednea, acab\u00f3 regresando a las <strong>auton\u00f3micas<\/strong>. Aunque ha mantenido su rol de comunicador y periodista, lo cierto es que su pista se ha ido perdiendo poco a poco para el p\u00fablico general.<\/p>\n<p class=\"paragraph\" id=\"paragraph_14\">Tras haber estado al frente de programas radiof\u00f3nicos como <strong>Bon Mat\u00ed<\/strong>, Valencia Abierta o Valencia Directe, el afamado conductor y presentador se centr\u00f3 en Som de casa, un magac\u00edn de las tardes de la cadena auton\u00f3mica<strong> \u00c0 Punt<\/strong>.<\/p>\n<p class=\"paragraph\" id=\"paragraph_15\">El pasado mes de mayo, Ximo Rovira confirm\u00f3 ser una de las apuestas de la cadena valencia. Junto a \u00c1lex Blanquer, se puso al frente de Bona vesprada Comunitat Valenciana, una ventana de actualidad, <strong>servicio p\u00fablico, entretenimiento, historias humanas, fiestas y sociedad<\/strong>.<\/p>\n<p class=\"paragraph\" id=\"paragraph_16\">Seg\u00fan recoge su sitio web oficial, el formato apuesta por la informaci\u00f3n de proximidad, los testimonios m\u00e1s directos y la participaci\u00f3n de los espectadores, con la colaboraci\u00f3n de los mejores periodistas y expertos de la <strong>Comunidad Valenciana<\/strong>.<\/p>\n<p class=\"paragraph\" id=\"paragraph_17\"><strong>\u00abEstoy haciendo un poco el recorrido de Ana Rosa, pero al rev\u00e9s\u00bb<\/strong>, confes\u00f3 Ximo en declaraciones para <strong><a href=\"https:\/\/www.elespanol.com\/alicante\/?utm_cmp_rs=linksinline\" target=\"_blank\" rel=\"nofollow noopener\">EL ESPA\u00d1OL de Alicante<\/a><\/strong> medio a\u00f1o atr\u00e1s.<\/p>\n<p><img decoding=\"async\" alt=\"El presentador Ximo Rovira, en el plat\u00f3 de 'Bona vesprada Comunitat Valenciana'.\" data-imgm=\"true\" height=\"180\" loading=\"lazy\"  src=\"https:\/\/www.europesays.com\/es\/wp-content\/uploads\/2025\/11\/1003743738550_255230912_1024x576.jpg\"  width=\"320\"\/><\/p>\n<p>                                                            El presentador Ximo Rovira, en el plat\u00f3 de &#8216;Bona vesprada Comunitat Valenciana&#8217;.<\/p>\n<p class=\"paragraph\" id=\"paragraph_18\">Al margen de sus proyectos en televisi\u00f3n, el pasado mes de diciembre, Rovira tuvo la oportunidad de presentar las Campanadas de la cadena auton\u00f3mica en la que trabaja a d\u00eda de hoy. De hecho, <strong>este es el \u00faltimo post que figura en su discreto perfil de Instagram<\/strong>.<\/p>\n<p class=\"paragraph\" id=\"paragraph_19\">Poco m\u00e1s de 2.500 personas siguen la cuenta social de Rovira, que lleva sin actualizarse <strong>cerca de un a\u00f1o ya<\/strong>. En su biograf\u00eda \u00fanicamente figura su proyecto profesional actual.<\/p>\n<p class=\"paragraph\" id=\"paragraph_20\">Buena parte de sus publicaciones en Instagram est\u00e1n dedicadas al \u00e1mbito laboral. De hecho, <strong>la discreci\u00f3n ha sido llevada por bandera<\/strong> con respecto a su faceta m\u00e1s \u00edntima.<\/p>\n<p class=\"paragraph\" id=\"paragraph_21\">No suele compartir detalles de su d\u00eda a d\u00eda y es de lo m\u00e1s herm\u00e9tico con su vida privada, aunque conocido es que <strong>est\u00e1 divorciado y tiene dos hijos<\/strong>.<\/p>\n<p class=\"paragraph\" id=\"paragraph_22\"><strong>\u00abEl mayor est\u00e1 haciendo un doctorado en Estocolmo y el peque\u00f1o reside en Valencia, donde estudia Ingenier\u00eda inform\u00e1tica\u00bb<\/strong>, confes\u00f3 en una entrevista para Diez Minutos en 2018.<\/p>\n<p>                                    <script async src=\"https:\/\/platform.twitter.com\/widgets.js\" charset=\"utf-8\"><\/script><\/p>\n","protected":false},"excerpt":{"rendered":"Alessandro Lequio (65 a\u00f1os) se ha convertido en el protagonista indiscutible de la semana. Este pasado mi\u00e9rcoles, 19&hellip;\n","protected":false},"author":2,"featured_media":250839,"comment_status":"","ping_status":"","sticky":false,"template":"","format":"standard","meta":{"footnotes":""},"categories":[91],"tags":[15908,146,147,25,24,256,55326,23,807],"class_list":{"0":"post-250838","1":"post","2":"type-post","3":"status-publish","4":"format-standard","5":"has-post-thumbnail","7":"category-entretenimiento","8":"tag-alessandro-lequio","9":"tag-entertainment","10":"tag-entretenimiento","11":"tag-es","12":"tag-espana","13":"tag-famosos","14":"tag-que-fue-de","15":"tag-spain","16":"tag-television"},"share_on_mastodon":{"url":"https:\/\/pubeurope.com\/@es\/115597195996827496","error":""},"_links":{"self":[{"href":"https:\/\/www.europesays.com\/es\/wp-json\/wp\/v2\/posts\/250838","targetHints":{"allow":["GET"]}}],"collection":[{"href":"https:\/\/www.europesays.com\/es\/wp-json\/wp\/v2\/posts"}],"about":[{"href":"https:\/\/www.europesays.com\/es\/wp-json\/wp\/v2\/types\/post"}],"author":[{"embeddable":true,"href":"https:\/\/www.europesays.com\/es\/wp-json\/wp\/v2\/users\/2"}],"replies":[{"embeddable":true,"href":"https:\/\/www.europesays.com\/es\/wp-json\/wp\/v2\/comments?post=250838"}],"version-history":[{"count":0,"href":"https:\/\/www.europesays.com\/es\/wp-json\/wp\/v2\/posts\/250838\/revisions"}],"wp:featuredmedia":[{"embeddable":true,"href":"https:\/\/www.europesays.com\/es\/wp-json\/wp\/v2\/media\/250839"}],"wp:attachment":[{"href":"https:\/\/www.europesays.com\/es\/wp-json\/wp\/v2\/media?parent=250838"}],"wp:term":[{"taxonomy":"category","embeddable":true,"href":"https:\/\/www.europesays.com\/es\/wp-json\/wp\/v2\/categories?post=250838"},{"taxonomy":"post_tag","embeddable":true,"href":"https:\/\/www.europesays.com\/es\/wp-json\/wp\/v2\/tags?post=250838"}],"curies":[{"name":"wp","href":"https:\/\/api.w.org\/{rel}","templated":true}]}}