{"id":250842,"date":"2025-11-23T04:50:51","date_gmt":"2025-11-23T04:50:51","guid":{"rendered":"https:\/\/www.europesays.com\/es\/250842\/"},"modified":"2025-11-23T04:50:51","modified_gmt":"2025-11-23T04:50:51","slug":"barca-con-el-objetivo-de-volver-al-camino-de-la-victoria","status":"publish","type":"post","link":"https:\/\/www.europesays.com\/es\/250842\/","title":{"rendered":"Bar\u00e7a: Con el objetivo de volver al camino de la victoria"},"content":{"rendered":"<p>El Bar\u00e7a de F\u00fatbol Sala afronta este s\u00e1bado la 11\u00aa jornada de Liga ante el Pe\u00f1\u00edscola en el Pabell\u00f3n Juan Vizcarro (19:30 horas, Esport3 y Teledeporte). Los azulgranas llegan al partido con el objetivo de reencontrarse con la victoria tras dos jornadas sin conseguirla: el empate frente al C\u00f3rdoba (2-2) y la primera derrota de la temporada en el Palau (2-3) contra Manzanares. Actualmente, los cul\u00e9s son terceros con 20 puntos, a uno del Jimbee Cartagena \u2014segundo clasificado\u2014 y a ocho del l\u00edder, ElPozo Murcia, aunque ambos rivales cuentan con un partido m\u00e1s.<\/p>\n<p>El conjunto dirigido por Javi Rodr\u00edguez ha completado una semana intensa, marcada por el desplazamiento a C\u00e1diz para disputar los dieciseisavos de final de la Copa del Rey. All\u00ed, el Bar\u00e7a ofreci\u00f3 una buena versi\u00f3n para imponerse con autoridad (1-4) y sellar la clasificaci\u00f3n para los octavos en un partido especial para la ciudad gaditana.<\/p>\n<p>El Pe\u00f1\u00edscola, por su parte, llega al duelo inmerso en un inicio de temporada complicado en cuanto a resultados. El equipo castellonense es 14\u00ba en la clasificaci\u00f3n con 9 puntos, despu\u00e9s de tres victorias y siete derrotas en las diez jornadas disputadas.<\/p>\n<p>Declaraciones previas<\/p>\n<p>\u00abLa clasificaci\u00f3n no est\u00e1 haciendo justicia a todo lo que est\u00e1 haciendo Pe\u00f1\u00edscola esta temporada. Es un rival para tener muy en cuenta\u00bb. Son las declaraciones del t\u00e9cnico, Javi Rodr\u00edguez, en los medios del Club en la previa del duelo.<\/p>\n<p>La convocatoria<\/p>\n<p>Para este partido, el t\u00e9cnico ha convocado a los 12 jugadores disponibles: Matheus, Joao Victor, Antonio, Pol Pacheco, Adolfo, Pito, Tour\u00e9, Martel, Fits, D\u00eddac Plana, Gauna y Miquel Feixas.<\/p>\n<p>Catela y Sergio Gonz\u00e1lez contin\u00faan con sus procesos de recuperaci\u00f3n.<\/p>\n<p>\u00a0<\/p>\n","protected":false},"excerpt":{"rendered":"El Bar\u00e7a de F\u00fatbol Sala afronta este s\u00e1bado la 11\u00aa jornada de Liga ante el Pe\u00f1\u00edscola en el&hellip;\n","protected":false},"author":2,"featured_media":250843,"comment_status":"","ping_status":"","sticky":false,"template":"","format":"standard","meta":{"footnotes":""},"categories":[5],"tags":[17,18,25,24,13,14,11,19,20,9,10,15,16,23,2288,12,21,22],"class_list":{"0":"post-250842","1":"post","2":"type-post","3":"status-publish","4":"format-standard","5":"has-post-thumbnail","7":"category-titulares","8":"tag-breaking-news","9":"tag-breakingnews","10":"tag-es","11":"tag-espana","12":"tag-featured-news","13":"tag-featurednews","14":"tag-headlines","15":"tag-latest-news","16":"tag-latestnews","17":"tag-news","18":"tag-noticias","19":"tag-noticias-destacadas","20":"tag-noticiasdestacadas","21":"tag-spain","22":"tag-text","23":"tag-titulares","24":"tag-ultimas-noticias","25":"tag-ultimasnoticias"},"share_on_mastodon":{"url":"https:\/\/pubeurope.com\/@es\/115597219116221346","error":""},"_links":{"self":[{"href":"https:\/\/www.europesays.com\/es\/wp-json\/wp\/v2\/posts\/250842","targetHints":{"allow":["GET"]}}],"collection":[{"href":"https:\/\/www.europesays.com\/es\/wp-json\/wp\/v2\/posts"}],"about":[{"href":"https:\/\/www.europesays.com\/es\/wp-json\/wp\/v2\/types\/post"}],"author":[{"embeddable":true,"href":"https:\/\/www.europesays.com\/es\/wp-json\/wp\/v2\/users\/2"}],"replies":[{"embeddable":true,"href":"https:\/\/www.europesays.com\/es\/wp-json\/wp\/v2\/comments?post=250842"}],"version-history":[{"count":0,"href":"https:\/\/www.europesays.com\/es\/wp-json\/wp\/v2\/posts\/250842\/revisions"}],"wp:featuredmedia":[{"embeddable":true,"href":"https:\/\/www.europesays.com\/es\/wp-json\/wp\/v2\/media\/250843"}],"wp:attachment":[{"href":"https:\/\/www.europesays.com\/es\/wp-json\/wp\/v2\/media?parent=250842"}],"wp:term":[{"taxonomy":"category","embeddable":true,"href":"https:\/\/www.europesays.com\/es\/wp-json\/wp\/v2\/categories?post=250842"},{"taxonomy":"post_tag","embeddable":true,"href":"https:\/\/www.europesays.com\/es\/wp-json\/wp\/v2\/tags?post=250842"}],"curies":[{"name":"wp","href":"https:\/\/api.w.org\/{rel}","templated":true}]}}