{"id":250846,"date":"2025-11-23T04:59:11","date_gmt":"2025-11-23T04:59:11","guid":{"rendered":"https:\/\/www.europesays.com\/es\/250846\/"},"modified":"2025-11-23T04:59:11","modified_gmt":"2025-11-23T04:59:11","slug":"peris-se-erige-como-el-estandarte-de-un-cb-zamora-que-firma-un-ultimo-cuarto-de-pelicula-para-doblegar-a-cartagena","status":"publish","type":"post","link":"https:\/\/www.europesays.com\/es\/250846\/","title":{"rendered":"Peris se erige como el estandarte de un CB Zamora que firma un \u00faltimo cuarto de pel\u00edcula para doblegar a Cartagena"},"content":{"rendered":"<p class=\"paragraph-atom &#10;        A-500-300-700-N A-550-300-700-N--md  \"><strong>Llegaba al \u00c1ngel Nieto este s\u00e1bado un viejo conocido del CB Zamora como es el CB Cartagena<\/strong>, un rival que siempre ha dado quebraderos de cabeza, pero tambi\u00e9n buenos recuerdos en el feudo zamorano. <strong>La afici\u00f3n cartagenera, tambi\u00e9n consciente de la magnitud de la cita, cumpli\u00f3 y realiz\u00f3 un generoso desplazamiento, dada la distancia a recorrer.<\/strong> La hinchada zamorana, fiel a su cita, llen\u00f3 el pabell\u00f3n e hizo de \u00e9l una caldera desde los primeros compases del encuentro.<\/p>\n<p class=\"paragraph-atom &#10;        A-500-300-700-N A-550-300-700-N--md  \">Un encuentro que, como era de esperar,<strong> comenz\u00f3 con la igualdad como t\u00f3nica dominante.<\/strong> Ning\u00fan equipo lograba despegarse en el marcador, con los locales encomendados a un <strong>Peris que carg\u00f3 con la mayor parte del potencial anotador del equipo<\/strong> durante gran parte del encuentro. Una de las grandes armas a esgrimir por el combinado visitante, <strong>Jordan Davis, apenas tuvo peso en el juego de su equipo<\/strong> y, finalmente, el marcador al t\u00e9rmino del primer cuarto ser\u00eda de 23-19.<\/p>\n<p class=\"paragraph-atom &#10;        A-500-300-700-N A-550-300-700-N--md  \">Durante el segundo cuarto, el CB Zamora no lograba despegarse en el marcador,<strong> pese a los intentos de Colby Rogers<\/strong> de penetrar en la defensa rival, logrando anotar en varias ocasiones. No obstante, el rebote tanto ofensivo, como defensivo, segu\u00eda siendo una de las asignaturas pendientes para los pupilos de Saulo Hern\u00e1ndez. El segundo cuarto finalziaba de la mejor manera posible para los intereses del combinado local, pues ser\u00eda el propio <strong>Colby Rogers quien pondr\u00eda la guinda a la primera mitad del encuentro con un triple que mandaba el partido al descanso con su equipo en ventaja de 7 puntos, 45-38.<\/strong><\/p>\n<p class=\"paragraph-atom &#10;        A-500-300-700-N A-550-300-700-N--md  \">Comenzaba la segunda mitad con una alegr\u00eda similar a como termin\u00f3 la primera, si bien con otro protagonista. En esta ocasi\u00f3n fue<strong> Omar Lo quien machacar\u00eda el aro<\/strong> para poner la ventaja ya en 9 puntos, aunque <strong>una falta personal de Jonas Paukste permitir\u00eda Svejcar desvanecer esos dos tantos y colocar la diferencia de nuevo en siete<\/strong>.<\/p>\n<p class=\"paragraph-atom &#10;        A-500-300-700-N A-550-300-700-N--md  \">Durante el tercer cuarto el encuentro se apret\u00f3 al m\u00e1ximo. <strong>El problema de los rebotes se hizo mucho m\u00e1s plausible<\/strong> y el combinado visitante estaba aprovech\u00e1ndolo al m\u00e1ximo. Tanto es as\u00ed, que <strong>el combinado dirigido por F\u00e9lix Alonso lleg\u00f3 a ponerse por delante con algo m\u00e1s de un minuto y medio por delante para finalizar el tercer cuarto<\/strong>.<\/p>\n<p class=\"paragraph-atom &#10;        A-500-300-700-N A-550-300-700-N--md  \">Llegaba la hora de la verdad en el \u00c1ngel Nieto. Diez minutos por delante y apenas siete puntos de diferencia entre <strong>dos conjuntos que, ahora s\u00ed, luchaban sobre el alambre y sin red<\/strong> por una victoria que puede antojarse clave para los intereses de uno y otro equipo. El ambiente en en feudo zamorano era inmejorable, con dos equipos que estaban dejando todo sobre el campo y dos aficiones que se respetaban al m\u00e1ximo. Tanto es as\u00ed,<strong> que desde la hinchada zamorana se realiz\u00f3 una ola que fue secundada por los aficionados visitantes, dejando una bella estampa de respeto y deportividad.<\/strong><\/p>\n<p class=\"paragraph-atom &#10;        A-500-300-700-N A-550-300-700-N--md  \">Sobre la tarima, la situaci\u00f3n comenzaba a tornarse m\u00e1s favorable a los intereses locales, pues casi en el ecuador del \u00faltimo cuarto, la ventaja de los de Saulo Hern\u00e1ndez era ya de 11 tantos, 75-64. Un <strong>Peris estelar anotaba tres puntos m\u00e1s para llegar a los 20 con un triple que levant\u00f3 a todo el pabell\u00f3n y le hizo sentir la victoria m\u00e1s cerca que nunca. <\/strong>El CB Zamora estaba pasando por encima de su rival en el \u00faltimo tramo de partido y la conexi\u00f3n entre hinchada y equipo era total. Finalmente, el marcador reflejar\u00eda un contundente 90-70, y dejar\u00eda una local que supo incluso a algo m\u00e1s en el \u00c1ngel Nieto.<\/p>\n","protected":false},"excerpt":{"rendered":"Llegaba al \u00c1ngel Nieto este s\u00e1bado un viejo conocido del CB Zamora como es el CB Cartagena, un&hellip;\n","protected":false},"author":2,"featured_media":250847,"comment_status":"","ping_status":"","sticky":false,"template":"","format":"standard","meta":{"footnotes":""},"categories":[269],"tags":[299,298,2609,168,63551,25,24,1363,28402,23,167,2946],"class_list":{"0":"post-250846","1":"post","2":"type-post","3":"status-publish","4":"format-standard","5":"has-post-thumbnail","7":"category-baloncesto","8":"tag-baloncesto","9":"tag-basketball","10":"tag-cb","11":"tag-deportes","12":"tag-erige","13":"tag-es","14":"tag-espana","15":"tag-estandarte","16":"tag-peris","17":"tag-spain","18":"tag-sports","19":"tag-zamora"},"share_on_mastodon":{"url":"https:\/\/pubeurope.com\/@es\/115597250972405444","error":""},"_links":{"self":[{"href":"https:\/\/www.europesays.com\/es\/wp-json\/wp\/v2\/posts\/250846","targetHints":{"allow":["GET"]}}],"collection":[{"href":"https:\/\/www.europesays.com\/es\/wp-json\/wp\/v2\/posts"}],"about":[{"href":"https:\/\/www.europesays.com\/es\/wp-json\/wp\/v2\/types\/post"}],"author":[{"embeddable":true,"href":"https:\/\/www.europesays.com\/es\/wp-json\/wp\/v2\/users\/2"}],"replies":[{"embeddable":true,"href":"https:\/\/www.europesays.com\/es\/wp-json\/wp\/v2\/comments?post=250846"}],"version-history":[{"count":0,"href":"https:\/\/www.europesays.com\/es\/wp-json\/wp\/v2\/posts\/250846\/revisions"}],"wp:featuredmedia":[{"embeddable":true,"href":"https:\/\/www.europesays.com\/es\/wp-json\/wp\/v2\/media\/250847"}],"wp:attachment":[{"href":"https:\/\/www.europesays.com\/es\/wp-json\/wp\/v2\/media?parent=250846"}],"wp:term":[{"taxonomy":"category","embeddable":true,"href":"https:\/\/www.europesays.com\/es\/wp-json\/wp\/v2\/categories?post=250846"},{"taxonomy":"post_tag","embeddable":true,"href":"https:\/\/www.europesays.com\/es\/wp-json\/wp\/v2\/tags?post=250846"}],"curies":[{"name":"wp","href":"https:\/\/api.w.org\/{rel}","templated":true}]}}