{"id":250848,"date":"2025-11-23T05:00:11","date_gmt":"2025-11-23T05:00:11","guid":{"rendered":"https:\/\/www.europesays.com\/es\/250848\/"},"modified":"2025-11-23T05:00:11","modified_gmt":"2025-11-23T05:00:11","slug":"el-gran-gesto-de-los-jugadores-del-real-zaragoza-con-su-aficion","status":"publish","type":"post","link":"https:\/\/www.europesays.com\/es\/250848\/","title":{"rendered":"El gran gesto de los jugadores del Real Zaragoza con su afici\u00f3n"},"content":{"rendered":"<p>Est\u00e1<strong> sufriendo y mucho el <a href=\"https:\/\/www.sportaragon.com\/real-zaragoza\/\" rel=\"nofollow noopener\" target=\"_blank\">Real Zaragoza<\/a> esta temporada<\/strong>, pero su afici\u00f3n todav\u00eda m\u00e1s. Lejos de abandonar a su equipo, la hinchada zaragocista se moviliza en cada desplazamiento e Ipur\u00faa no fue para menos. El conjunto ma\u00f1o estuvo arropado por cientos de seguidores que no se quisieron perder la <strong><a href=\"https:\/\/www.sportaragon.com\/articulo\/real-zaragoza\/cronica\/20251122203812142058.html\" rel=\"nofollow noopener\" target=\"_blank\">segunda victoria consecutiva<\/a><\/strong>.\u00a0<\/p>\n<p>Tras un partido en el que pas\u00f3 de todo en el terreno de juego y se sufri\u00f3 en exceso, los jugadores del Real Zaragoza quisieron tener un <strong>detalle con todos los desplazados<\/strong> y acabado el encuentro, posaron junto a los aficionados para festejar el triunfo.<\/p>\n<p>Ya lo hab\u00edan hecho minutos antes, cuando <strong>Toni Moya anot\u00f3 el segundo gol del Real Zaragoza<\/strong>. El Real Zaragoza lo consigui\u00f3 tras\u00a0resistir y sufrir de lo lindo desde el minuto. 25, cuando Saidu vio la expulsi\u00f3n y el conjunto aragon\u00e9s ya iba por detr\u00e1s en el marcador. La afici\u00f3n no dej\u00f3 solo al equipo y le acompa\u00f1\u00f3 con c\u00e1nticos durante todo el encuentro.<\/p>\n<p>El equipo tuvo un doble agradecimiento. <strong>Celebr\u00f3 el gol en el c\u00f3rner donde estaba la afici\u00f3n desplazada<\/strong>. Con rabia y mucha felicidad, los jugadores suplentes y gran parte del cuerpo t\u00e9cnico dejaron vac\u00edo el banquillo para correr y festejar junto al fondo ocupado por la afici\u00f3n zaragocista.<\/p>\n<blockquote class=\"twitter-tweet\">\n<p lang=\"es\" dir=\"ltr\">Nuestra locura. Nuestra pasi\u00f3n<\/p>\n<p>Te quiero, Real Zaragoza<a href=\"https:\/\/twitter.com\/hashtag\/LALIGAHighlights?src=hash&amp;ref_src=twsrc%5Etfw\" rel=\"nofollow noopener\" target=\"_blank\">#LALIGAHighlights<\/a> <a href=\"https:\/\/t.co\/yuktB7IuUW\" rel=\"nofollow\">pic.twitter.com\/yuktB7IuUW<\/a><\/p>\n<p>\u2014 Real Zaragoza (@RealZaragoza) <a href=\"https:\/\/twitter.com\/RealZaragoza\/status\/1992317172337758588?ref_src=twsrc%5Etfw\" rel=\"nofollow noopener\" target=\"_blank\">November 22, 2025<\/a><\/p><\/blockquote>\n<p>La reacci\u00f3n del equipo ya es una realidad y ahora, <strong>esta foto de jugadores y afici\u00f3n unidos se intentar\u00e1 repetir en el Ibercaja Estadio<\/strong>, d\u00f3nde el conjunto ma\u00f1o consigui\u00f3 la pasada semana su primera victoria, ante la SD Huesca en el derbi aragon\u00e9s. El descenso sigue siendo una amenaza muy real, pero la permanencia, a falta de que termine la jornada, ya est\u00e1 a tan s\u00f3lo 3 puntos.\u00a0<\/p>\n<p>                        <script async src=\"https:\/\/platform.twitter.com\/widgets.js\" charset=\"utf-8\"><\/script><\/p>\n","protected":false},"excerpt":{"rendered":"Est\u00e1 sufriendo y mucho el Real Zaragoza esta temporada, pero su afici\u00f3n todav\u00eda m\u00e1s. Lejos de abandonar a&hellip;\n","protected":false},"author":2,"featured_media":250849,"comment_status":"","ping_status":"","sticky":false,"template":"","format":"standard","meta":{"footnotes":""},"categories":[268],"tags":[63552,168,25,24,280,282,799,8678,281,23,167],"class_list":{"0":"post-250848","1":"post","2":"type-post","3":"status-publish","4":"format-standard","5":"has-post-thumbnail","7":"category-futbol","8":"tag-aficion-real-zaragoza","9":"tag-deportes","10":"tag-es","11":"tag-espana","12":"tag-football","13":"tag-futbol","14":"tag-real-zaragoza","15":"tag-sd-eibar","16":"tag-soccer","17":"tag-spain","18":"tag-sports"},"share_on_mastodon":{"url":"https:\/\/pubeurope.com\/@es\/115597254663069356","error":""},"_links":{"self":[{"href":"https:\/\/www.europesays.com\/es\/wp-json\/wp\/v2\/posts\/250848","targetHints":{"allow":["GET"]}}],"collection":[{"href":"https:\/\/www.europesays.com\/es\/wp-json\/wp\/v2\/posts"}],"about":[{"href":"https:\/\/www.europesays.com\/es\/wp-json\/wp\/v2\/types\/post"}],"author":[{"embeddable":true,"href":"https:\/\/www.europesays.com\/es\/wp-json\/wp\/v2\/users\/2"}],"replies":[{"embeddable":true,"href":"https:\/\/www.europesays.com\/es\/wp-json\/wp\/v2\/comments?post=250848"}],"version-history":[{"count":0,"href":"https:\/\/www.europesays.com\/es\/wp-json\/wp\/v2\/posts\/250848\/revisions"}],"wp:featuredmedia":[{"embeddable":true,"href":"https:\/\/www.europesays.com\/es\/wp-json\/wp\/v2\/media\/250849"}],"wp:attachment":[{"href":"https:\/\/www.europesays.com\/es\/wp-json\/wp\/v2\/media?parent=250848"}],"wp:term":[{"taxonomy":"category","embeddable":true,"href":"https:\/\/www.europesays.com\/es\/wp-json\/wp\/v2\/categories?post=250848"},{"taxonomy":"post_tag","embeddable":true,"href":"https:\/\/www.europesays.com\/es\/wp-json\/wp\/v2\/tags?post=250848"}],"curies":[{"name":"wp","href":"https:\/\/api.w.org\/{rel}","templated":true}]}}