{"id":250854,"date":"2025-11-23T05:08:09","date_gmt":"2025-11-23T05:08:09","guid":{"rendered":"https:\/\/www.europesays.com\/es\/250854\/"},"modified":"2025-11-23T05:08:09","modified_gmt":"2025-11-23T05:08:09","slug":"el-elche-multiplica-su-valor-de-marca-gracias-a-su-capacidad-para-atraer-eventos-de-interes-mundial-elche-cf","status":"publish","type":"post","link":"https:\/\/www.europesays.com\/es\/250854\/","title":{"rendered":"El Elche multiplica su valor de marca gracias a su capacidad para atraer eventos de inter\u00e9s mundial | Elche CF"},"content":{"rendered":"<p class=\"MsoNormal\">El <strong>Elche CF <\/strong>ha experimentado durante las \u00faltimas semanas el mayor impulso de visibilidad de su historia reciente. La concatenaci\u00f3n de acontecimientos con <a href=\"https:\/\/www.elchecf.es\/noticias\/argentina-llena-de-ilusion-el-martinez-valero-de-elche-en-una-visita-historica-con-messi-como-gran-atractivo\" rel=\"nofollow noopener\" target=\"_blank\">la reciente visita<\/a> de la\u00a0<strong>Selecci\u00f3n Argentina<\/strong>, con su capit\u00e1n <strong>Lionel Messi <\/strong>como gran atractivo; el <a href=\"https:\/\/www.elchecf.es\/noticias\/previa-or-un-elche-cf-sin-complejos-recibe-al-real-madrid\" rel=\"nofollow noopener\" target=\"_blank\">encuentro de este domingo<\/a> frente al <strong>Real Madrid<\/strong>, en el estadio Mart\u00ednez Valero; o el partido internacional entre\u00a0<strong>Espa\u00f1a y Georgia<\/strong> celebrado en octubre\u00a0han situado tanto al club como al nombre de su ciudad en un espacio informativo de alcance global.<\/p>\n<p class=\"MsoNormal\"><strong>Christian Bragarnik<\/strong>, propietario del <strong>Elche CF<\/strong>, reconoci\u00f3 con motivo del entrenamiento de la selecci\u00f3n argentina que traer a Messi fue \u201c<strong>una casualidad\u201d<\/strong>, pero que sirvi\u00f3 para demostrar que\u00a0<strong>\u201cel Mart\u00ednez Valero est\u00e1 a la altura de los grandes eventos\u00bb<\/strong>, despu\u00e9s de haber sido capaz organizar el evento en menos de una semana, con <strong>m\u00e1s de 20.000 espectadores en las gradas<\/strong> y con el impacto que dej\u00f3 su imagen con <strong>el astro argentino y la camiseta del Elche CF<\/strong>, el dise\u00f1o del \u201810\u2019 en el feudo franjiverde o la imagen de amistad y complicidad entre el jugador y el que fuera su segundo en el FC Barcelona, <strong>Eder Sarabia.<\/strong><\/p>\n<p class=\"MsoNormal\">Los datos confirman la magnitud del momento. Entre el 1 de octubre y el 17 de noviembre de 2024, seg\u00fan el informe facilitado por LaLiga, se registraron <strong>462 noticias<\/strong> relacionadas con el Elche CF. En el mismo periodo de 2025, la cifra asciende a <strong>1713<\/strong>, lo que supone <strong>multiplicar por cuatro<\/strong> la presencia en los medios. Este crecimiento refleja un inter\u00e9s que combina contexto deportivo, oportunidad comunicativa y un trabajo activo del Club para a\u00f1adir valor de marca en un momento de alta exposici\u00f3n.<\/p>\n<p class=\"MsoNormal\"><strong>Impacto en medios de m\u00e1s de 20 pa\u00edses<\/strong><\/p>\n<p class=\"MsoNormal\">La dimensi\u00f3n internacional del impacto es igualmente significativa. Las noticias sobre el Elche CF se han publicado en\u00a0<strong>m\u00e1s de 20 pa\u00edses<\/strong>, con especial presencia en mercados deportivos estrat\u00e9gicos. El alcance potencial global estimado por Meltwater supera los <strong>2,5 millones de impactos<\/strong>. En Espa\u00f1a la cifra acumulada se multiplica gracias al seguimiento diario, sin excepci\u00f3n, en los principales medios de comunicaci\u00f3n del pa\u00eds, as\u00ed como su alto impacto en las redes sociales.<\/p>\n<p class=\"MsoNormal\">El desglose por pa\u00edses evidencia la amplitud de la difusi\u00f3n en ese mismo periodo de tiempo, sin tener en cuenta noticias relacionadas con resultados, clasificados o LaLiga Fantasy: <strong>Espa\u00f1a (271 noticias)<\/strong>, <strong>Argentina (51)<\/strong>, <strong>Estados Unidos (36)<\/strong>, <strong>M\u00e9xico (21)<\/strong>, <strong>Alemania (17)<\/strong>, <strong>India (13)<\/strong>, <strong>Brasil (12)<\/strong>, <strong>Indonesia (11)<\/strong>, <strong>Kenia (11)<\/strong>, <strong>Francia (10)<\/strong>, <strong>Czechia (8)<\/strong>, <strong>Austria (7)<\/strong>, <strong>Canad\u00e1 (5)<\/strong>, <strong>Colombia (5)<\/strong>, <strong>Reino Unido (5)<\/strong> y distintas geograf\u00edas como Hong Kong, Per\u00fa, Uruguay, Italia, Nigeria o Arabia Saud\u00ed, entre otras.<\/p>\n<p class=\"MsoNormal\"><strong>Las redes sociales viralizan la camiseta de Messi con el Elche CF<\/strong><\/p>\n<p class=\"MsoNormal\">La <strong>visita de Lionel Messi a Elche<\/strong> durante el entrenamiento con la selecci\u00f3n argentina gener\u00f3 un impacto extraordinario en las redes del club: la foto del &#8217;10&#8217; con la camiseta del Elche, junto al propietario Christian Bragarnik, super\u00f3 los 5,5 millones de <a href=\"https:\/\/x.com\/elchecf\/status\/1988945410220847377?s=20\" rel=\"nofollow\">visualizaciones en Twitter<\/a> y 815.000 interacciones, 3,5 millones en <a href=\"https:\/\/www.instagram.com\/p\/DQ_yI47jMiI\/?utm_source=ig_web_copy_link&amp;igsh=MzRlODBiNWFlZA==\" rel=\"nofollow noopener\" target=\"_blank\">Instagram<\/a> y 4,8 millones en <strong>Facebook<\/strong>, mientras que en <a href=\"https:\/\/vm.tiktok.com\/ZNR1pJrHq\/\" rel=\"nofollow noopener\" target=\"_blank\">TikTok<\/a> el contenido relacionado super\u00f3 los 10 millones de visualizaciones. Un retorno incalculable para sus patrocinadores.<\/p>\n<p>La presencia de Argentina en Elche, con Messi como eje informativo, actu\u00f3 como catalizador de una exposici\u00f3n que el Club ha aprovechado para transformar en valor a las puertas de su <strong>enfrentamiento ante el Real Madrid<\/strong>. El refuerzo de la narrativa institucional, la proyecci\u00f3n deportiva y la relevancia del pr\u00f3ximo partido ante el actual <strong>campe\u00f3n de LaLiga<\/strong> consolidan un escaparate que eleva la marca del Elche CF y con ella la imagen de la ciudad, de su provincia y de la Comunitat Valenciana en un entorno global altamente competitivo. Un Elche que vive <a href=\"https:\/\/www.elchecf.es\/noticias\/exito-en-la-premiere-de-corazon-franjiverde-el-documental-que-revive-el-ascenso-del-elche-cf-a-primera-division\" rel=\"nofollow noopener\" target=\"_blank\">un momento de cine<\/a>.<\/p>\n<p><script async src=\"\/\/www.instagram.com\/embed.js\"><\/script><script async src=\"\/\/www.tiktok.com\/embed.js\"><\/script><\/p>\n","protected":false},"excerpt":{"rendered":"El Elche CF ha experimentado durante las \u00faltimas semanas el mayor impulso de visibilidad de su historia reciente.&hellip;\n","protected":false},"author":2,"featured_media":250855,"comment_status":"","ping_status":"","sticky":false,"template":"","format":"standard","meta":{"footnotes":""},"categories":[93],"tags":[168,25,24,23,167],"class_list":{"0":"post-250854","1":"post","2":"type-post","3":"status-publish","4":"format-standard","5":"has-post-thumbnail","7":"category-deportes","8":"tag-deportes","9":"tag-es","10":"tag-espana","11":"tag-spain","12":"tag-sports"},"share_on_mastodon":{"url":"https:\/\/pubeurope.com\/@es\/115597286206029122","error":""},"_links":{"self":[{"href":"https:\/\/www.europesays.com\/es\/wp-json\/wp\/v2\/posts\/250854","targetHints":{"allow":["GET"]}}],"collection":[{"href":"https:\/\/www.europesays.com\/es\/wp-json\/wp\/v2\/posts"}],"about":[{"href":"https:\/\/www.europesays.com\/es\/wp-json\/wp\/v2\/types\/post"}],"author":[{"embeddable":true,"href":"https:\/\/www.europesays.com\/es\/wp-json\/wp\/v2\/users\/2"}],"replies":[{"embeddable":true,"href":"https:\/\/www.europesays.com\/es\/wp-json\/wp\/v2\/comments?post=250854"}],"version-history":[{"count":0,"href":"https:\/\/www.europesays.com\/es\/wp-json\/wp\/v2\/posts\/250854\/revisions"}],"wp:featuredmedia":[{"embeddable":true,"href":"https:\/\/www.europesays.com\/es\/wp-json\/wp\/v2\/media\/250855"}],"wp:attachment":[{"href":"https:\/\/www.europesays.com\/es\/wp-json\/wp\/v2\/media?parent=250854"}],"wp:term":[{"taxonomy":"category","embeddable":true,"href":"https:\/\/www.europesays.com\/es\/wp-json\/wp\/v2\/categories?post=250854"},{"taxonomy":"post_tag","embeddable":true,"href":"https:\/\/www.europesays.com\/es\/wp-json\/wp\/v2\/tags?post=250854"}],"curies":[{"name":"wp","href":"https:\/\/api.w.org\/{rel}","templated":true}]}}