{"id":250856,"date":"2025-11-23T05:09:13","date_gmt":"2025-11-23T05:09:13","guid":{"rendered":"https:\/\/www.europesays.com\/es\/250856\/"},"modified":"2025-11-23T05:09:13","modified_gmt":"2025-11-23T05:09:13","slug":"nuevas-terapias-y-un-decalogo-urgente-abren-una-via-de-esperanza-contra-el-cancer-de-pancreas","status":"publish","type":"post","link":"https:\/\/www.europesays.com\/es\/250856\/","title":{"rendered":"Nuevas terapias y un dec\u00e1logo urgente abren una v\u00eda de esperanza contra el c\u00e1ncer de p\u00e1ncreas"},"content":{"rendered":"<p>El <b><a title=\"c\u00e1ncer de p\u00e1ncreas\" href=\"https:\/\/www.antena3.com\/noticias\/salud\/estudio-experimental-grupo-investigadoras-aragonesas-logra-frenar-metastasis-cancer-pancreas_20250710686fe790525aa26f9a4713a6.html\" target=\"_blank\" rel=\"nofollow noopener\">c\u00e1ncer de p\u00e1ncreas<\/a><\/b> contin\u00faa siendo uno de los tumores con peor pron\u00f3stico, pese a que no se encuentra entre los m\u00e1s frecuentes. En Europa se diagnostican <b>78.000 casos anuales<\/b> y, solo en Espa\u00f1a, la SEOM estima 10.338 nuevos diagn\u00f3sticos en 2025. Su impacto queda reflejado en las <b>cifras de supervivencia<\/b>: 7,2 % en hombres y 10 % en mujeres a los cinco a\u00f1os, con 8.140 muertes anuales seg\u00fan Redecan. Estados Unidos prev\u00e9 m\u00e1s de 67.000 nuevos casos este a\u00f1o.<\/p>\n<p>Incidencia creciente en menores de 50 a\u00f1os<\/p>\n<p>Aunque tradicionalmente se presenta a edades avanzadas, <b>la mediana est\u00e1 en 72 a\u00f1os<\/b>, la onc\u00f3loga <b>Teresa Macarulla<\/b> advierte de un aumento claro en pacientes j\u00f3venes. Las causas a\u00fan se desconocen y ya existen l\u00edneas de investigaci\u00f3n espec\u00edficas para esclarecerlo.<\/p>\n<p>Factores de riesgo y s\u00edntomas que llegan tarde<\/p>\n<p>La enfermedad tiende a <b>diseminarse incluso en fases muy tempranas<\/b>, lo que dificulta su detecci\u00f3n. No existen factores de riesgo tan definidos como en otros tumores, aunque el tabaco, el alcohol, la pancreatitis y la diabetes prolongada aumentan las probabilidades.<\/p>\n<p>Los <b>s\u00edntomas<\/b> suelen aparecer tarde: ictericia, dolor persistente en la boca del est\u00f3mago irradiado a la espalda o una diabetes de inicio s\u00fabito en personas j\u00f3venes.<\/p>\n<p>Limitado arsenal terap\u00e9utico<\/p>\n<p>En la actualidad, el tratamiento se basa casi exclusivamente en la <b>quimioterapia<\/b>, antes o despu\u00e9s de la cirug\u00eda, o en pacientes con met\u00e1stasis. Sin embargo, Macarulla destaca un <b>horizonte m\u00e1s optimista<\/b>: los ensayos cl\u00ednicos de inhibidores del gen KRAS, alterado en el 90 % de los casos. <b>Estas terapias<\/b>, que bloquean el crecimiento tumoral de una forma distinta a la quimioterapia, <b>podr\u00edan llegar a Espa\u00f1a el pr\u00f3ximo a\u00f1o<\/b>.<\/p>\n<p>Un dec\u00e1logo para transformar el abordaje en Espa\u00f1a<\/p>\n<p>Coincidiendo con el <b>D\u00eda Mundial del C\u00e1ncer de P\u00e1ncreas<\/b>, celebrado el tercer jueves de noviembre de cada a\u00f1o, ACANPAN, junto a AESPANC y AEG y con el aval de numerosas sociedades cient\u00edficas, ha difundido un Dec\u00e1logo que pide <b>medidas urgentes<\/b> para mejorar el diagn\u00f3stico, el tratamiento y la calidad de vida de los pacientes.<\/p>\n<p>Investigaci\u00f3n y acceso equitativo<\/p>\n<p>El documento reclama <b>considerar la investigaci\u00f3n como prioridad nacional<\/b>: el tumor recibe menos del 2 % de los fondos oncol\u00f3gicos pese a ser una de las principales causas de muerte. Tambi\u00e9n exige un Plan Nacional de Investigaci\u00f3n, una red estatal de investigadores, un biobanco espec\u00edfico y una base de datos p\u00fablica que facilite el intercambio de conocimiento.<\/p>\n<p>Otra petici\u00f3n clave es garantizar un <b>acceso igualitario a los ensayos cl\u00ednicos<\/b> y a todos los <b>f\u00e1rmacos innovadores<\/b> aprobados en otros pa\u00edses.<\/p>\n<p>Detecci\u00f3n precoz y atenci\u00f3n integral<\/p>\n<p>El 80 % de los diagn\u00f3sticos llegan tarde. El dec\u00e1logo propone un <b>programa nacional de formaci\u00f3n<\/b> para atenci\u00f3n primaria, circuitos asistenciales multidisciplinares y un refuerzo del seguimiento de personas con riesgo gen\u00e9tico o familiar.<\/p>\n<p>Apoyo a pacientes y familias<\/p>\n<p>La comunicaci\u00f3n clara, el acompa\u00f1amiento emocional y la ayuda a cuidadores son tambi\u00e9n <b>prioridades<\/b>. Adem\u00e1s, se reclama impulsar campa\u00f1as nacionales de sensibilizaci\u00f3n para mejorar el conocimiento social de la enfermedad.<\/p>\n<p>Una movilizaci\u00f3n nacional y global<\/p>\n<p>Las <b>iniciativas de noviembre<\/b> incluyen la Carrera de las Ciudades, la celebraci\u00f3n de los 10 a\u00f1os de la Beca Carmen Delgado &#8211; Miguel P\u00e9rez-Mateo, que ha financiado 18 proyectos con 1,2 millones de euros, y la iluminaci\u00f3n en morado de edificios emblem\u00e1ticos en todo el mundo como parte de la campa\u00f1a de la WPCC.<\/p>\n<p>Todas estas acciones comparten <b>un objetivo<\/b>: construir un futuro en el que el c\u00e1ncer de p\u00e1ncreas deje de ser sin\u00f3nimo de muerte temprana y pase a ser una enfermedad con m\u00e1s vida y mejor calidad para quienes la padecen.<\/p>\n<p>S\u00edguenos en nuestro <a title=\"canal de WhatsApp\" href=\"https:\/\/www.whatsapp.com\/channel\/0029Va6BhYH2phHPnlatwW3b\" target=\"_blank\" rel=\"nofollow noopener\"><strong>canal de WhatsApp<\/strong><\/a> y no te pierdas la \u00faltima hora y toda la actualidad en nuestro <a title=\"perfil de Google\" href=\"https:\/\/profile.google.com\/cp\/CgovbS8wMngwNnFy\" target=\"_blank\" rel=\"nofollow noopener\"><strong>perfil de Google<\/strong><\/a><strong>.<\/strong><\/p>\n<p>   <img decoding=\"async\" title=\"Radiograf\u00eda de c\u00e1ncer de pulm\u00f3n \" alt=\"Radiograf\u00eda de c\u00e1ncer de pulm\u00f3n \" width=\"480\" height=\"270\" src=\"https:\/\/www.europesays.com\/es\/wp-content\/uploads\/2025\/11\/radiografia-cancer-pulmon_70.jpg\" loading=\"lazy\" class=\"lazy\"\/><\/p>\n","protected":false},"excerpt":{"rendered":"El c\u00e1ncer de p\u00e1ncreas contin\u00faa siendo uno de los tumores con peor pron\u00f3stico, pese a que no se&hellip;\n","protected":false},"author":2,"featured_media":250857,"comment_status":"","ping_status":"","sticky":false,"template":"","format":"standard","meta":{"footnotes":""},"categories":[92],"tags":[25,24,165,166,23],"class_list":{"0":"post-250856","1":"post","2":"type-post","3":"status-publish","4":"format-standard","5":"has-post-thumbnail","7":"category-salud","8":"tag-es","9":"tag-espana","10":"tag-health","11":"tag-salud","12":"tag-spain"},"share_on_mastodon":{"url":"https:\/\/pubeurope.com\/@es\/115597290297563818","error":""},"_links":{"self":[{"href":"https:\/\/www.europesays.com\/es\/wp-json\/wp\/v2\/posts\/250856","targetHints":{"allow":["GET"]}}],"collection":[{"href":"https:\/\/www.europesays.com\/es\/wp-json\/wp\/v2\/posts"}],"about":[{"href":"https:\/\/www.europesays.com\/es\/wp-json\/wp\/v2\/types\/post"}],"author":[{"embeddable":true,"href":"https:\/\/www.europesays.com\/es\/wp-json\/wp\/v2\/users\/2"}],"replies":[{"embeddable":true,"href":"https:\/\/www.europesays.com\/es\/wp-json\/wp\/v2\/comments?post=250856"}],"version-history":[{"count":0,"href":"https:\/\/www.europesays.com\/es\/wp-json\/wp\/v2\/posts\/250856\/revisions"}],"wp:featuredmedia":[{"embeddable":true,"href":"https:\/\/www.europesays.com\/es\/wp-json\/wp\/v2\/media\/250857"}],"wp:attachment":[{"href":"https:\/\/www.europesays.com\/es\/wp-json\/wp\/v2\/media?parent=250856"}],"wp:term":[{"taxonomy":"category","embeddable":true,"href":"https:\/\/www.europesays.com\/es\/wp-json\/wp\/v2\/categories?post=250856"},{"taxonomy":"post_tag","embeddable":true,"href":"https:\/\/www.europesays.com\/es\/wp-json\/wp\/v2\/tags?post=250856"}],"curies":[{"name":"wp","href":"https:\/\/api.w.org\/{rel}","templated":true}]}}