{"id":250862,"date":"2025-11-23T05:15:23","date_gmt":"2025-11-23T05:15:23","guid":{"rendered":"https:\/\/www.europesays.com\/es\/250862\/"},"modified":"2025-11-23T05:15:23","modified_gmt":"2025-11-23T05:15:23","slug":"balance-intimo-de-la-zarzuela-aciertos-errores-y-retos-espana","status":"publish","type":"post","link":"https:\/\/www.europesays.com\/es\/250862\/","title":{"rendered":"Balance \u00edntimo de La Zarzuela: aciertos, errores y retos | Espa\u00f1a"},"content":{"rendered":"<p class=\"\">Espa\u00f1a celebr\u00f3 este s\u00e1bado medio siglo de monarqu\u00eda parlamentaria. Fue la forma pol\u00edtica consensuada para transitar de una <a href=\"https:\/\/elpais.com\/espana\/2025-11-16\/por-que-con-franco-no-se-vivia-mejor-cuando-el-regimen-creia-que-el-papel-de-la-mujer-era-encontrar-a-quien-someterse.html\" target=\"_self\" rel=\"nofollow noopener\" title=\"https:\/\/elpais.com\/espana\/2025-11-16\/por-que-con-franco-no-se-vivia-mejor-cuando-el-regimen-creia-que-el-papel-de-la-mujer-era-encontrar-a-quien-someterse.html\">largu\u00edsima dictadura <\/a>a un sistema democr\u00e1tico homologable a otros pa\u00edses de Occidente. Y Juan Carlos I \u2014elegido como sucesor por Francisco Franco\u2014 fue su <a href=\"https:\/\/elpais.com\/espana\/2025-11-22\/luces-y-sombras-de-juan-carlos-i-el-rey-repudiado-en-su-propio-aniversario.html\" target=\"_self\" rel=\"nofollow noopener\" title=\"https:\/\/elpais.com\/espana\/2025-11-22\/luces-y-sombras-de-juan-carlos-i-el-rey-repudiado-en-su-propio-aniversario.html\">m\u00e1ximo representante durante 39 a\u00f1os<\/a>. Una \u00e9poca en la que Espa\u00f1a aprob\u00f3 una Constituci\u00f3n avanzada, entr\u00f3 en organismos internacionales como la Comunidad Europea y la OTAN, acogi\u00f3 la Expo \u201892 y los Juegos Ol\u00edmpicos, despeg\u00f3 a lomos del crecimiento econ\u00f3mico y consigui\u00f3 salir del ostracismo internacional. Pero tambi\u00e9n una \u00e9poca de esc\u00e1ndalos por parte de<a href=\"https:\/\/elpais.com\/espana\/2025-11-22\/luces-y-sombras-de-juan-carlos-i-el-rey-repudiado-en-su-propio-aniversario.html\" target=\"_self\" rel=\"nofollow noopener\" title=\"https:\/\/elpais.com\/espana\/2025-11-22\/luces-y-sombras-de-juan-carlos-i-el-rey-repudiado-en-su-propio-aniversario.html\"> Juan Carlos de Borb\u00f3n<\/a>, quien, en sus <a href=\"https:\/\/elpais.com\/espana\/2025-11-04\/las-memorias-del-rey-emerito-juan-carlos-a-su-hijo-cuando-le-retiro-la-asignacion-no-olvides-que-heredas-un-sistema-que-yo-he-construido.html\" target=\"_self\" rel=\"nofollow noopener\" title=\"https:\/\/elpais.com\/espana\/2025-11-04\/las-memorias-del-rey-emerito-juan-carlos-a-su-hijo-cuando-le-retiro-la-asignacion-no-olvides-que-heredas-un-sistema-que-yo-he-construido.html\">recientes memorias<\/a> (Reconciliaci\u00f3n, Stock) reconoce algunos \u201cerrores\u201d. El libro, ya publicado en Francia, ver\u00e1 la luz en Espa\u00f1a a principios de diciembre. <\/p>\n<p class=\"\">En el contexto del aniversario, cuatro de los cinco jefes de la Casa del Rey vivos \u2015Jaime Alfons\u00edn, que ocup\u00f3 el puesto entre 2014 y 2024, ha rechazado participar en varias ocasiones\u2015, comparten con EL PA\u00cdS su experiencia como primeros espadas que, en la sombra, conocieron a fondo los entresijos de la jefatura del Estado y las contradicciones de Juan Carlos I. Los cuatro reflexionan, adem\u00e1s, sobre los retos del presente y del futuro de la instituci\u00f3n encarnados en Felipe VI y la princesa Leonor. <\/p>\n<p><img decoding=\"auto\" class=\"_re lazyload a_m-h\" height=\"277\"  width=\"414\"  src=\"https:\/\/www.europesays.com\/es\/wp-content\/uploads\/2025\/11\/FINTD3MTWRAWVKT3HUNPR3ICTI.jpg\" loading=\"lazy\"\/>Fernando Almansa, exjefe de la Casa del Rey, fotografiado en su casa de Madrid. Carlos Rosillo<\/p>\n<p class=\"\">Los primeros a\u00f1os fueron una etapa hist\u00f3rica, coinciden <a href=\"https:\/\/elpais.com\/noticias\/fernando-almansa\/\" target=\"_self\" rel=\"nofollow noopener\" title=\"https:\/\/elpais.com\/noticias\/fernando-almansa\/\">Fernando Almansa<\/a> (jefe de la Casa entre 1993 y 2002); <a href=\"https:\/\/elpais.com\/noticias\/alberto-aza\/\" target=\"_self\" rel=\"nofollow noopener\" title=\"https:\/\/elpais.com\/noticias\/alberto-aza\/\">Alberto Aza<\/a> (2002-2011); <a href=\"https:\/\/elpais.com\/noticias\/rafael-spottorno\/\" target=\"_self\" rel=\"nofollow noopener\" title=\"https:\/\/elpais.com\/noticias\/rafael-spottorno\/\">Rafael Spottorno<\/a> (2011-2014) y <a href=\"https:\/\/elpais.com\/espana\/2024-01-19\/camilo-villarino-un-diplomatico-muy-discreto-y-leal-al-que-se-le-da-bien-apaciguar-las-aguas.html\" target=\"_self\" rel=\"nofollow noopener\" title=\"https:\/\/elpais.com\/espana\/2024-01-19\/camilo-villarino-un-diplomatico-muy-discreto-y-leal-al-que-se-le-da-bien-apaciguar-las-aguas.html\">Camilo Villarino<\/a> (desde 2024), todos ellos diplom\u00e1ticos y civiles, despu\u00e9s de que dos generales (<a href=\"https:\/\/elpais.com\/noticias\/nicolas-cotoner-y-cotoner\/\" target=\"_self\" rel=\"nofollow noopener\" title=\"https:\/\/elpais.com\/noticias\/nicolas-cotoner-y-cotoner\/\">Nicol\u00e1s Cotoner y Cotoner<\/a> y <a href=\"https:\/\/elpais.com\/diario\/2009\/10\/26\/espana\/1256511610_850215.html\" target=\"_self\" rel=\"nofollow noopener\" title=\"https:\/\/elpais.com\/diario\/2009\/10\/26\/espana\/1256511610_850215.html\">Sabino Fern\u00e1ndez Campo<\/a>) ocuparan el cargo durante 18 a\u00f1os. \u201cEn ese momento, el gran debate era si el cambio de r\u00e9gimen ten\u00eda que venir con una ruptura [con el franquismo] o con una reforma. Y Juan Carlos I era la persona para pilotar esa reforma\u201d, afirma Almansa desde la sala de estar de su casa, llena de recuerdos de su etapa como mano derecha del Monarca. Su sucesor, Alberto Aza, apunta desde un sobrio despacho en el Consejo de Estado que la monarqu\u00eda fue la \u201csalida pol\u00edtica a un largo periodo de crisis\u201d y a\u00f1ade que el apellido \u201cparlamentaria\u201d es clave porque es la f\u00f3rmula que permite que todo el poder est\u00e9 en el Ejecutivo y que el Rey tenga un papel simb\u00f3lico y representativo, lo que, a juicio de los cuatro, ofrece la cualidad m\u00e1s valiosa de este sistema frente a una rep\u00fablica: la neutralidad.<\/p>\n<p class=\"\">Recuerda Aza c\u00f3mo \u00e9l mismo fue, sin embargo, \u201cesc\u00e9ptico\u201d sobre aquel proceso de apertura hacia la Transici\u00f3n hasta que conoci\u00f3 a Adolfo Su\u00e1rez, mu\u00f1idor junto a Juan Carlos I y Torcuato Fern\u00e1ndez Miranda, entre otros, de la reforma pol\u00edtica que desemboc\u00f3 en la Constituci\u00f3n de 1978. \u201cMe pareci\u00f3 que alguien hab\u00eda visto la luz al final del t\u00fanel\u201d, resume. Villarino a\u00f1ade: \u201c[el rey em\u00e9rito] le dio la vuelta al r\u00e9gimen como a un calcet\u00edn\u201d. <\/p>\n<p><img decoding=\"auto\" class=\"_re lazyload a_m-h\" height=\"277\"  width=\"414\"  src=\"https:\/\/www.europesays.com\/es\/wp-content\/uploads\/2025\/11\/J34DZFP6HFCDXCOM2LCM7UCIRU.jpg\" loading=\"lazy\"\/>Detalle de una fotograf\u00eda en casa de Fernando Almansa, exjefe de la Casa del Rey, junto a don Juan Carlos. Carlos Rosillo<\/p>\n<p class=\"\">Spottorno reconoce que fue mucho m\u00e1s pesimista en esos momentos en los que se empezaban a poner los cimientos de un nuevo pa\u00eds, y recuerda c\u00f3mo dio un frenazo con el coche al escuchar por la radio que Juan Carlos I hab\u00eda designado a Su\u00e1rez, entonces secretario general del Movimiento, como presidente del Gobierno. \u201cMe llev\u00e9 las manos a la cabeza y dije: \u2018Este hombre est\u00e1 loco, qu\u00e9 disparate. Liquidado\u2019. Sin embargo, le sali\u00f3 la jugada: Correr riesgos est\u00e1 en su car\u00e1cter\u201d, advierte sobre el rey em\u00e9rito.<\/p>\n<p class=\"\">La personalidad de Juan Carlos I marc\u00f3 su reinado. Los que trabajaron con \u00e9l destacan su \u201ccar\u00e1cter abierto, liberal, disciplinado y ordenado\u201d \u2014 \u201ces un militar\u201d, apuntan\u2014, adem\u00e1s de \u201csu puntualidad, empat\u00eda, pragmatismo e instinto\u201d. \u201cEra un personaje simpatiqu\u00edsimo, no hay dudas. Y eso es un activo\u201d, sentencia Aza, qui\u00e9n desvela que en Marruecos &#8211; el rey em\u00e9rito mantuvo una excelente relaci\u00f3n con Hassan II, al igual que con Hussein I de Jordania- sol\u00edan decir que don Juan Carlos ten\u00eda \u201cbaraka\u201d (buena suerte en \u00e1rabe). La persona superaba a la instituci\u00f3n y pronto se empez\u00f3 a hablar de juancarlismo, algo que a Aza, que vivi\u00f3 los \u00faltimos coletazos de esa \u00e9poca dorada, critica: \u201cQue se hablase de juancarlismo era una debilidad de reconocimiento de la instituci\u00f3n sobrevalorando la persona\u201d. <\/p>\n<p><img decoding=\"auto\" class=\"_re lazyload a_m-h\" height=\"277\"  width=\"414\"  src=\"https:\/\/www.europesays.com\/es\/wp-content\/uploads\/2025\/11\/VVCAPV6WJZC25DC4AC7DL53YEY.jpg\" loading=\"lazy\"\/>Alberto Aza, exjefe de la Casa del Rey, fotografiado en su despacho del Consejo de Estado, en Madrid. Carlos Rosillo<\/p>\n<p class=\"\">Spottorno cree que esa personalidad \u201cvolc\u00e1nica\u201d y \u201ctormentosa\u201d de Juan Carlos I le ha llevado a contradicciones a lo largo de su reinado. Recuerda c\u00f3mo en 2011, tras una etapa marcada por una alt\u00edsima popularidad y una actividad internacional \u201capabullante\u201d, el rey estaba \u201ccansado\u201d. Coincide con los a\u00f1os de los esc\u00e1ndalos, destapados a la postre: regalos multimillonarios de las monarqu\u00edas del Golfo; infidelidades&#8230; El que fue quinto jefe de la Casa achaca ese hast\u00edo a que casi cuatro d\u00e9cadas reinando en un pa\u00eds \u201ccomplicado\u201d puede llegar a producir \u201cdes\u00e1nimo\u201d. Hace justo 50 a\u00f1os, Espa\u00f1a manten\u00eda relaciones diplom\u00e1ticas con 85 Estados; en 2014, con 191. La promoci\u00f3n del reino \u2014los primeros a\u00f1os se prioriz\u00f3 la relaci\u00f3n con Estados Unidos, Europa, Latinoam\u00e9rica y el norte de \u00c1frica\u2014 \u201cya no necesitaba tanto de la actividad del Rey\u201d, a\u00f1ade. Estaba \u201cm\u00e1s de vuelta de todo\u201d, lo cual le llev\u00f3 a concentrarse en temas personales \u201cno siempre afortunados y descuidarse un poco de los temas p\u00fablicos\u201d, reconoce uno de los hombres que pilot\u00f3 <a href=\"https:\/\/elpais.com\/politica\/2014\/06\/03\/actualidad\/1401828491_317454.html\" target=\"_self\" rel=\"nofollow noopener\" title=\"https:\/\/elpais.com\/politica\/2014\/06\/03\/actualidad\/1401828491_317454.html\">la abdicaci\u00f3n.<\/a><\/p>\n<p><img decoding=\"auto\" class=\"_re lazyload a_m-h\" height=\"277\"  width=\"414\"  src=\"https:\/\/www.europesays.com\/es\/wp-content\/uploads\/2025\/11\/3HYIDMUJDBFP5MW7DIAF46KKXQ.jpg\" loading=\"lazy\"\/>Rafael Spottorno, exjefe de la Casa del Rey, comparte sus recuerdos ante una imagen con Juan Carlos I. Carlos Rosillo<\/p>\n<p class=\"\">Pero de todo lo que podr\u00eda haber pasado entonces, cuando la reputaci\u00f3n de la instituci\u00f3n estaba por los suelos a cuenta, entre otros episodios, de la cacer\u00eda de elefantes en Botsuana cuando la prima de riesgo espa\u00f1ola estaba por las nubes, \u201clo menos malo\u201d, coinciden, \u201cfue lo que pas\u00f3\u201d: la abdicaci\u00f3n. \u201cLos que est\u00e1bamos ah\u00ed para cuidar de \u00e9l\u201d, lamenta Spottorno, \u201cno supimos o no pudimos hacerlo como hubiera sido deseable para que [Juan Carlos I] mantuviera el mismo prestigio que tuvo en el pasado\u201d. Se refiere a la \u00e9poca en la que se dec\u00eda que el Rey era el mejor embajador de Espa\u00f1a y cuando nada o casi nada hac\u00eda presagiar los terremotos por venir: el Caso No\u00f3s, con una infanta en el banquillo y un yerno en la c\u00e1rcel; la gran recesi\u00f3n; investigaciones judiciales dentro y fuera de Espa\u00f1a, cuentas y fundaciones en el extranjero, dos regularizaciones fiscales y una mudanza sine die a Abu Dabi. <\/p>\n<p class=\"\">Para Almansa, aquello son \u201can\u00e9cdotas\u201d. \u201cA los reyes\u201d, a\u00f1ade, \u201cse les recuerda por su herencia pol\u00edtica\u201d. Juan Carlos I, opina Spottorno, \u201cha hecho cosas que no deber\u00eda haber hecho, pero ha hecho muchas otras. Construy\u00f3 un pa\u00eds a partir casi de cero\u201d. <\/p>\n<p>Dos reinados muy distintos<\/p>\n<p class=\"\">Cuando Felipe VI \u2014primer rey que ha jurado la Constituci\u00f3n, como hizo tambi\u00e9n la princesa Leonor al cumplir los 18 a\u00f1os en 2023\u2014 cogi\u00f3 el testigo de su padre, las coyunturas de ambos reinados eran ya \u201cmuy distintas, tanto en el plano nacional como internacional\u201d, afirma, desde su despacho en La Zarzuela, Villarino, actual jefe de la Casa del Rey.<\/p>\n<p><img decoding=\"auto\" class=\"_re lazyload a_m-h\" height=\"277\"  width=\"414\"  src=\"https:\/\/www.europesays.com\/es\/wp-content\/uploads\/2025\/11\/BN5YLHW47ZFEJBZ64ZGMO3XCWU.jpg\" loading=\"lazy\"\/>Rafael Spottorno, exjefe de la Casa del Rey, fotografiado en su casa de Madrid. Carlos Rosillo<\/p>\n<p class=\"\">\u201cEsta es una Espa\u00f1a m\u00e1s dif\u00edcil en t\u00e9rminos pol\u00edticos\u201d, apunta Almansa, qui\u00e9n enumera los desaf\u00edos: un Parlamento m\u00e1s fragmentado, m\u00e1s crispaci\u00f3n, el fin del bipartidismo, movimientos independentistas m\u00e1s radicales&#8230; \u201cTodo eso hace que para el \u00e1rbitro [hoy Felipe VI] su funci\u00f3n sea m\u00e1s dif\u00edcil de lo que pudo ser para su padre\u201d. <\/p>\n<p class=\"\">\u201cEsta es una Espa\u00f1a m\u00e1s dif\u00edcil en t\u00e9rminos pol\u00edticos\u201d, apunta Almansa, qui\u00e9n enumera los desaf\u00edos: un Parlamento m\u00e1s fragmentado, m\u00e1s crispaci\u00f3n, el fin del bipartidismo, movimientos independentistas m\u00e1s radicales&#8230; \u201cTodo eso hace que para el \u00e1rbitro [hoy Felipe VI] su funci\u00f3n sea m\u00e1s dif\u00edcil de lo que pudo ser para su padre\u201d. <\/p>\n<p class=\"\">Es en este contexto complejo en el que hay una gran \u201ctensi\u00f3n, polarizaci\u00f3n y exacerbaci\u00f3n del partidismo\u201d, a\u00f1ade Spottorno, en el que una figura de \u00e1rbitro que quiere representar a todos los espa\u00f1oles se hace \u201cindispensable\u201d. \u201cEl poder de moderador puede ser muy \u00fatil en determinados momentos, bien ejercido y con voluntad de uni\u00f3n y distensi\u00f3n entre las fuerzas pol\u00edticas enfrentadas. Es algo muy positivo\u201d, contin\u00faa. Para Almansa, el papel de \u00e1rbitro, \u201chace a la instituci\u00f3n todav\u00eda m\u00e1s importante\u201d hoy en d\u00eda. Villarino, el \u00faltimo en llegar a La Zarzuela, apunta en la misma direcci\u00f3n: \u201cSi en algo puede aventajar una monarqu\u00eda a una rep\u00fablica es en la neutralidad pol\u00edtica\u201d, opina frente a aquellos que deslegitiman la instituci\u00f3n precisamente porque Juan Carlos I fue designado exclusivamente por Franco como sucesor. <\/p>\n<p><img decoding=\"auto\" class=\"_re lazyload a_m-h\" height=\"277\"  width=\"414\"  src=\"https:\/\/www.europesays.com\/es\/wp-content\/uploads\/2025\/11\/LLSDDZL6V5EC7JCIYXEAVR5HYM.jpg\" loading=\"lazy\"\/>Rafael Spottorno,  fotografiado en su casa de Madrid.  Carlos Rosillo<\/p>\n<p class=\"\">La designaci\u00f3n por el dictador fue un \u201chandicap\u201d, reconoce Spottorno, pero la transformaci\u00f3n que hizo del pa\u00eds fue \u201ccasi un milagro, una especie de revoluci\u00f3n\u201d. \u201cEl problema\u201d, a\u00f1ade Aza, \u201cno era si iba a ser su sucesor [del dictador], sino c\u00f3mo lo iba a hacer. Si iba a continuar con el franquismo o todo lo contrario\u201d. <\/p>\n<p class=\"\">Villarino, al que le toca ahora lidiar con una Casa mucho m\u00e1s reducida que a sus antecesores \u2014las infantas Elena y Cristina ya no forman parte de ella y el rey em\u00e9rito, aunque cae bajo su responsabilidad, no tiene agenda oficial\u2014 cree que lo que diferencia la monarqu\u00eda de Felipe VI de la de su padre es que ahora se est\u00e1 encontrando con situaciones \u201cin\u00e9ditas\u201d, como fue la <a href=\"https:\/\/elpais.com\/politica\/2017\/10\/11\/actualidad\/1507705563_381296.html\" target=\"_self\" rel=\"nofollow noopener\" title=\"https:\/\/elpais.com\/politica\/2017\/10\/11\/actualidad\/1507705563_381296.html\">activaci\u00f3n del art\u00edculo 155 de la Constituci\u00f3n <\/a>tras la declaraci\u00f3n unilateral de independencia de Catalu\u00f1a o la relevancia que han tomado las rondas de consultas de los candidatos a presidir el Ejecutivo. <\/p>\n<p><img decoding=\"auto\" class=\"_re lazyload a_m-h\" height=\"277\"  width=\"414\"  src=\"https:\/\/www.europesays.com\/es\/wp-content\/uploads\/2025\/11\/UEDFK4JLBJFWTCN5CN4LN5HUNA.jpg\" loading=\"lazy\"\/>Camilo Villarino, actual jefe de la Casa del Rey, fotografiado en su despacho de La Zarzuela. Carlos Rosillo<\/p>\n<p class=\"\">Sobre el futuro de la monarqu\u00eda, ahora que se ha alcanzado el hito del 50\u00ba aniversario \u2015unos fastos a los que Juan Carlos I no ha sido invitado\u2015 los cuatro exjefes de la Casa coinciden en que la Familia Real tiene que demostrar cada d\u00eda su utilidad y una actitud ejemplar. \u201cLo \u00fanico que puede hacer da\u00f1o a la monarqu\u00eda es que pueda llegar a la irrelevancia\u201d, cree Spottorno.<\/p>\n<p class=\"\">De Felipe VI resaltan los que le conocen bien su capacidad de escucha y su amabilidad. \u201cEs despierto, curioso y con af\u00e1n de aprender\u201d, dice Villarino, consciente de los sentimientos republicanos y de la huella que han dejado en la sociedad los comportamientos de otros miembros de la Familia real. Por eso le repite a Felipe VI que es el Rey \u201cde todos\u201d. Su l\u00ednea roja, concluye, es que nadie pueda sentirse avergonzado de su jefe: \u201cQue nadie pueda decir: \u2018Me averg\u00fcenza\u201d.<\/p>\n<p><img decoding=\"auto\" class=\"_re lazyload a_m-h\" height=\"277\"  width=\"414\"  src=\"https:\/\/www.europesays.com\/es\/wp-content\/uploads\/2025\/11\/WEM2OBJ3B5CBVENGMJYLC7VGFQ.jpg\" loading=\"lazy\"\/>Rafael Spottorno muestra un mensaje de Juan Carlos I. Carlos Rosillo<\/p>\n","protected":false},"excerpt":{"rendered":"Espa\u00f1a celebr\u00f3 este s\u00e1bado medio siglo de monarqu\u00eda parlamentaria. Fue la forma pol\u00edtica consensuada para transitar de una&hellip;\n","protected":false},"author":2,"featured_media":250863,"comment_status":"","ping_status":"","sticky":false,"template":"","format":"standard","meta":{"footnotes":""},"categories":[5],"tags":[63555,17,18,6042,1471,25,24,13,14,11439,63556,17307,11,23487,19,20,6041,9,10,15,16,63554,23,12,21,22],"class_list":{"0":"post-250862","1":"post","2":"type-post","3":"status-publish","4":"format-standard","5":"has-post-thumbnail","7":"category-titulares","8":"tag-alberto-aza","9":"tag-breaking-news","10":"tag-breakingnews","11":"tag-casa-real","12":"tag-dictadura","13":"tag-es","14":"tag-espana","15":"tag-featured-news","16":"tag-featurednews","17":"tag-felipe-vi","18":"tag-fernando-almansa","19":"tag-francisco-franco","20":"tag-headlines","21":"tag-juan-carlos-i","22":"tag-latest-news","23":"tag-latestnews","24":"tag-monarquia","25":"tag-news","26":"tag-noticias","27":"tag-noticias-destacadas","28":"tag-noticiasdestacadas","29":"tag-rafael-spottorno","30":"tag-spain","31":"tag-titulares","32":"tag-ultimas-noticias","33":"tag-ultimasnoticias"},"share_on_mastodon":{"url":"https:\/\/pubeurope.com\/@es\/115597314369291532","error":""},"_links":{"self":[{"href":"https:\/\/www.europesays.com\/es\/wp-json\/wp\/v2\/posts\/250862","targetHints":{"allow":["GET"]}}],"collection":[{"href":"https:\/\/www.europesays.com\/es\/wp-json\/wp\/v2\/posts"}],"about":[{"href":"https:\/\/www.europesays.com\/es\/wp-json\/wp\/v2\/types\/post"}],"author":[{"embeddable":true,"href":"https:\/\/www.europesays.com\/es\/wp-json\/wp\/v2\/users\/2"}],"replies":[{"embeddable":true,"href":"https:\/\/www.europesays.com\/es\/wp-json\/wp\/v2\/comments?post=250862"}],"version-history":[{"count":0,"href":"https:\/\/www.europesays.com\/es\/wp-json\/wp\/v2\/posts\/250862\/revisions"}],"wp:featuredmedia":[{"embeddable":true,"href":"https:\/\/www.europesays.com\/es\/wp-json\/wp\/v2\/media\/250863"}],"wp:attachment":[{"href":"https:\/\/www.europesays.com\/es\/wp-json\/wp\/v2\/media?parent=250862"}],"wp:term":[{"taxonomy":"category","embeddable":true,"href":"https:\/\/www.europesays.com\/es\/wp-json\/wp\/v2\/categories?post=250862"},{"taxonomy":"post_tag","embeddable":true,"href":"https:\/\/www.europesays.com\/es\/wp-json\/wp\/v2\/tags?post=250862"}],"curies":[{"name":"wp","href":"https:\/\/api.w.org\/{rel}","templated":true}]}}