{"id":250866,"date":"2025-11-23T05:23:10","date_gmt":"2025-11-23T05:23:10","guid":{"rendered":"https:\/\/www.europesays.com\/es\/250866\/"},"modified":"2025-11-23T05:23:10","modified_gmt":"2025-11-23T05:23:10","slug":"alimerka-oviedo-baloncesto-priemra-feb-palacio","status":"publish","type":"post","link":"https:\/\/www.europesays.com\/es\/250866\/","title":{"rendered":"ALIMERKA OVIEDO BALONCESTO PRIEMRA FEB PALACIO"},"content":{"rendered":"<p class=\"ft-text ft-helper-closenews\">El Alimerka Oviedo Baloncesto sufri\u00f3 <strong>una dura derrota en un partido que deseaban ganar para agradar a los 4.881 espectadores que acudieron al Palacio de los Deportes<\/strong>. La victoria se la llev\u00f3 con justicia el Hestia Menorca, que ha configurado una plantilla espectacular y que supo imponer sus puntos fuertes ante un OCB irregular, que fall\u00f3 demasiadas bandejas y tiros liberados, y al que supieron frenar tambi\u00e9n con una gran defensa.<\/p>\n<p class=\"ft-text\"><strong>Menci\u00f3n aparte merece el cap\u00edtulo arbitral, no por la incidencia en el resultado, sino por la forma en que han decidido echar del partido a Javi Rodr\u00edguez<\/strong>. Las dos t\u00e9cnicas, la primera nada m\u00e1s empezar el partido y la segunda nada m\u00e1s comenzar la segunda parte, por leves protestas, son un desprop\u00f3sito absoluto, una decisi\u00f3n desmedida e injustificable que ha condicionado el partido y que habla muy mal del nivel arbitral de esta Primera FEB que s\u00ed est\u00e1 a la altura en cuanto a las plantillas y el nivel del espect\u00e1culo que ofrecen.<\/p>\n<p class=\"ft-text\">El Alimerka tuvo una buena puesta en escena, pero se fue desdibujando y dejando anotar con demasiada facilidad a un equipo que cuenta con jugadores como Littleson, Cone, Zurbriggen o un Vicedo, que hizo mucho da\u00f1o cuando el foco defensivo estuvo m\u00e1s pendiente de otras amenazas. Unos instantes que permitieron a Menorca irse diez arriba al final del primer cuarto (15-25).<\/p>\n<p class=\"ft-text\">En el segundo cuarto llegaron momentos de zozobra por parte del equipo de Oviedo, incapaz de frenar a Arteaga, de hilvanar un ataque decente o de hacer algo diferente que cambiara el rumbo de un encuentro que se le escapaba antes del descanso.<strong> A 3:37 de acabar el segundo cuarto, Menorca se fue 14 arriba (19-35) y Javi Rodr\u00edguez par\u00f3 el partido<\/strong>.<\/p>\n<p class=\"ft-text\">Tuvo efecto ese par\u00f3n, el equipo dio un paso adelante en defensa y <strong>Calvin Hermanson<\/strong> anot\u00f3 dos triples que el equipo necesitaba como el comer. Un parcial de 15-3 dej\u00f3 el partido vivo al descanso (34-38).<\/p>\n<p class=\"ft-text\">Por la gente que hab\u00eda en la grada, por la reacci\u00f3n que hab\u00eda tenido el equipo y porque este OCB, aunque solo lleve tres victorias en nueve partidos, est\u00e1 dando muy buenas sensaciones esta temporada parec\u00eda que el partido pod\u00eda ser de los que se deciden en una \u00faltima acci\u00f3n.<\/p>\n<p class=\"ft-text\">Lo que sucedi\u00f3 en el inicio del tercer cuarto cambi\u00f3 ese guion y lo llev\u00f3 hacia una victoria c\u00f3moda de Menorca. <strong>Por lo que sucedi\u00f3 con la expulsi\u00f3n del entrenador Javi Rodr\u00edguez y tambi\u00e9n por los malos minutos del equipo y el paso adelante que dio el equipo isle\u00f1o en defensa<\/strong>. Ese mal inicio local permiti\u00f3 a Menorca irse quince arriba (39-54) a 4:20 de acabar el tercer parcial.<\/p>\n<p class=\"ft-text\">Le tocaba a Oviedo remar de nuevo y lo hizo, pero enfrente ten\u00eda, adem\u00e1s de con talento, jugadores con mucha experiencia, que saben c\u00f3mo conducirse en este tipo de partidos, en qu\u00e9 momentos castigar. <strong>Rem\u00f3 el OCB hasta ponerse a cinco de distancia (49-54) enganchados a un imperial Alonso Faure<\/strong>. Fue el mejor del equipo de Oviedo y su trabajo espectacular. Este joven p\u00edvot crece a pasos agigantados y fue el principal argumento del OCB para creen en la remontada.<\/p>\n<p class=\"ft-text\">Menorca lleg\u00f3 al \u00faltimo cuarto con una renta de siete puntos y supo trabajar bien con esa ventaja. No tuvo ya el equipo de Oviedo ni la capacidad ni la chispa para meter el miedo en el cuerpo a su rival y la victoria se le escap\u00f3. <strong>Una l\u00e1stima en un Palacio que, con casi 5.000 espectadores, desea celebrar otra victoria de su equipo<\/strong>. Un p\u00fablico que se fue pregunt\u00e1ndose por qu\u00e9 echaron a su entrenador. Una pregunta que no tiene respuesta.<\/p>\n<p data-close=\"closedContent\" class=\"subscribeHideForDisplay\">Suscr\u00edbete para seguir leyendo<\/p>\n","protected":false},"excerpt":{"rendered":"El Alimerka Oviedo Baloncesto sufri\u00f3 una dura derrota en un partido que deseaban ganar para agradar a los&hellip;\n","protected":false},"author":2,"featured_media":250867,"comment_status":"","ping_status":"","sticky":false,"template":"","format":"standard","meta":{"footnotes":""},"categories":[269],"tags":[1795,22662,299,298,1616,168,25,24,1797,1796,6484,6481,23,167],"class_list":{"0":"post-250866","1":"post","2":"type-post","3":"status-publish","4":"format-standard","5":"has-post-thumbnail","7":"category-baloncesto","8":"tag-alimerka","9":"tag-atasca","10":"tag-baloncesto","11":"tag-basketball","12":"tag-defensa","13":"tag-deportes","14":"tag-es","15":"tag-espana","16":"tag-ocb","17":"tag-oviedo","18":"tag-oviedo-baloncesto","19":"tag-palacio","20":"tag-spain","21":"tag-sports"},"share_on_mastodon":{"url":"https:\/\/pubeurope.com\/@es\/115597345100228187","error":""},"_links":{"self":[{"href":"https:\/\/www.europesays.com\/es\/wp-json\/wp\/v2\/posts\/250866","targetHints":{"allow":["GET"]}}],"collection":[{"href":"https:\/\/www.europesays.com\/es\/wp-json\/wp\/v2\/posts"}],"about":[{"href":"https:\/\/www.europesays.com\/es\/wp-json\/wp\/v2\/types\/post"}],"author":[{"embeddable":true,"href":"https:\/\/www.europesays.com\/es\/wp-json\/wp\/v2\/users\/2"}],"replies":[{"embeddable":true,"href":"https:\/\/www.europesays.com\/es\/wp-json\/wp\/v2\/comments?post=250866"}],"version-history":[{"count":0,"href":"https:\/\/www.europesays.com\/es\/wp-json\/wp\/v2\/posts\/250866\/revisions"}],"wp:featuredmedia":[{"embeddable":true,"href":"https:\/\/www.europesays.com\/es\/wp-json\/wp\/v2\/media\/250867"}],"wp:attachment":[{"href":"https:\/\/www.europesays.com\/es\/wp-json\/wp\/v2\/media?parent=250866"}],"wp:term":[{"taxonomy":"category","embeddable":true,"href":"https:\/\/www.europesays.com\/es\/wp-json\/wp\/v2\/categories?post=250866"},{"taxonomy":"post_tag","embeddable":true,"href":"https:\/\/www.europesays.com\/es\/wp-json\/wp\/v2\/tags?post=250866"}],"curies":[{"name":"wp","href":"https:\/\/api.w.org\/{rel}","templated":true}]}}