{"id":250868,"date":"2025-11-23T05:24:10","date_gmt":"2025-11-23T05:24:10","guid":{"rendered":"https:\/\/www.europesays.com\/es\/250868\/"},"modified":"2025-11-23T05:24:10","modified_gmt":"2025-11-23T05:24:10","slug":"napoles-atalanta-en-directo-serie-a-hoy-en-vivo-diario-as","status":"publish","type":"post","link":"https:\/\/www.europesays.com\/es\/250868\/","title":{"rendered":"N\u00e1poles-Atalanta, en directo: Serie A, hoy en vivo &#8211; Diario AS"},"content":{"rendered":"<ol>\n<li><a href=\"https:\/\/news.google.com\/rss\/articles\/CBMimgFBVV95cUxNSVdkSURCaHVTbjlvcjk1QlFMT3hjRHlOM2ZUR1RzZkd1c201WnlXTnNIa0xsWUtvRXhWOXlYQm5wY1J6UjM2WVEwemdHeDZhSkU3X0o4ZjA5dXJRNWxMSGF6bnpGYkRfZE5UbURDRUJBendCVjBGR2pHXzFsQy1WMFd6V1FoenVZTzVHaGprYWo1bjUwSlNIVmV30gGuAUFVX3lxTFBCbEE2Tkc1S29ZUmxiMmFIQWo1YkR0dm1KSk5GeVhQQkZYOWt3UEtIMVdKWG4zZy1Va2pGeXpONThFMTRUWHBVOWlXTWtFRlJCT19jdXMtbWdkUnNORXpyU2E3aHlhbFJldF9pbm5KVHc0akNhSGVqZjNiWERkLXRJd3BwbTdXNEoxUlJwc2RNTlExTi13Y3d2eTVaUGxVTVB6UXo3bm9xWm50ZWVwdw?oc=5\" target=\"_blank\" rel=\"nofollow noopener\">N\u00e1poles-Atalanta, en directo: Serie A, hoy en vivo<\/a>&nbsp;&nbsp;Diario AS<\/li>\n<li><a href=\"https:\/\/news.google.com\/rss\/articles\/CBMiiAFBVV95cUxPdmc4WG1kbjBoOEQyd3BsTGpzTFBRSHF4T0ZQWjV0aEtfVFZkSVhSREtWQkZLSDBXOHd0ZGpqYmJEUkQyNmtZVEphQUMwcElMbjNhYnJieV9kOEF1RHNVaUdPVmNEWmhyOWhzRUZlNEdCSl9ySFJaWjl6SDZwQUU1N1Z4aDNZLVhO0gGcAUFVX3lxTE9KdkxKR2ZTeFBlVGE5S3cwTUlROVl6X0diZkcyZlBDa2h1UFN5S1JlckdLSC1Ob3BWcERpVi1jUDY5ZmYtaDNLYTdNY3FWaWlTTjZ3Z2I0RlZEVFBUSmVFY1ptbm9mcXpIN005OEVxNWlrS19yYUtlbEdrSnFSRTBHQTNvMXZDbWFTeF9md29wb3k4QlJranFQVzhvVA?oc=5\" target=\"_blank\" rel=\"nofollow noopener\">El N\u00e1poles de Conte no est\u00e1 muerto<\/a>&nbsp;&nbsp;Diario AS<\/li>\n<li><a href=\"https:\/\/news.google.com\/rss\/articles\/CBMiqgFBVV95cUxOMU9Fcjl3SUpOeTBmeS00YWVCRFBCM1JZUTNCek04WnZZUnJjYjNCUVpKX3F2M2NfczdHd1dkb2dKREplaVR2eFoyZk1ONXRHMXRQNlhvUXJJZ0RIMFdZOG5Qa0RjLWl2ZDZaQ3luZ1lfa2oyQTJZdEprblRzWVBmQV9kN2lqbm1qN1BkZzBha1pGLTFZQ19qem1MTXlNd1pNT3NFbGFrUzZTZw?oc=5\" target=\"_blank\" rel=\"nofollow noopener\">N\u00e1poles \u2013 Atalanta el partido de f\u00fatbol de Jornada 12 de la Serie A, en directo<\/a>&nbsp;&nbsp;La Vanguardia<\/li>\n<li><a href=\"https:\/\/news.google.com\/rss\/articles\/CBMivAFBVV95cUxPd0trSk5lT3dacENzeTJ1T1BhM2RJVVdzbGxqM3hYMlg0X0RvLXB5dXVfM25XMVV6TkdwOG54eERwWlJKUWZGSmIzRVQ2T3RGR2dULWJxRTlocHJBMjJNcVB5cjJlOU5CNDJuMm5HWjk3TGRTOGlmMkp3S19aQ2d6cl9UNkZhY05KVUxSdGpRTUJyczhfcTZtVHVucF9la2ZzbnFuSEd0N21xWkJrR0h6amFCbW1QN2VaNnRxcNIBvAFBVV95cUxNdGlxbS12b0pmb1FDclVURnZfeEZZR09TdW9nekJDenRLX0JkSWNOWkhTQXhDVzVhLTRMT04wTFJIc2ctUW93b3FKb201aEVTbnctNTl4SENXZEEzTXROYVhWdVNkbmRrb3ZLNThLdjlfTmFvVXVSVlhOSnFITlVHc3BJalVkTkJjSU9fN0NmZ1BHQkVEb1ROaVJrWGNYOEVBeURscW1XZDV1Q2JfXzhJbDAyYklpeGdzazFwMQ?oc=5\" target=\"_blank\" rel=\"nofollow noopener\">El N\u00e1poles sale de la UVI amargando el estreno de Palladino en Atalanta<\/a>&nbsp;&nbsp;MARCA<\/li>\n<li><a href=\"https:\/\/news.google.com\/rss\/articles\/CBMipgFBVV95cUxNMF8xZjVtMTBzSC05a1dvU011Ullwd3h4VGM1cklCWU5BamNLVTNOTzJFQVpOUFoxMkVXY3M3UmFFSlJSa1NhZ2V0alh4Tk56UXVDT3dUdGQ5NUg4SmtwMlhNMlZabUVDRkFMVlRKLU9ZWmJ1anEySTNTTXg3X2JTVnlydGxlTkVIeWNjU3lsV2pmWlo0RF94T2MyRE5jalBvbWxsRkJR0gGzAUFVX3lxTE1LVGdncl85RXBBMEpGR1RkOHNzekxLWWdjMk92TXJ2UUY3WlR3NkFpdjlMN1Z3S2F2X2kwdldpbXg4UlRrNHVoWHlVSWNsWm9BVzdSWjVIMTFQTFVXOU81Y0dQcUgtT0hiYXJNNWF5MENuMTBqV0dSVHRPRG52U2tPaDMzSXQ1dk9DUWJfTnJXSF9TUHlYZkRPdllUbzRIX1NFYkphWG9Id0duWHJLWEM1WFl3?oc=5\" target=\"_blank\" rel=\"nofollow noopener\">El N\u00e1poles se reencuentra y duerme l\u00edder<\/a>&nbsp;&nbsp;Mundo Deportivo<\/li>\n<\/ol>\n","protected":false},"excerpt":{"rendered":"N\u00e1poles-Atalanta, en directo: Serie A, hoy en vivo&nbsp;&nbsp;Diario AS El N\u00e1poles de Conte no est\u00e1 muerto&nbsp;&nbsp;Diario AS N\u00e1poles&hellip;\n","protected":false},"author":2,"featured_media":250869,"comment_status":"","ping_status":"","sticky":false,"template":"","format":"standard","meta":{"footnotes":""},"categories":[268],"tags":[168,25,24,280,282,281,23,167],"class_list":{"0":"post-250868","1":"post","2":"type-post","3":"status-publish","4":"format-standard","5":"has-post-thumbnail","7":"category-futbol","8":"tag-deportes","9":"tag-es","10":"tag-espana","11":"tag-football","12":"tag-futbol","13":"tag-soccer","14":"tag-spain","15":"tag-sports"},"share_on_mastodon":{"url":"https:\/\/pubeurope.com\/@es\/115597349013349260","error":""},"_links":{"self":[{"href":"https:\/\/www.europesays.com\/es\/wp-json\/wp\/v2\/posts\/250868","targetHints":{"allow":["GET"]}}],"collection":[{"href":"https:\/\/www.europesays.com\/es\/wp-json\/wp\/v2\/posts"}],"about":[{"href":"https:\/\/www.europesays.com\/es\/wp-json\/wp\/v2\/types\/post"}],"author":[{"embeddable":true,"href":"https:\/\/www.europesays.com\/es\/wp-json\/wp\/v2\/users\/2"}],"replies":[{"embeddable":true,"href":"https:\/\/www.europesays.com\/es\/wp-json\/wp\/v2\/comments?post=250868"}],"version-history":[{"count":0,"href":"https:\/\/www.europesays.com\/es\/wp-json\/wp\/v2\/posts\/250868\/revisions"}],"wp:featuredmedia":[{"embeddable":true,"href":"https:\/\/www.europesays.com\/es\/wp-json\/wp\/v2\/media\/250869"}],"wp:attachment":[{"href":"https:\/\/www.europesays.com\/es\/wp-json\/wp\/v2\/media?parent=250868"}],"wp:term":[{"taxonomy":"category","embeddable":true,"href":"https:\/\/www.europesays.com\/es\/wp-json\/wp\/v2\/categories?post=250868"},{"taxonomy":"post_tag","embeddable":true,"href":"https:\/\/www.europesays.com\/es\/wp-json\/wp\/v2\/tags?post=250868"}],"curies":[{"name":"wp","href":"https:\/\/api.w.org\/{rel}","templated":true}]}}