{"id":250870,"date":"2025-11-23T05:25:10","date_gmt":"2025-11-23T05:25:10","guid":{"rendered":"https:\/\/www.europesays.com\/es\/250870\/"},"modified":"2025-11-23T05:25:10","modified_gmt":"2025-11-23T05:25:10","slug":"es-un-dia-para-celebrar-que-no-voy-a-olvidar-en-la-vida","status":"publish","type":"post","link":"https:\/\/www.europesays.com\/es\/250870\/","title":{"rendered":"Es un d\u00eda para celebrar que no voy a olvidar en la vida"},"content":{"rendered":"<p class=\"mce\"><strong class=\"mce\">Pablo L\u00f3pez<\/strong> es el <strong class=\"mce\">encargado<\/strong> de <strong class=\"mce\">actuar <\/strong>en <strong class=\"mce\">directo<\/strong> instantes <strong class=\"mce\">antes<\/strong> de que el <strong class=\"mce\">encendido<\/strong> de luces navide\u00f1as se lleve a cabo. Hemos podido conocer c\u00f3mo vive este d\u00eda tan especial tanto para \u00e9l, como para todos los madrile\u00f1os.<\/p>\n<p class=\"mce\">\u00abMe parece un <strong class=\"mce\">privilegio<\/strong> y una <strong class=\"mce\">bendici\u00f3n<\/strong> poder estar hoy aqu\u00ed\u00bb <strong class=\"mce\">aseguraba<\/strong> el cantante. Adem\u00e1s, presenta su nuevo single El ni\u00f1o del espacio , y no hay mejor prueba que la de hoy delante de miles de madrile\u00f1os que est\u00e1n disfrutando de un d\u00eda tan especial.<\/p>\n<p class=\"mce\">\u00abEs un <strong class=\"mce\">d\u00eda<\/strong> muy <strong class=\"mce\">especial<\/strong> que <strong class=\"mce\">no<\/strong> voy a <strong class=\"mce\">olvidar<\/strong> en la vida, en este lugar, en estas calles que he recorrido tantas veces. Tocar aqu\u00ed me hace mucha ilusi\u00f3n\u00bb <strong class=\"mce\">a\u00f1ad\u00eda<\/strong> el cantante.<\/p>\n","protected":false},"excerpt":{"rendered":"Pablo L\u00f3pez es el encargado de actuar en directo instantes antes de que el encendido de luces navide\u00f1as&hellip;\n","protected":false},"author":2,"featured_media":250871,"comment_status":"","ping_status":"","sticky":false,"template":"","format":"standard","meta":{"footnotes":""},"categories":[174],"tags":[255,63384,146,147,25,24,256,63557,2951,23],"class_list":{"0":"post-250870","1":"post","2":"type-post","3":"status-publish","4":"format-standard","5":"has-post-thumbnail","7":"category-famosos","8":"tag-celebrities","9":"tag-encendido","10":"tag-entertainment","11":"tag-entretenimiento","12":"tag-es","13":"tag-espana","14":"tag-famosos","15":"tag-luces-madrilenas","16":"tag-navidad","17":"tag-spain"},"share_on_mastodon":{"url":"https:\/\/pubeurope.com\/@es\/115597352817041245","error":""},"_links":{"self":[{"href":"https:\/\/www.europesays.com\/es\/wp-json\/wp\/v2\/posts\/250870","targetHints":{"allow":["GET"]}}],"collection":[{"href":"https:\/\/www.europesays.com\/es\/wp-json\/wp\/v2\/posts"}],"about":[{"href":"https:\/\/www.europesays.com\/es\/wp-json\/wp\/v2\/types\/post"}],"author":[{"embeddable":true,"href":"https:\/\/www.europesays.com\/es\/wp-json\/wp\/v2\/users\/2"}],"replies":[{"embeddable":true,"href":"https:\/\/www.europesays.com\/es\/wp-json\/wp\/v2\/comments?post=250870"}],"version-history":[{"count":0,"href":"https:\/\/www.europesays.com\/es\/wp-json\/wp\/v2\/posts\/250870\/revisions"}],"wp:featuredmedia":[{"embeddable":true,"href":"https:\/\/www.europesays.com\/es\/wp-json\/wp\/v2\/media\/250871"}],"wp:attachment":[{"href":"https:\/\/www.europesays.com\/es\/wp-json\/wp\/v2\/media?parent=250870"}],"wp:term":[{"taxonomy":"category","embeddable":true,"href":"https:\/\/www.europesays.com\/es\/wp-json\/wp\/v2\/categories?post=250870"},{"taxonomy":"post_tag","embeddable":true,"href":"https:\/\/www.europesays.com\/es\/wp-json\/wp\/v2\/tags?post=250870"}],"curies":[{"name":"wp","href":"https:\/\/api.w.org\/{rel}","templated":true}]}}