{"id":250872,"date":"2025-11-23T05:28:17","date_gmt":"2025-11-23T05:28:17","guid":{"rendered":"https:\/\/www.europesays.com\/es\/250872\/"},"modified":"2025-11-23T05:28:17","modified_gmt":"2025-11-23T05:28:17","slug":"pluribus-vince-gilligan-y-el-miedo-a-la-muerte-del-yo-series-de-television","status":"publish","type":"post","link":"https:\/\/www.europesays.com\/es\/250872\/","title":{"rendered":"\u2018Pluribus\u2019: Vince Gilligan y el miedo a la muerte (del yo) | Series de Televisi\u00f3n"},"content":{"rendered":"<p class=\"\">He aqu\u00ed un triple mortal impecable con cambio de g\u00e9nero reinventado o a reinventar. Del narco noir o brillante \u2014imprescindible\u2014, del drama legal desesperado y existencial ha pasado <a href=\"https:\/\/elpais.com\/cultura\/2018\/10\/01\/television\/1538393759_076249.html\" target=\"_self\" rel=\"nofollow noopener\" title=\"https:\/\/elpais.com\/cultura\/2018\/10\/01\/television\/1538393759_076249.html\">Vince Gilligan<\/a>, el siempre atinado creador de <a href=\"https:\/\/elpais.com\/noticias\/breaking-bad\/\" target=\"_self\" rel=\"nofollow noopener\" title=\"https:\/\/elpais.com\/noticias\/breaking-bad\/\">Breaking Bad<\/a> y <a href=\"https:\/\/elpais.com\/television\/2022-08-16\/el-adios-de-better-call-saul-pone-fin-a-una-era.html\" target=\"_self\" rel=\"nofollow noopener\" title=\"https:\/\/elpais.com\/television\/2022-08-16\/el-adios-de-better-call-saul-pone-fin-a-una-era.html\">Better Call Saul<\/a>, ese par de series como novelas a la vez decimon\u00f3nicas y posmodernas, a una ciencia ficci\u00f3n existencialmente desesperada, y necesaria. Necesaria en el sentido en el que lo eran los relatos de Raymond Carver exactamente como aparecieron \u2014con el punch a\u00f1adido del recorte de su editor, Gordon Lish, que les dieron el vuelo adelantado a su \u00e9poca que fij\u00f3 una nueva cima en la narrativa norteamericana y mundial\u2014 y cuando lo hicieron. La sensaci\u00f3n es que Gilligan ha dado un paso atr\u00e1s para redefinir, y c\u00f3mo, la ciencia ficci\u00f3n desde el lugar que la har\u00e1 siempre indispensable. El que se olvida de cualquier tipo de avance para mirar fijamente a lo que sea que somos y a aquello en lo que podemos estar convirti\u00e9ndonos. Algo as\u00ed, y mucho m\u00e1s, es Pluribus (Apple TV).<\/p>\n<p>M\u00e1s informaci\u00f3n<\/p>\n<p class=\"\">La premisa, se dir\u00eda, es sencilla, pero nadie m\u00e1s que Gilligan pod\u00eda verla. Y ha estado ah\u00ed desde el principio. \u00bfO no les recuerda a <a href=\"https:\/\/www.filmaffinity.com\/es\/film826070.html\" target=\"_self\" rel=\"nofollow noopener\" title=\"https:\/\/www.filmaffinity.com\/es\/film826070.html\">La invasi\u00f3n de los ladrones de cuerpos<\/a>, y a ese viejo terror no ultraproducido que se encargaba de aquello que aterra de verdad, desconocernos? No olvidemos que tan aclamado creador se form\u00f3 en la sala de guionistas de <a href=\"https:\/\/elpais.com\/television\/2025-07-06\/expediente-x-seis-notas-para-seguir-creyendo.html\" target=\"_self\" rel=\"nofollow noopener\" title=\"https:\/\/elpais.com\/television\/2025-07-06\/expediente-x-seis-notas-para-seguir-creyendo.html\">Expediente X<\/a> y lo hizo con un estilo incre\u00edble. Corran si a\u00fan no han visto el episodio 21 de la s\u00e9ptima temporada, Je Souhaite, que firm\u00f3 y dirigi\u00f3 \u00e9l. Es una genialidad. Pero volvamos a la premisa de Pluribus. Una escritora superventas de novela rom\u00e1ntico hist\u00f3rico paranormal, Carol Sturka (la en muchos sentidos inigualable Rhea Seehorn) es inmune al virus que, desarrollado concienzudamente en un laboratorio militar, ha acabado con el yo. Conectada multitudinaria y cerebralmente, la humanidad ha pasado a ser un nosotros mayest\u00e1tico, feliz y en paz. Una criatura constituida por miles de millones de individuos que han dejado de ser ellos mismos para ser esa otra cosa.<\/p>\n<p class=\"\">Una otra cosa que aterra, por supuesto, a Carol, que primero ha perdido a su mujer \u2014a la que se obsesiona con llevar a casa, muerta, y a quien tiene delante cuando el subsecretario de Agricultura de Estados Unidos (el presidente ha muerto) la invita a llamarle por tel\u00e9fono y le habla desde la pantalla del televisor, en un momento a la vez c\u00f3mico y siniestro en el que los titulares que se sobreescriben en la pantalla son titulares que se dirigen a ti, porque t\u00fa, es decir, Carol, eres su \u00fanico espectador\u2014, y luego ha perdido al resto de sus iguales. Porque ya no hay nadie ah\u00ed con ella. Todos forman parte de un todo que solo pretende ayudar. <\/p>\n<p class=\"\">Pero ayudar, \u00bfa qu\u00e9? Carol no lo sabe, pero el asunto del virus lleg\u00f3 como un mensaje de otro planeta. El caso es que ella solo se tiene a s\u00ed misma. Sus recuerdos, su cerebro desconectado, y su deseo de no morir, es decir, su instinto de supervivencia existencial, que es, por encima de todo, un instinto de supervivencia intelectual. \u00bfY no est\u00e1 hablando exagerada y fascinantemente de algo que ya est\u00e1 pasando? \u00bfNo estar conectada es no existir, o al rev\u00e9s?<\/p>\n<p><img alt=\"Rhea Seehorn, en un momento de 'Pluribus'.\" decoding=\"auto\" class=\"_re lazyload a_m-h\" height=\"276\"  width=\"414\"  src=\"https:\/\/www.europesays.com\/es\/wp-content\/uploads\/2025\/11\/KGWB3SCFYNGZTOAS5Q2XQLB4XQ.jpg\" loading=\"lazy\"\/>Rhea Seehorn, en un momento de &#8216;Pluribus&#8217;.Apple TV<\/p>\n<p class=\"\">Es inevitable intuir tras la ingeniosa puesta en escena \u2014todo son momentos cumbre, y alg\u00fan tipo de absurdo, porque en la Tierra hay otros como Carol, pero a ninguno de ellos parece importarle que no haya conciencias \u00fanicas, se sienten igualmente acompa\u00f1ados, o incluso poderosos, como el tipo que pide viajar en el <a href=\"https:\/\/elpais.com\/elpais\/2016\/12\/06\/album\/1481042191_320876.html\" target=\"_self\" rel=\"nofollow noopener\" title=\"https:\/\/elpais.com\/elpais\/2016\/12\/06\/album\/1481042191_320876.html\">Air Force One<\/a> y disponer de un har\u00e9n de se\u00f1oritas\u2014 una cr\u00edtica salvaje a aquello que el algoritmo \u2014y las redes sociales\u2014 y, qu\u00e9 demonios, <a href=\"https:\/\/elpais.com\/noticias\/inteligencia-artificial\/\" target=\"_self\" rel=\"nofollow noopener\" title=\"https:\/\/elpais.com\/noticias\/inteligencia-artificial\/\">la IA<\/a>, est\u00e1n haciendo con nosotros. Crear un pensamiento \u00fanico que aparenta ser un pensamiento at\u00f3mico, es decir, que aparenta pertenecernos, pero que no es m\u00e1s que corriente compartida. <\/p>\n<p class=\"\">Si toda distop\u00eda \u2014y Pluribus es una distop\u00eda altamente disfrutable, un cl\u00e1sico instant\u00e1neo\u2014 es un piloto rojo que alerta a la humanidad sobre el lugar oscuro al que podr\u00eda estar dirigi\u00e9ndose, por una vez se dir\u00eda que esta no teme tanto a la deshumanizaci\u00f3n como al fin del yo. El miedo a la muerte de aquello que cada uno de nosotros ha sido o podr\u00eda llegar a ser. \u00bfNo les aterra? Ve\u00e1nla.<\/p>\n","protected":false},"excerpt":{"rendered":"He aqu\u00ed un triple mortal impecable con cambio de g\u00e9nero reinventado o a reinventar. Del narco noir o&hellip;\n","protected":false},"author":2,"featured_media":250873,"comment_status":"","ping_status":"","sticky":false,"template":"","format":"standard","meta":{"footnotes":""},"categories":[171],"tags":[1015,12178,59666,31486,17104,1931,146,147,25,24,629,136,1922,6586,8189,23,807,214],"class_list":{"0":"post-250872","1":"post","2":"type-post","3":"status-publish","4":"format-standard","5":"has-post-thumbnail","7":"category-tv","8":"tag-actrices","9":"tag-apple-tv","10":"tag-better-call-saul","11":"tag-breaking-bad","12":"tag-critica-television","13":"tag-drama","14":"tag-entertainment","15":"tag-entretenimiento","16":"tag-es","17":"tag-espana","18":"tag-estados-unidos","19":"tag-inteligencia-artificial","20":"tag-redes-sociales","21":"tag-series-drama","22":"tag-series-television","23":"tag-spain","24":"tag-television","25":"tag-tv"},"share_on_mastodon":{"url":"https:\/\/pubeurope.com\/@es\/115597365119811316","error":""},"_links":{"self":[{"href":"https:\/\/www.europesays.com\/es\/wp-json\/wp\/v2\/posts\/250872","targetHints":{"allow":["GET"]}}],"collection":[{"href":"https:\/\/www.europesays.com\/es\/wp-json\/wp\/v2\/posts"}],"about":[{"href":"https:\/\/www.europesays.com\/es\/wp-json\/wp\/v2\/types\/post"}],"author":[{"embeddable":true,"href":"https:\/\/www.europesays.com\/es\/wp-json\/wp\/v2\/users\/2"}],"replies":[{"embeddable":true,"href":"https:\/\/www.europesays.com\/es\/wp-json\/wp\/v2\/comments?post=250872"}],"version-history":[{"count":0,"href":"https:\/\/www.europesays.com\/es\/wp-json\/wp\/v2\/posts\/250872\/revisions"}],"wp:featuredmedia":[{"embeddable":true,"href":"https:\/\/www.europesays.com\/es\/wp-json\/wp\/v2\/media\/250873"}],"wp:attachment":[{"href":"https:\/\/www.europesays.com\/es\/wp-json\/wp\/v2\/media?parent=250872"}],"wp:term":[{"taxonomy":"category","embeddable":true,"href":"https:\/\/www.europesays.com\/es\/wp-json\/wp\/v2\/categories?post=250872"},{"taxonomy":"post_tag","embeddable":true,"href":"https:\/\/www.europesays.com\/es\/wp-json\/wp\/v2\/tags?post=250872"}],"curies":[{"name":"wp","href":"https:\/\/api.w.org\/{rel}","templated":true}]}}