{"id":250878,"date":"2025-11-23T05:33:10","date_gmt":"2025-11-23T05:33:10","guid":{"rendered":"https:\/\/www.europesays.com\/es\/250878\/"},"modified":"2025-11-23T05:33:10","modified_gmt":"2025-11-23T05:33:10","slug":"la-reaccion-de-irene-rosales-a-la-entrevista-de-isa-pantoja-en-de-viernes-son-capitulos-cerrados","status":"publish","type":"post","link":"https:\/\/www.europesays.com\/es\/250878\/","title":{"rendered":"La reacci\u00f3n de Irene Rosales a la entrevista de Isa Pantoja en &#8216;De viernes&#8217;: \u00abSon cap\u00edtulos cerrados\u00bb"},"content":{"rendered":"<p data-journey-content=\"true\" data-node-id=\"3\" class=\"css-6wxqfj emevuu60\">Ya no forma parte del clan Pantoja, aunque mantendr\u00e1 un v\u00ednculo de por vida con Kiko Rivera por el bienestar de sus hijas en com\u00fan. Pero desde hace ya unos meses, <strong data-node-id=\"3.1\">Irene Rosales vive al margen de lo que ocurra en el seno de esta familia a la que ha estado unida durante a\u00f1os.<\/strong> Desde que se supo que <a href=\"https:\/\/www.diezminutos.es\/famosos-corazon\/famosos-espanoles\/a69291107\/kiko-rivera-irene-rosales-ruptura-motivos-entrevista-en-de-viernes-me-repelia\/\" target=\"_blank\" data-vars-ga-outbound-link=\"https:\/\/www.diezminutos.es\/famosos-corazon\/famosos-espanoles\/a69291107\/kiko-rivera-irene-rosales-ruptura-motivos-entrevista-en-de-viernes-me-repelia\/\" data-vars-ga-ux-element=\"Hyperlink\" data-vars-ga-call-to-action=\"ella y el dj se separaban\" data-node-id=\"3.3\" class=\"body-link css-177bzfx emevuu60\" rel=\"nofollow noopener\">ella y el dj se separaban<\/a>, han pasado unas semanas complicadas en las que ambos han tenido que asentarse en un nuevo tipo de relaci\u00f3n en que la custodia y atenciones de sus hijas era la prioridad. Pero poco a poco las cosas han ido volviendo a su cauce y as\u00ed, ella ha podido <a href=\"https:\/\/www.diezminutos.es\/famosos-corazon\/famosos-espanoles\/a68831109\/irene-rosales-reaparece-mensaje-ruptura-kiko-rivera-bailando-con-las-estrellas\/\" target=\"_blank\" data-vars-ga-outbound-link=\"https:\/\/www.diezminutos.es\/famosos-corazon\/famosos-espanoles\/a68831109\/irene-rosales-reaparece-mensaje-ruptura-kiko-rivera-bailando-con-las-estrellas\/\" data-vars-ga-ux-element=\"Hyperlink\" data-vars-ga-call-to-action=\"participar en &#039;Bailando con las estrellas&#039;\" data-node-id=\"3.5\" class=\"body-link css-177bzfx emevuu60\" rel=\"nofollow noopener\">participar en &#8216;Bailando con las estrellas&#8217;<\/a>, adem\u00e1s de <a href=\"https:\/\/www.diezminutos.es\/famosos-corazon\/famosos-espanoles\/a69453711\/irene-rosales-fotos-escapada-romantica-novio-guillermo-roma\/\" target=\"_blank\" data-vars-ga-outbound-link=\"https:\/\/www.diezminutos.es\/famosos-corazon\/famosos-espanoles\/a69453711\/irene-rosales-fotos-escapada-romantica-novio-guillermo-roma\/\" data-vars-ga-ux-element=\"Hyperlink\" data-vars-ga-call-to-action=\"presumir de novio hasta en una escapada rom\u00e1ntica\" data-node-id=\"3.7\" class=\"body-link css-177bzfx emevuu60\" rel=\"nofollow noopener\">presumir de novio hasta en una escapada rom\u00e1ntica<\/a> mientras en la vida de su ex se remov\u00eda todo tras su entrevista en &#8216;De viernes&#8217;. Tanto es as\u00ed que el intento de reconciliarse con su hermana <a href=\"https:\/\/www.diezminutos.es\/isa-pantoja\/\" target=\"_blank\" data-vars-ga-outbound-link=\"https:\/\/www.diezminutos.es\/isa-pantoja\/\" data-vars-ga-ux-element=\"Hyperlink\" data-vars-ga-call-to-action=\"Isa Pantoja\" data-node-id=\"3.9\" class=\"body-link css-177bzfx emevuu60\" rel=\"nofollow noopener\">Isa Pantoja<\/a> ha tenido consecuencias y es que la hija menor de Isabel Pantoja acudi\u00f3 al mismo plat\u00f3 tan solo una semana despu\u00e9s para responder a todo lo que el dj expuso en directo. Lo que nadie esperaba es que fuese tan clara respecto a la iniciativa de su hermano, que <strong data-node-id=\"3.11\">achacaba que hubiera movido ficha justo en este momento: \u00abDa la casualidad de que ya no est\u00e1 con Irene y est\u00e1 solo\u00bb.<\/strong> Ahora, tan solo un d\u00eda despu\u00e9s, la aludida ha contestado. As\u00ed ha sido <strong data-node-id=\"3.13\">la reacci\u00f3n de Irene Rosales a la entrevista de Isa Pantoja en &#8216;De viernes&#8217;: \u00abSon cap\u00edtulos cerrados\u00bb.<\/strong><\/p>\n<p><img draggable=\"true\" alt=\"irene rosales vestida con un conjunto de deporte en color verde y sudadera atada a la cintura\" title=\"Irene Rosales\" loading=\"lazy\" width=\"3000\" height=\"4559\" decoding=\"async\" data-nimg=\"1\" style=\"color:transparent;width:100%;height:auto;\"   src=\"https:\/\/www.europesays.com\/es\/wp-content\/uploads\/2025\/11\/irene-rosales-ropa-deportiva-69170513e27e5.jpg\" class=\"css-0 e1g79fud0\"\/><\/p>\n<p>Gtres<\/p>\n<p><br data-node-id=\"6\"\/><strong data-node-id=\"7\"><br data-node-id=\"7.0\"\/><\/strong>Irene Rosales reacciona a las palabras de Isa Pantoja en su entrevista en &#8216;De viernes&#8217;<\/p>\n<p data-journey-content=\"true\" data-node-id=\"14\" class=\"css-6wxqfj emevuu60\"><a href=\"https:\/\/www.diezminutos.es\/famosos-corazon\/famosos-espanoles\/a69516883\/isa-pantoja-de-viernes-titulares-entrevista\/\" target=\"_blank\" data-vars-ga-outbound-link=\"https:\/\/www.diezminutos.es\/famosos-corazon\/famosos-espanoles\/a69516883\/isa-pantoja-de-viernes-titulares-entrevista\/\" data-vars-ga-ux-element=\"Hyperlink\" data-vars-ga-call-to-action=\"Isa Pantoja dej\u00f3 muchos titulares\" data-node-id=\"14.0\" class=\"body-link css-177bzfx emevuu60\" rel=\"nofollow noopener\">Isa Pantoja dej\u00f3 muchos titulares<\/a> el viernes 21 de noviembre en su paso por el programa nocturno de Telecinco pero, en particular, uno de ellos hac\u00eda menci\u00f3n directa a Irene Rosales. La mujer de Asraf Beno no dud\u00f3 en comentar la casualidad que supon\u00eda, a sus ojos, que su hermano  <a href=\"https:\/\/diezminutos.es\/kiko-rivera\" target=\"_blank\" data-node-id=\"14.2\" data-mrf-link=\"https:\/\/diezminutos.es\/kiko-rivera\" data-mrf-recirculation-id=\"[Article] In Text Link_0\" data-vars-ga-outbound-link=\"https:\/\/diezminutos.es\/kiko-rivera\" data-vars-ga-ux-element=\"Hyperlink\" data-vars-ga-call-to-action=\"Kiko Rivera\" class=\"body-link css-177bzfx emevuu60\" rel=\"nofollow noopener\">Kiko Rivera<\/a>  se animase a tender un puente hacia la reconciliaci\u00f3n y el perd\u00f3n tras a\u00f1os sin hablarse justo unos meses despu\u00e9s de la separaci\u00f3n de su mujer. Eso s\u00ed,<strong data-node-id=\"14.4\"> Isa aclar\u00f3: \u00abYo no le echo la culpa a Irene en s\u00ed, pero ha afectado mucho a que tome esa decisi\u00f3n el hecho de que est\u00e9 sin su mujer, sin tener ese apoyo\u00bb. <\/strong><\/p>\n<p><img draggable=\"true\" alt=\"isa pantoja en de viernes\" title=\"Isa Pantoja en De viernes\" loading=\"lazy\" width=\"5336\" height=\"3000\" decoding=\"async\" data-nimg=\"1\" style=\"color:transparent;width:100%;height:auto;\"   src=\"https:\/\/www.europesays.com\/es\/wp-content\/uploads\/2025\/11\/1763875990_660_isa-pantoja-de-viernes-6921738beb09f.jpg\" class=\"css-0 e1g79fud0\"\/><\/p>\n<p>Mediaset<\/p>\n<p data-journey-content=\"true\" data-node-id=\"18\" class=\"css-6wxqfj emevuu60\">Ante estas declaraciones, como aludida, era relevante escuchar si la propia Irene ten\u00eda algo que decir al respecto de esta pulla hacia su hermano que, de forma indirecta, le afecta a ella tambi\u00e9n. Pero<strong data-node-id=\"18.1\"> Irene Rosales ha optado por la prudencia<\/strong> y, al ser preguntada por este asunto, ha contestado con tranquilidad lo que para ella est\u00e1 siendo una continuaci\u00f3n de su forma de proceder respecto a la familia de su exmarido desde que se separ\u00f3. <\/p>\n<p><img draggable=\"true\" alt=\"irene rosales\" title=\"Irene Rosales\" loading=\"lazy\" width=\"3000\" height=\"3877\" decoding=\"async\" data-nimg=\"1\" style=\"color:transparent;width:100%;height:auto;\"   src=\"https:\/\/www.europesays.com\/es\/wp-content\/uploads\/2025\/11\/1763875990_630_irene-rosales-68c945c478f61.jpg\" class=\"css-0 e1g79fud0\"\/><\/p>\n<p>Gtres<\/p>\n<p data-journey-content=\"true\" data-node-id=\"21\" class=\"css-6wxqfj emevuu60\">As\u00ed, con claridad, Irene Rosales ha sido muy directa:<strong data-node-id=\"21.1\"> \u00abNo he visto nada, pero ya s<\/strong><strong data-node-id=\"21.2\">on cap\u00edtulos cerrados, por mi parte\u00bb,<\/strong> zanjando cualquier debate en lo que a su menci\u00f3n se refiere. Eso s\u00ed, tampoco ha perdido la oportunidad de reafirmar la buena sinton\u00eda que est\u00e1 reinando con su ex en todo este proceso, por el bien de <a href=\"https:\/\/www.diezminutos.es\/famosos-corazon\/famosos-espanoles\/a65955458\/kiko-rivera-viaje-padre-separado-hijas-huelva-ruptura-irene-rosales\/\" target=\"_blank\" data-vars-ga-outbound-link=\"https:\/\/www.diezminutos.es\/famosos-corazon\/famosos-espanoles\/a65955458\/kiko-rivera-viaje-padre-separado-hijas-huelva-ruptura-irene-rosales\/\" data-vars-ga-ux-element=\"Hyperlink\" data-vars-ga-call-to-action=\"Ana y Carlota\" data-node-id=\"21.4\" class=\"body-link css-177bzfx emevuu60\" rel=\"nofollow noopener\">Ana y Carlota<\/a>: \u00ab<strong data-node-id=\"21.6\">Con Kiko todo muy bien, es el padre de mis hijas\u00bb.<br data-node-id=\"21.6.1\"\/><\/strong><\/p>\n<p><img src=\"https:\/\/www.europesays.com\/es\/wp-content\/uploads\/2025\/11\/1763875990_753_c846bc45-0529-47f5-9c7d-b54f2b3afed7_1682587735.file\" alt=\"Headshot of Nora C\u00e1mara\" title=\"Headshot of Nora C\u00e1mara\" width=\"100%\" height=\"100%\" decoding=\"async\" loading=\"lazy\" class=\"css-o0wq4v ev8dhu53\"\/><\/p>\n<p>Nora es experta en contenidos de cine y televisi\u00f3n en la web de Diez Minutos. Sus intereses personales y profesionales se cruzan en su labor en esta revista, pues dedica su tiempo a estar al d\u00eda en los \u00faltimos estrenos en salas y plataformas, tanto para no perd\u00e9rselos como para recomendarlos. Pero que nadie sufra, tambi\u00e9n desconecta con la m\u00fasica en directo, la lectura y los viajes. \u00a0<\/p>\n<p>Prescriptora audiovisual por verdadera afici\u00f3n, siempre est\u00e1 dispuesta a arrastrarte con ella al apasionante mundo de las sagas como Harry Potter, Star Wars o Marvel, as\u00ed como a sugerirte la \u00faltima serie adictiva que no debes perderte de Netflix, HBO Max, Disney+, Movistar+ y Amazon Prime Video. Eso s\u00ed, si tienes un arrebato de nostalgia, tambi\u00e9n te recordar\u00e1 el cl\u00e1sico perfecto para cualquier estado de \u00e1nimo o tem\u00e1tica que te interese, desde el musical o la ciencia ficci\u00f3n a las adaptaciones literarias.\u00a0<\/p>\n<p>Nora C\u00e1mara se gradu\u00f3 en Periodismo y Comunicaci\u00f3n Audiovisual en la Universidad Carlos III de Madrid en 2015, donde defini\u00f3 su pasi\u00f3n por los contenidos de cine y televisi\u00f3n. Continu\u00f3 su especializaci\u00f3n en estas materias con diversas formaciones de Guion de televisi\u00f3n y Cr\u00edtica cinematogr\u00e1fica, llev\u00e1ndole a mejorar su experiencia en las revistas del grupo HEARST Teleprograma, Supertele y Telenovela, antes de su llegada a Diez Minutos, hace dos a\u00f1os. \u00a0<\/p>\n","protected":false},"excerpt":{"rendered":"Ya no forma parte del clan Pantoja, aunque mantendr\u00e1 un v\u00ednculo de por vida con Kiko Rivera por&hellip;\n","protected":false},"author":2,"featured_media":149589,"comment_status":"","ping_status":"","sticky":false,"template":"","format":"standard","meta":{"footnotes":""},"categories":[91],"tags":[253,146,147,25,24,23],"class_list":{"0":"post-250878","1":"post","2":"type-post","3":"status-publish","4":"format-standard","5":"has-post-thumbnail","7":"category-entretenimiento","8":"tag-discover","9":"tag-entertainment","10":"tag-entretenimiento","11":"tag-es","12":"tag-espana","13":"tag-spain"},"share_on_mastodon":{"url":"https:\/\/pubeurope.com\/@es\/115597384731887516","error":""},"_links":{"self":[{"href":"https:\/\/www.europesays.com\/es\/wp-json\/wp\/v2\/posts\/250878","targetHints":{"allow":["GET"]}}],"collection":[{"href":"https:\/\/www.europesays.com\/es\/wp-json\/wp\/v2\/posts"}],"about":[{"href":"https:\/\/www.europesays.com\/es\/wp-json\/wp\/v2\/types\/post"}],"author":[{"embeddable":true,"href":"https:\/\/www.europesays.com\/es\/wp-json\/wp\/v2\/users\/2"}],"replies":[{"embeddable":true,"href":"https:\/\/www.europesays.com\/es\/wp-json\/wp\/v2\/comments?post=250878"}],"version-history":[{"count":0,"href":"https:\/\/www.europesays.com\/es\/wp-json\/wp\/v2\/posts\/250878\/revisions"}],"wp:featuredmedia":[{"embeddable":true,"href":"https:\/\/www.europesays.com\/es\/wp-json\/wp\/v2\/media\/149589"}],"wp:attachment":[{"href":"https:\/\/www.europesays.com\/es\/wp-json\/wp\/v2\/media?parent=250878"}],"wp:term":[{"taxonomy":"category","embeddable":true,"href":"https:\/\/www.europesays.com\/es\/wp-json\/wp\/v2\/categories?post=250878"},{"taxonomy":"post_tag","embeddable":true,"href":"https:\/\/www.europesays.com\/es\/wp-json\/wp\/v2\/tags?post=250878"}],"curies":[{"name":"wp","href":"https:\/\/api.w.org\/{rel}","templated":true}]}}