{"id":250881,"date":"2025-11-23T05:36:14","date_gmt":"2025-11-23T05:36:14","guid":{"rendered":"https:\/\/www.europesays.com\/es\/250881\/"},"modified":"2025-11-23T05:36:14","modified_gmt":"2025-11-23T05:36:14","slug":"la-tormenta-perfecta-se-cierne-sobre-zelenski-internacional","status":"publish","type":"post","link":"https:\/\/www.europesays.com\/es\/250881\/","title":{"rendered":"La tormenta perfecta se cierne sobre Zelenski | Internacional"},"content":{"rendered":"<p class=\"\">Ucrania se enfrenta al momento de la verdad, anunci\u00f3 el viernes Volod\u00edmir Zelenski, en un duro discurso a la naci\u00f3n. \u201cO perder la dignidad o perder a un aliado clave\u201d, dijo el presidente. Este aliado es Estados Unidos y no es un socio cualquiera: fue su principal suministrador de armamento en los primeros tres a\u00f1os de la guerra. Todo cambi\u00f3 cuando el pasado enero lleg\u00f3 Donald Trump a la Casa Blanca y demostr\u00f3 desde el primer d\u00eda de mandato su afinidad con su hom\u00f3logo ruso, Vlad\u00edmir Putin. <a href=\"https:\/\/elpais.com\/internacional\/2025-11-21\/trump-da-a-zelenski-una-semana-para-responder-sobre-el-plan-de-paz-para-ucrania.html\" target=\"_self\" rel=\"nofollow noopener\" title=\"https:\/\/elpais.com\/internacional\/2025-11-21\/trump-da-a-zelenski-una-semana-para-responder-sobre-el-plan-de-paz-para-ucrania.html\">El \u201cplan de paz\u201d que Trump exige ahora a Zelenski es una capitulaci\u00f3n<\/a> ante el invasor, lo que el mandatario ucranio considerar\u00eda perder la dignidad.<\/p>\n<p class=\"\">Lo que Zelenski <a href=\"https:\/\/elpais.com\/internacional\/2025-11-21\/el-plan-de-ee-uu-traspasa-lineas-rojas-de-ucrania-y-cede-ante-las-exigencias-de-rusia.html\" target=\"_self\" rel=\"nofollow noopener\" title=\"https:\/\/elpais.com\/internacional\/2025-11-21\/el-plan-de-ee-uu-traspasa-lineas-rojas-de-ucrania-y-cede-ante-las-exigencias-de-rusia.html\">plante\u00f3 a la ciudadan\u00eda en su mensaje es una pregunta que tarde o temprano<\/a> ten\u00eda que llegar: \u00bfquieren los ucranios y sus representantes pol\u00edticos ceder a los intereses rusos y as\u00ed detener la guerra? \u00bfO est\u00e1n dispuestos a continuar luchando pese a que la situaci\u00f3n solo puede ir a peor? El presidente lo dej\u00f3 todav\u00eda m\u00e1s claro cuando advirti\u00f3 que en caso de mantener la dignidad, el pa\u00eds se enfrenta \u201ca un invierno extremadamente duro\u201d.<\/p>\n<p class=\"\">El periodo \u201cextremadamente duro\u201d ya empez\u00f3. Los bombardeos rusos contra el sistema el\u00e9ctrico provocan cortes de luz diarios de 14 horas. Esto va acompa\u00f1ado de la interrupci\u00f3n del sistema de calefacci\u00f3n, de telefon\u00eda o de agua caliente. En el frente de guerra, la situaci\u00f3n no es m\u00e1s f\u00e1cil: pese a la defensa heroica ucrania, el ej\u00e9rcito ruso avanza en Donetsk, en J\u00e1rkov y acaba de iniciar una nueva ofensiva en el sur, en la provincia de Zaporiyia.<\/p>\n<p class=\"\">Si las amenazas veladas de Trump de interrumpir la ayuda militar estadounidense para Ucrania se cumplieran, en caso de que Zelenski no responda al ultim\u00e1tum para aceptar su plan de paz, la situaci\u00f3n en el frente y en la retaguardia ir\u00edan a peor. Sobre todo porque<a href=\"https:\/\/elpais.com\/internacional\/2025-03-05\/ee-uu-congela-el-suministro-de-informacion-de-inteligencia-a-ucrania-clave-para-frenar-la-ofensiva-rusa.html\" target=\"_self\" rel=\"nofollow noopener\" title=\"https:\/\/elpais.com\/internacional\/2025-03-05\/ee-uu-congela-el-suministro-de-informacion-de-inteligencia-a-ucrania-clave-para-frenar-la-ofensiva-rusa.html\"> Ucrania podr\u00eda quedarse sin la inteligencia estadounidense<\/a> que le permite detectar desde el despegue de los aviones rusos a posiciones militares del enemigo.<\/p>\n<p>La mayor crisis pol\u00edtica<\/p>\n<p class=\"\">El cansancio se acumula inevitablemente en la sociedad ucrania y hay claras muestras de ello:<a href=\"https:\/\/elpais.com\/internacional\/2025-09-21\/los-ucranios-que-se-niegan-a-ir-a-morir-al-frente.html\" target=\"_self\" rel=\"nofollow noopener\" title=\"https:\/\/elpais.com\/internacional\/2025-09-21\/los-ucranios-que-se-niegan-a-ir-a-morir-al-frente.html\"> los 1,5 millones de hombres que se esconden del alistamiento obligatorio<\/a>, seg\u00fan cifras oficiales; las deserciones y abandonos no autorizados de posici\u00f3n en el ej\u00e9rcito, que equivalen hoy, seg\u00fan datos de la Fiscal\u00eda General, a un 20% de las tropas; y la primera gran crisis pol\u00edtica que sufre el presidente en los casi cuatro a\u00f1os de guerra a cuenta de la corrupci\u00f3n.<\/p>\n<p class=\"\"><a href=\"https:\/\/elpais.com\/internacional\/2025-07-22\/aluvion-de-criticas-a-zelenski-en-ucrania-por-interferir-en-la-lucha-contra-la-corrupcion.html\" target=\"_self\" rel=\"nofollow noopener\" title=\"https:\/\/elpais.com\/internacional\/2025-07-22\/aluvion-de-criticas-a-zelenski-en-ucrania-por-interferir-en-la-lucha-contra-la-corrupcion.html\">Zelenski abri\u00f3 el pasado 22 de julio la caja de Pandora<\/a> cuando present\u00f3 de urgencia en la Rada, la c\u00e1mara legislativa, una reforma legal que anulaba de facto la independencia de las agencias anticorrupci\u00f3n del pa\u00eds. A los diputados se les dieron unas pocas horas para votar. La decisi\u00f3n de Zelenski le cost\u00f3 las primeras manifestaciones en las calles de Ucrania en los casi cuatro a\u00f1os de guerra, y su primera fractura con Europa.<\/p>\n<p class=\"\">Cuatro meses despu\u00e9s, pocos dudan de que aquel movimiento fuera una reacci\u00f3n <a href=\"https:\/\/elpais.com\/internacional\/2025-11-10\/un-caso-de-corrupcion-en-el-sector-energetico-salpica-al-gobierno-y-al-entorno-de-zelenski.html\" target=\"_self\" rel=\"nofollow noopener\" title=\"https:\/\/elpais.com\/internacional\/2025-11-10\/un-caso-de-corrupcion-en-el-sector-energetico-salpica-al-gobierno-y-al-entorno-de-zelenski.html\">para encubrir una ola de fraudes que azotar\u00eda al c\u00edrculo de confianza<\/a> del jefe de Estado.<\/p>\n<p class=\"\"><a href=\"https:\/\/elpais.com\/internacional\/2025-07-24\/zelenski-rectifica-tras-las-protestas-y-presenta-una-ley-para-garantizar-la-lucha-contra-la-corrupcion.html\" target=\"_self\" rel=\"nofollow noopener\" title=\"https:\/\/elpais.com\/internacional\/2025-07-24\/zelenski-rectifica-tras-las-protestas-y-presenta-una-ley-para-garantizar-la-lucha-contra-la-corrupcion.html\">Zelenski dio marcha atr\u00e1s a su voluntad de que La Agencia Nacional Anticorrupci\u00f3n (NABU) y la Fiscal\u00eda Anticorrupci\u00f3n<\/a> (SAPO) pasaran a estar bajo los designios del fiscal general, un cargo nombrado por \u00e9l. Desde la NABU y la SAPO se filtr\u00f3 por entonces a los medios de comunicaci\u00f3n que el principal motivo de la andanada del presidente contra su autonom\u00eda ten\u00eda nombre y apellido: Timur Mindich.<\/p>\n<p><img decoding=\"auto\" class=\"_re lazyload a_m-h\" height=\"276\"  width=\"414\"  src=\"https:\/\/www.europesays.com\/es\/wp-content\/uploads\/2025\/11\/TYLSPGTBUNNJZBXFNH7WMQG3EY.jpg\" loading=\"lazy\"\/>Una guardia saluda ante el f\u00e9retro de Ruslan Zhygunov, un militar ucranio ca\u00eddo en el frente cerca de la aldea de Rusyn Yar, durante su funeral, celebrado en Hostomel, Ucrania, este s\u00e1bado.Evgeniy Maloletka (AP)<\/p>\n<p class=\"\">Mindich ha sido uno de los amigos de mayor confianza del jefe de Estado y su socio en la productora audiovisual Kvartal 95, la que convirti\u00f3 a Zelenski en un actor c\u00e9lebre. La NABU y la SAPO llevaban meses siguiendo a Mindich y grabando cientos de horas de sus conversaciones. El contenido de estas investigaciones resultar\u00eda explosivo, y la detonaci\u00f3n se ha producido este noviembre. Los organismos anticorrupci\u00f3n hicieron p\u00fablicas grabaciones que demostrar\u00edan que Mindich era el cerebro de una red de mordidas procedentes de contratos de la empresa estatal de la energ\u00eda at\u00f3mica Energoatom. El fraude alcanzar\u00eda superar\u00eda los 85 millones de euros.<\/p>\n<p class=\"\">Dos de los principales investigados, Mindich y el empresario Oleksandr Zukerman, huyeron de Ucrania el 10 de noviembre, pocas horas antes que la NABU registrara sus domicilios.<\/p>\n<p class=\"\">El caso Energoatom ya se ha llevado por delante a dos ministros: a la titular de Energ\u00eda, <a href=\"https:\/\/elpais.com\/internacional\/2025-11-12\/el-gobierno-ucranio-destituye-al-ministro-de-justicia-por-el-fraude-en-el-sector-energetico.html\" target=\"_self\" rel=\"nofollow noopener\" title=\"https:\/\/elpais.com\/internacional\/2025-11-12\/el-gobierno-ucranio-destituye-al-ministro-de-justicia-por-el-fraude-en-el-sector-energetico.html\">Svitlana Grinchuk, y a su antecesor y ministro de Justicia, German Galuschenko<\/a>. Pero no solo eso, el ex viceprimer ministro Oleksi Chernishov, otro hombre del c\u00edrculo pr\u00f3ximo a Zelenski, fue detenido esta semana por presuntamente colaborar con Mindich en el lavado de dinero de las comisiones ilegales de Energoatom. Chernishov fue puesto poco despu\u00e9s en libertad bajo fianza.<\/p>\n<p>Doble amenaza<\/p>\n<p class=\"\">Los tent\u00e1culos de Mindich no terminan aqu\u00ed: la NABU y la SAPO tienen grabaciones que demostrar\u00edan que el empresario y socio de Zelenski aprovech\u00f3 sus contactos para negociar contratos con Rustem Umerov, exministro de Defensa y actual secretario del Consejo de Seguridad Nacional. Umerov es tambi\u00e9n una de las personas de mayor confianza del presidente.<\/p>\n<p class=\"\">Umerov es una figura que encarna la doble amenaza que pende sobre Zelenski. Por un lado se le cuestiona en algo tan sagrado como la gesti\u00f3n de los presupuestos de defensa; por otro, su nombre apareci\u00f3 esta semana en los medios estadounidenses como el representante del presidente ucranio que particip\u00f3 en la elaboraci\u00f3n del plan de paz de Trump. Seg\u00fan estas informaciones, Umerov propuso uno de los puntos m\u00e1s pol\u00e9micos: que Ucrania renuncie a procesar los cr\u00edmenes de guerra cometidos por Rusia y se establezca una amnist\u00eda por todos los delitos cometidos durante el conflicto.<\/p>\n<p class=\"\">Umerov neg\u00f3 el viernes la mayor, pero la oposici\u00f3n salt\u00f3 a la yugular. El diputado Volod\u00edmir Ariev fue el encargado por parte de Solidaridad Europea, principal fuerza de la oposici\u00f3n, para exigir explicaciones en lo que su partido considera que es una cl\u00e1usula que permitir\u00e1 al c\u00edrculo de Zelenski a no ser juzgados por corrupci\u00f3n. De hecho, seg\u00fan los medios estadounidenses, Umerov consigui\u00f3 retirar un punto del plan que reclamaba una auditor\u00eda especial sobre la gesti\u00f3n de los fondos internacionales para Ucrania. <\/p>\n<p class=\"\">\u201cNo puede imaginarse tal nivel de cinismo y arrogancia\u201d, escribi\u00f3 Ariev en un comunicado, \u201cproteger a los ladrones y los bienes robados es m\u00e1s importante que proteger los intereses de Ucrania\u201d. Ariev tambi\u00e9n considera que el plan que pretende imponer Trump a Ucrania es una \u201ccapitulaci\u00f3n y una tradici\u00f3n\u201d y que aceptarla podr\u00eda provocar la inestabilidad interna en el pa\u00eds. <\/p>\n<p class=\"\">Un estudio del centro demosc\u00f3pico Gradus presentado el pasado octubre se\u00f1alaba precisamente este riesgo como uno de los factores por los que los seis millones de ucranios refugiados en Europa se resisten a volver a su pa\u00eds, incluso si se acuerda la paz: seg\u00fan Gradus, uno de los aspectos que destacan estos desplazados es que la situaci\u00f3n social y pol\u00edtica interna puede ser negativa si la guerra se cierra con un mal pacto para Ucrania.<\/p>\n<p>Gobierno de unidad nacional<\/p>\n<p class=\"\">Pese a que se est\u00e1 librando una guerra por la supervivencia del pa\u00eds, y pese a que su principal aliado les est\u00e1 dejando en la estacada, la oposici\u00f3n ucrania quiere ver caer al Gobierno. Solidaridad Europea est\u00e1 buscando una mayor\u00eda para ganar una moci\u00f3n de censura que tumbe al Ejecutivo del jefe de Estado. El expresidente Petro Poroshenko, l\u00edder de Solidaridad Europea, quiere cesar al Consejo de Ministros y que la Rada proponga un \u201cGobierno de unidad nacional\u201d, una coalici\u00f3n de todas las fuerzas parlamentarias. Poroshenko tiene asegurado el apoyo del grupo de la exprimera ministra Yulia Timoshenko y de otra fuerza opositora, Golos. <\/p>\n<p><img decoding=\"auto\" class=\"_re lazyload a_m-h\" height=\"276\"  width=\"414\"  src=\"https:\/\/www.europesays.com\/es\/wp-content\/uploads\/2025\/11\/ADNN6QBKOFL5RCS7XCGMC2CMRY.jpg\" loading=\"lazy\"\/>Ucranios paseando, este jueves, junto a tanques y equipos rusos destruidos que se exhiben en la plaza Mykhailivska de Kiev.CONTACTO v\u00eda Europa Press (CONTACTO v\u00eda Europa Press)<\/p>\n<p class=\"\">Kira Rudik, la l\u00edder de Golos, defendi\u00f3 el 18 de noviembre en un comunicado que es imprescindible un \u201creinicio\u201d en Ucrania con un Gobierno de coalici\u00f3n puesto que convocar elecciones es imposible mientras est\u00e9 en vigor la ley marcial. Y no solo por la ley marcial, ning\u00fan partido pol\u00edtico cree que sea posible convocar comicios legislativos y presidenciales mientras haya una guerra. \u201cEs necesario un reinicio porque la situaci\u00f3n ir\u00e1 a peor\u201d, afirm\u00f3 Rudik, \u201cpara el presidente es una buena opci\u00f3n para salir de la crisis y afrontar as\u00ed el malestar, porque la corrupci\u00f3n ser\u00e1 utilizada por nuestros enemigos\u201d.<\/p>\n<p class=\"\">El interrogante es si la disidencia en Servidor del Pueblo ser\u00e1 lo suficientemente grande como para tumbar al Gobierno. Mikita Poturayev, diputado del grupo del partido, anunci\u00f3 el 19 de noviembre que se estaba preparando una escisi\u00f3n dentro de Servidor del Pueblo para secundar la creaci\u00f3n de un Ejecutivo de unidad nacional. En los dos \u00faltimos a\u00f1os han ido a m\u00e1s las voces como las de Poturayev que lamentan que durante la guerra, <a href=\"https:\/\/elpais.com\/internacional\/2025-07-27\/la-semana-en-la-que-volodimir-zelenski-arriesgo-su-liderazgo.html\" target=\"_self\" rel=\"nofollow noopener\" title=\"https:\/\/elpais.com\/internacional\/2025-07-27\/la-semana-en-la-que-volodimir-zelenski-arriesgo-su-liderazgo.html\">todo el poder pol\u00edtico de Ucrania ha reca\u00eddo en la oficina del presidente<\/a>.<\/p>\n<p class=\"\">Dmitro Razumkov, expresidente de la Rada y aliado de Zelenski en los dos primeros a\u00f1os de su presidencia, es uno de los ide\u00f3logos de la formaci\u00f3n de un Gobierno de unidad nacional. Razumkov asegura que la estabilidad del pa\u00eds depende de establecer contrapoderes a la oficina del jefe de Estado, que actualmente no cuenta con oposici\u00f3n alguna. \u201cPor desgracia, ni el Parlamento ni el Gobierno son capaces hoy de tomar decisiones e implementarlas de forma independiente\u201d, dice Razumkov en una entrevista con EL PA\u00cdS.<\/p>\n<p>La inc\u00f3gnita de Yermak<\/p>\n<p class=\"\">La situaci\u00f3n es tan dif\u00edcil para Zelenski que, por primera vez, desde sus propias filas se le ha reclamado que destituya a Andrii Yermak, su mano derecha. El poder de Yermak en la oficina del presidente es casi absoluto y desde la oposici\u00f3n y los medios de comunicaci\u00f3n se apunta a que, pese a que su nombre no aparece en las transcripciones de la NABU, s\u00ed aparece un miembro del c\u00edrculo de Zelenski que ser\u00eda Yermak y que es presentado con el nombre \u201cAli Bab\u00e1\u201d. Este Ali Bab\u00e1, seg\u00fan las conversaciones de Mindich con sus secuaces, estaba operando para bloquear las investigaciones anticorrupci\u00f3n.<\/p>\n<p class=\"\">Tambi\u00e9n ha habido voces destacadas de Servidor del Pueblo que han pedido en p\u00fablico el relevo de Yermak. Fedir Venislavski, uno de los diputados de mas peso del grupo parlamentario, afirm\u00f3 el 18 de noviembre en Radio Svoboda que el cese de Yermak era una cuesti\u00f3n que estaba siendo debatida entre sus filas: \u201cNo he pedido la dimisi\u00f3n de Yemak, pero creo que su relevo ser\u00eda sin duda una forma de contener la presi\u00f3n sobre el Gobierno\u201d.<\/p>\n<p class=\"\">El 20 de noviembre, el mismo d\u00eda en que Zelenski recibi\u00f3 oficialmente el plan de paz de Trump, se reuni\u00f3 con su grupo parlamentario. Y no lo hizo para detallar el contenido del documento, sino para transmitirles que no habr\u00eda cambios en el Gobierno ni relevar\u00eda a Yermak. \u00cdgor Krivosheyev, uno de sus diputados cr\u00edticos, carg\u00f3 en sus redes sociales contra el presidente por lo que \u00e9l considera falta de decisiones: \u201cEstamos esperando a que acepten lo inevitable, la responsabilidad pol\u00edtica, porque para nosotros, cada d\u00eda tiene un precio alt\u00edsimo\u201d.<\/p>\n<p class=\"\">Lo ir\u00f3nico es que el portavoz del Kremlin, Dmitri Peskov, se dirigi\u00f3 el viernes a Zelenski en palabras similares: \u201cEstamos dejando claro a Zelenski y a su Gobierno que ser\u00eda mejor llegar a un acuerdo ahora que m\u00e1s tarde. <a href=\"https:\/\/elpais.com\/internacional\/2025-11-21\/putin-pide-tiempo-para-hacer-un-analisis-exhaustivo-del-plan-de-paz-de-trump.html\" target=\"_self\" rel=\"nofollow noopener\" title=\"https:\/\/elpais.com\/internacional\/2025-11-21\/putin-pide-tiempo-para-hacer-un-analisis-exhaustivo-del-plan-de-paz-de-trump.html\">El margen que le queda para tomar decisiones de forma independiente est\u00e1 reduci\u00e9ndose<\/a> al ritmo que avanzan las fuerzas rusas\u201d.<\/p>\n<p class=\"\">La respuesta de Zelenski, en su discurso a la naci\u00f3n del viernes, es que el pa\u00eds debe estar ahora m\u00e1s unido que nunca y dejar de un lado \u201cla politiquer\u00eda\u201d: \u201cDebemos reconducir las cosas juntos, recuperar la cordura. Abandonar las disputas, parar la politiquer\u00eda. El Estado debe funcionar, el Parlamento de un pa\u00eds en guerra debe trabajar unido. El Gobierno de un pa\u00eds en guerra debe trabajar eficazmente. Y todos juntos no debemos olvidar, ni confundir, qui\u00e9n es el verdadero enemigo de Ucrania\u201d.<\/p>\n<p class=\"\">La respuesta a este mensaje, seg\u00fan la oposici\u00f3n, es un Gobierno de unidad nacional. \u201cEl problema es que Zelenski no puede trabajar en equipo\u201d, lamenta Razumkov. \u201c\u00c9l cree en un solo tipo de gesti\u00f3n, la personal\u201d, a\u00f1ade. Sea por la raz\u00f3n que sea, si el presidente sigue optando por concentrar el poder en su persona, la consecuencias de los meses \u201cextremadamente duros\u201d que le esperan a Ucrania recaer\u00e1n en \u00e9l.<\/p>\n","protected":false},"excerpt":{"rendered":"Ucrania se enfrenta al momento de la verdad, anunci\u00f3 el viernes Volod\u00edmir Zelenski, en un duro discurso a&hellip;\n","protected":false},"author":2,"featured_media":250882,"comment_status":"","ping_status":"","sticky":false,"template":"","format":"standard","meta":{"footnotes":""},"categories":[42],"tags":[8738,17,18,70,71,72,700,13,14,69,7082,11,61,62,63,64,19,20,9,10,15,16,1613,1614,12,7081,21,22,1617,65,66,67],"class_list":{"0":"post-250881","1":"post","2":"type-post","3":"status-publish","4":"format-standard","5":"has-post-thumbnail","7":"category-internacional","8":"tag-ataques-militares","9":"tag-breaking-news","10":"tag-breakingnews","11":"tag-conflictos","12":"tag-conflictos-armados","13":"tag-conflictos-internacionales","14":"tag-europa","15":"tag-featured-news","16":"tag-featurednews","17":"tag-guerra","18":"tag-guerra-de-rusia-en-ucrania","19":"tag-headlines","20":"tag-internacional","21":"tag-international","22":"tag-international-news","23":"tag-internationalnews","24":"tag-latest-news","25":"tag-latestnews","26":"tag-news","27":"tag-noticias","28":"tag-noticias-destacadas","29":"tag-noticiasdestacadas","30":"tag-otan","31":"tag-rusia","32":"tag-titulares","33":"tag-ucrania","34":"tag-ultimas-noticias","35":"tag-ultimasnoticias","36":"tag-union-europea","37":"tag-world","38":"tag-world-news","39":"tag-worldnews"},"share_on_mastodon":{"url":"","error":"Validation failed: Text character limit of 500 exceeded"},"_links":{"self":[{"href":"https:\/\/www.europesays.com\/es\/wp-json\/wp\/v2\/posts\/250881","targetHints":{"allow":["GET"]}}],"collection":[{"href":"https:\/\/www.europesays.com\/es\/wp-json\/wp\/v2\/posts"}],"about":[{"href":"https:\/\/www.europesays.com\/es\/wp-json\/wp\/v2\/types\/post"}],"author":[{"embeddable":true,"href":"https:\/\/www.europesays.com\/es\/wp-json\/wp\/v2\/users\/2"}],"replies":[{"embeddable":true,"href":"https:\/\/www.europesays.com\/es\/wp-json\/wp\/v2\/comments?post=250881"}],"version-history":[{"count":0,"href":"https:\/\/www.europesays.com\/es\/wp-json\/wp\/v2\/posts\/250881\/revisions"}],"wp:featuredmedia":[{"embeddable":true,"href":"https:\/\/www.europesays.com\/es\/wp-json\/wp\/v2\/media\/250882"}],"wp:attachment":[{"href":"https:\/\/www.europesays.com\/es\/wp-json\/wp\/v2\/media?parent=250881"}],"wp:term":[{"taxonomy":"category","embeddable":true,"href":"https:\/\/www.europesays.com\/es\/wp-json\/wp\/v2\/categories?post=250881"},{"taxonomy":"post_tag","embeddable":true,"href":"https:\/\/www.europesays.com\/es\/wp-json\/wp\/v2\/tags?post=250881"}],"curies":[{"name":"wp","href":"https:\/\/api.w.org\/{rel}","templated":true}]}}