{"id":250885,"date":"2025-11-23T05:38:10","date_gmt":"2025-11-23T05:38:10","guid":{"rendered":"https:\/\/www.europesays.com\/es\/250885\/"},"modified":"2025-11-23T05:38:10","modified_gmt":"2025-11-23T05:38:10","slug":"senadores-de-eeuu-califican-plan-de-paz-de-trump-para-ucrania-como-una-recompensa-a-la-agresion","status":"publish","type":"post","link":"https:\/\/www.europesays.com\/es\/250885\/","title":{"rendered":"Senadores de EEUU califican plan de paz de Trump para Ucrania como una recompensa a la agresi\u00f3n"},"content":{"rendered":"\n<p>HALIFAX, Canad\u00e1\u00a0\u2014\u00a0Senadores de Estados Unidos que han criticado el enfoque del presidente Donald Trump para poner fin a la guerra entre Rusia y Ucrania aseguraron el s\u00e1bado que el plan de paz que quiere que Kiev acepte ser\u00eda como recompensar a Mosc\u00fa por su agresi\u00f3n y enviar\u00eda un mensaje a otros gobiernos que han amenazado a sus vecinos.<\/p>\n<p>El plan de 28 puntos fue elaborado por la Casa Blanca y el Kremlin sin la participaci\u00f3n de Ucrania. Concede muchas de las demandas rusas que el presidente ucraniano Volodymyr Zelenskyy ha rechazado categ\u00f3ricamente en decenas de ocasiones, incluyendo ceder grandes porciones de territorio. Trump asegura que quiere que Kiev acepte el plan para finales de la pr\u00f3xima semana.<\/p>\n<p>La oposi<\/p>\n<p>chazo, incluidos algunos republicanos, ninguno de los cuales tiene el poder para bloquearlo. Entre los senadores, que hablaron durante una conferencia internacional de seguridad en Canad\u00e1, est\u00e1n un dem\u00f3crata, un independiente y un republicano que no planea buscar la reelecci\u00f3n el pr\u00f3ximo a\u00f1o.<\/p>\n<p>\u201cRecompensa la agresi\u00f3n. As\u00ed de simple y claro. No hay justificaci\u00f3n \u00e9tica, legal, moral o pol\u00edtica para que Rusia reclame el este de Ucrania\u201d, se\u00f1al\u00f3 el senador independiente por Maine, Angus King, durante una discusi\u00f3n en el Foro Internacional de Seguridad de Halifax en Canad\u00e1.<\/p>\n<p>King, miembro de la Comisi\u00f3n de Relaciones Exteriores del Senado, compar\u00f3 la propuesta con el Pacto de M\u00fanich del primer ministro brit\u00e1nico Neville Chamberlain con Adolf Hitler en 1938, un hist\u00f3rico acto fallido de apaciguamiento.<\/p>\n<p>El senador republicano Thom Tillis, por Carolina del Norte, afirm\u00f3 que el senador Mitch McConnell, un exl\u00edder del partido republicano en el Senado, no fue lo suficientemente cr\u00edtico. McConnell se\u00f1al\u00f3 el viernes en un comunicado que \u201csi los funcionarios del gobierno est\u00e1n m\u00e1s preocupados por apaciguar a (el presidente ruso Vlad\u00edmir) Putin que por obtener una verdadera paz, entonces el presidente deber\u00eda encontrar nuevos asesores\u201d.<\/p>\n<p>\u201cNo deber\u00edamos hacer nada que haga sentir (a Putin) que ha ganado. Sinceramente, creo que lo que dijo Mitch no fue suficiente\u201d, expres\u00f3 Tillis, quien a principios de a\u00f1o anunci\u00f3 que no buscar\u00eda la reelecci\u00f3n, poco despu\u00e9s de tener diferencias con el gobierno de Trump por su paquete de impuestos y gastos.<\/p>\n<p>La senadora por Nueva Hampshire Jeanne Shaheen, la dem\u00f3crata de mayor rango en la Comisi\u00f3n de Relaciones Exteriores del Senado, calific\u00f3 el plan de \u201cindignante\u201d.<\/p>\n<p>Putin acogi\u00f3 la propuesta el viernes por la noche, diciendo que \u201cpodr\u00eda formar la base de un acuerdo de paz final\u201d si Estados Unidos obtiene la aprobaci\u00f3n de Ucrania y sus aliados europeos.<\/p>\n<p>Zelenskyy, en un discurso, no rechaz\u00f3 tajantemente el plan, pero insisti\u00f3 en un trato justo mientras se compromet\u00eda a \u201ctrabajar con calma\u201d con Washington y otros socios en lo que llam\u00f3 \u201cen verdad uno de los momentos m\u00e1s dif\u00edciles de nuestra historia\u201d.<\/p>\n<p>En su 17\u00ba a\u00f1o, alrededor de 300 personas se re\u00fanen anualmente en el Foro Internacional de Seguridad de Halifax. El foro atrae a oficiales militares, senadores de Estados Unidos, diplom\u00e1ticos y acad\u00e9micos, pero este a\u00f1o la Casa Blanca suspendi\u00f3 la participaci\u00f3n de funcionarios de Defensa en eventos de grupos de expertos, incluido el Foro Internacional de Seguridad de Halifax.<\/p>\n<p>Un gran n\u00famero de senadores federales hizo el viaje este a\u00f1o, en parte debido a las tensas relaciones entre Canad\u00e1 y Estados Unidos. Trump ha alienado a su vecino con una guerra comercial y su insistencia en que Canad\u00e1 deber\u00eda convertirse en el estado 51 de Estados Unidos. Muchos canadienses ahora se niegan a viajar a territorio estadounidense y estados fronterizos como Nueva Hampshire est\u00e1n registrando una dr\u00e1stica ca\u00edda en el turismo.<\/p>\n<p>\u201cHay una preocupaci\u00f3n real por esa tensi\u00f3n. Esa es una de las razones por las que hay una delegaci\u00f3n tan grande aqu\u00ed\u201d, declar\u00f3 Shaheen. \u201cContinuar\u00e9 objetando lo que el presidente est\u00e1 haciendo en t\u00e9rminos de aranceles y sus comentarios porque no s\u00f3lo son perjudiciales para Canad\u00e1 y nuestra relaci\u00f3n, sino que creo que son perjudiciales a nivel global. Muestran una falta de respeto por las naciones soberanas\u201d.<\/p>\n<p>___<\/p>\n<p>Esta historia fue traducida del ingl\u00e9s por un editor de AP con la ayuda de una herramienta de inteligencia artificial generativa.<\/p>\n","protected":false},"excerpt":{"rendered":"HALIFAX, Canad\u00e1\u00a0\u2014\u00a0Senadores de Estados Unidos que han criticado el enfoque del presidente Donald Trump para poner fin a&hellip;\n","protected":false},"author":2,"featured_media":250886,"comment_status":"","ping_status":"","sticky":false,"template":"","format":"standard","meta":{"footnotes":""},"categories":[5],"tags":[11971,17,18,3730,25,24,629,13,14,63560,582,63561,11,19,20,9,10,15,16,11506,2568,20639,63562,585,6912,40722,23,12,936,7081,21,22],"class_list":{"0":"post-250885","1":"post","2":"type-post","3":"status-publish","4":"format-standard","5":"has-post-thumbnail","7":"category-titulares","8":"tag-agresion","9":"tag-breaking-news","10":"tag-breakingnews","11":"tag-canada","12":"tag-es","13":"tag-espana","14":"tag-estados-unidos","15":"tag-featured-news","16":"tag-featurednews","17":"tag-foro-internacional","18":"tag-gobierno","19":"tag-halifax","20":"tag-headlines","21":"tag-latest-news","22":"tag-latestnews","23":"tag-news","24":"tag-noticias","25":"tag-noticias-destacadas","26":"tag-noticiasdestacadas","27":"tag-paz","28":"tag-plan","29":"tag-proximo-ano","30":"tag-republicano","31":"tag-seguridad","32":"tag-senado","33":"tag-senador","34":"tag-spain","35":"tag-titulares","36":"tag-trump","37":"tag-ucrania","38":"tag-ultimas-noticias","39":"tag-ultimasnoticias"},"share_on_mastodon":{"url":"https:\/\/pubeurope.com\/@es\/115597403943526946","error":""},"_links":{"self":[{"href":"https:\/\/www.europesays.com\/es\/wp-json\/wp\/v2\/posts\/250885","targetHints":{"allow":["GET"]}}],"collection":[{"href":"https:\/\/www.europesays.com\/es\/wp-json\/wp\/v2\/posts"}],"about":[{"href":"https:\/\/www.europesays.com\/es\/wp-json\/wp\/v2\/types\/post"}],"author":[{"embeddable":true,"href":"https:\/\/www.europesays.com\/es\/wp-json\/wp\/v2\/users\/2"}],"replies":[{"embeddable":true,"href":"https:\/\/www.europesays.com\/es\/wp-json\/wp\/v2\/comments?post=250885"}],"version-history":[{"count":0,"href":"https:\/\/www.europesays.com\/es\/wp-json\/wp\/v2\/posts\/250885\/revisions"}],"wp:featuredmedia":[{"embeddable":true,"href":"https:\/\/www.europesays.com\/es\/wp-json\/wp\/v2\/media\/250886"}],"wp:attachment":[{"href":"https:\/\/www.europesays.com\/es\/wp-json\/wp\/v2\/media?parent=250885"}],"wp:term":[{"taxonomy":"category","embeddable":true,"href":"https:\/\/www.europesays.com\/es\/wp-json\/wp\/v2\/categories?post=250885"},{"taxonomy":"post_tag","embeddable":true,"href":"https:\/\/www.europesays.com\/es\/wp-json\/wp\/v2\/tags?post=250885"}],"curies":[{"name":"wp","href":"https:\/\/api.w.org\/{rel}","templated":true}]}}