{"id":250887,"date":"2025-11-23T05:44:11","date_gmt":"2025-11-23T05:44:11","guid":{"rendered":"https:\/\/www.europesays.com\/es\/250887\/"},"modified":"2025-11-23T05:44:11","modified_gmt":"2025-11-23T05:44:11","slug":"joseph-ramirez-gana-la-segunda-etapa-de-la-vuelta-a-chiriqui-2025-y-pablo-mudarra-sigue-lider-revista-mundo-ciclistico","status":"publish","type":"post","link":"https:\/\/www.europesays.com\/es\/250887\/","title":{"rendered":"Joseph Ram\u00edrez gana la segunda etapa de la Vuelta a Chiriqu\u00ed 2025 y Pablo Mudarra sigue l\u00edder \u2013 Revista Mundo Cicl\u00edstico"},"content":{"rendered":"<p>Desde el 23 de noviembre y hasta el 5 de diciembre toda la atenci\u00f3n de los aficionados al ciclismo estar\u00e1 centrada en Per\u00fa, en los <strong>Juegos Bolivarianos Ayacucho \u2013 Lima 2025<\/strong>.<\/p>\n<p>A continuaci\u00f3n, la <strong>Revista Mundo Cicl\u00edstico<\/strong> presenta los horarios en los que competir\u00e1n los deportistas colombianos en cinco disciplinas:<strong> Ruta, Pista, BMX Racing, Mountain Bike y BMX Freestyle<\/strong>.<\/p>\n<p><img loading=\"lazy\" decoding=\"async\" width=\"740\" height=\"817\" src=\"https:\/\/www.europesays.com\/es\/wp-content\/uploads\/2025\/11\/MTB-Juegos-Bolivarianos-20251.jpg\" alt=\"\" class=\"wp-image-199203\"   data-recalc-dims=\"1\"\/><\/p>\n<p class=\"has-medium-font-size\"><strong>\u23f0<\/strong> <strong>Domingo 23 de noviembre<\/strong><\/p>\n<p><strong>MTB XCO<\/strong><br \/>\u2022 Final Cross Country Ol\u00edmpico Femenino: 9:00 a. m. \u2013 Diana Pinilla y Ana Mar\u00eda Roa<br \/>\u2022 Final Cross Country Ol\u00edmpico Masculino: 11:00 a. m. \u2013 Iv\u00e1n L\u00f3pez y Jonathan C\u00e1ntor<\/p>\n<p><strong>BMX Freestyle<\/strong><br \/>\u2022 Clasificaciones Park Femenino: 12:30 p. m. \u2013 Queen Villegas y Lizsurley Villegas<br \/>\u2022 Clasificaciones Park Masculino: 1:35 p. m. \u2013 Luis Rinc\u00f3n y Sebasti\u00e1n Cuellar<\/p>\n<p class=\"has-medium-font-size\"><strong>Lunes 24 de noviembre<\/strong><\/p>\n<p><strong>BMX Freestyle<\/strong><br \/>\u2022 Finales Park Femenino: 10:30 a. m. \u2013 Queen Villegas y Lizsurley Villegas<br \/>\u2022 Finales Park Masculino: 11:30 a. m. \u2013 Luis Rinc\u00f3n y Sebasti\u00e1n Cuellar<\/p>\n<p class=\"has-medium-font-size\"><strong>Martes 25 de noviembre<\/strong><\/p>\n<p><strong>BMX Racing<\/strong><br \/>\u2022 Time Trial Femenino: 10:00 a. m. \u2013 Valentina Mu\u00f1oz y Sharid Fayad<br \/>\u2022 Time Trial Masculino: 10:30 a. m. \u2013 Diego Arboleda y Juan Jos\u00e9 Vel\u00e1squez<\/p>\n<p class=\"has-medium-font-size\"><strong>Mi\u00e9rcoles 26 de noviembre<\/strong><\/p>\n<p><strong>BMX Racing<\/strong><br \/>\u2022 Carrera Femenina: 10:00 a. m. \u2013 Valentina Mu\u00f1oz y Sharid Fayad<br \/>\u2022 Carrera Masculina: 10:00 a. m. \u2013 Diego Arboleda y Juan Jos\u00e9 Vel\u00e1squez<\/p>\n<p><strong>Jueves 27 de noviembre<\/strong><\/p>\n<p><strong>Ciclismo de Ruta<\/strong><br \/>\u2022 Contrarreloj Femenina: 10:00 a. m. \u2013 Diana Pe\u00f1uela y Marcela Hern\u00e1ndez<br \/>\u2022 Carrera Masculina: 10:00 a. m. \u2013 Walter Vargas y Anderson Arboleda<\/p>\n<p class=\"has-medium-font-size\"><strong>Domingo 30 de noviembre<\/strong><\/p>\n<p><strong>Ciclismo de Pista<\/strong><br \/>\u2022 Clasificaciones 11:00 a.m.<br \/>\u2022 Velocidad Equipos Damas: Stefany Cuadrado, Juliana Gaviria y Yarli Mosquera<br \/>\u2022 Velocidad Equipos Varones: Kevin Santiago Quintero, Santiago Ram\u00edrez y Rub\u00e9n Murillo<br \/>\u2022 Persecuci\u00f3n Equipos Damas: Camila Valbuena, Elizabeth Casta\u00f1o, Juliana Londo\u00f1o y Marcela Hern\u00e1ndez<br \/>\u2022 Persecuci\u00f3n Equipos Varones: Anderson Arboleda, Brayan S\u00e1nchez, Bryan G\u00f3mez y Juan Esteban Arango<br \/>\u2022 Finales 6:00 p.m.<\/p>\n<p class=\"has-medium-font-size\"><strong>Lunes 1 de diciembre<\/strong><\/p>\n<p><strong>Ciclismo de Pista<\/strong><br \/>\u2022 Clasificaciones 11:00 a.m.<br \/>\u2022 Velocidad Varones: Kevin Santiago Quintero y Cristian Ortega<br \/>\u2022 \u00d3mnium Varones: Juan Esteban Arango<br \/>\u2022 Keirin Damas: Stefany Cuadrado y Juliana Gaviria<br \/>\u2022 Finales 6:00 p.m.<br \/>\u2022 Madison Damas: Elizabeth Casta\u00f1o y Marcela Hern\u00e1ndez<\/p>\n<p class=\"has-medium-font-size\"><strong>Martes 2 de diciembre<\/strong><\/p>\n<p><strong>Ciclismo de Pista<\/strong><br \/>\u2022 Clasificaciones 11:00 a.m.<br \/>\u2022 \u00d3mnium Damas: Marcela Hern\u00e1ndez<br \/>\u2022 Velocidad Varones: Kevin Santiago Quintero y Cristian Ortega<br \/>\u2022 Velocidad Damas: Stefany Cuadrado y Luna \u00c1lvarez<br \/>\u2022 \u00d3mnium Varones: Juan Esteban Arango<br \/>\u2022 Finales 6:00 p.m.<\/p>\n<p class=\"has-medium-font-size\"><strong>Mi\u00e9rcoles 3 de diciembre<\/strong><\/p>\n<p><strong>Ciclismo de Pista<\/strong><br \/>\u2022 Clasificaciones 11:00 a.m.<br \/>\u2022 Velocidad Damas: Stefany Cuadrado y Luna \u00c1lvarez<br \/>\u2022 Keirin Varones: Kevin Santiago Quintero y Cristian Ortega<br \/>\u2022 Finales 6:00 p.m.<br \/>\u2022 Madison Varones: Juan Esteban Arango y Brayan S\u00e1nchez<\/p>\n<p class=\"has-medium-font-size\"><strong>Viernes 5 de diciembre<\/strong><\/p>\n<p><strong>Ciclismo de Ruta<\/strong><br \/>\u2022 Ruta Femenina: 10:00 a. m. \u2013 Diana Pe\u00f1uela, Marcela Hern\u00e1ndez, Juliana Londo\u00f1o y Camila Valbuena<br \/>\u2022 Carrera Masculina: 10:00 a. m. \u2013 Alejandro Osorio, Nicol\u00e1s G\u00f3mez y Brayan S\u00e1nchez y Bryan G\u00f3mez<\/p>\n<p class=\"has-medium-font-size\"><strong>*Con Informaci\u00f3n de Fedeciclismo<\/strong><\/p>\n","protected":false},"excerpt":{"rendered":"Desde el 23 de noviembre y hasta el 5 de diciembre toda la atenci\u00f3n de los aficionados al&hellip;\n","protected":false},"author":2,"featured_media":250888,"comment_status":"","ping_status":"","sticky":false,"template":"","format":"standard","meta":{"footnotes":""},"categories":[273],"tags":[313,312,168,25,24,23,167],"class_list":{"0":"post-250887","1":"post","2":"type-post","3":"status-publish","4":"format-standard","5":"has-post-thumbnail","7":"category-ciclismo","8":"tag-ciclismo","9":"tag-cycling","10":"tag-deportes","11":"tag-es","12":"tag-espana","13":"tag-spain","14":"tag-sports"},"share_on_mastodon":{"url":"https:\/\/pubeurope.com\/@es\/115597427897135759","error":""},"_links":{"self":[{"href":"https:\/\/www.europesays.com\/es\/wp-json\/wp\/v2\/posts\/250887","targetHints":{"allow":["GET"]}}],"collection":[{"href":"https:\/\/www.europesays.com\/es\/wp-json\/wp\/v2\/posts"}],"about":[{"href":"https:\/\/www.europesays.com\/es\/wp-json\/wp\/v2\/types\/post"}],"author":[{"embeddable":true,"href":"https:\/\/www.europesays.com\/es\/wp-json\/wp\/v2\/users\/2"}],"replies":[{"embeddable":true,"href":"https:\/\/www.europesays.com\/es\/wp-json\/wp\/v2\/comments?post=250887"}],"version-history":[{"count":0,"href":"https:\/\/www.europesays.com\/es\/wp-json\/wp\/v2\/posts\/250887\/revisions"}],"wp:featuredmedia":[{"embeddable":true,"href":"https:\/\/www.europesays.com\/es\/wp-json\/wp\/v2\/media\/250888"}],"wp:attachment":[{"href":"https:\/\/www.europesays.com\/es\/wp-json\/wp\/v2\/media?parent=250887"}],"wp:term":[{"taxonomy":"category","embeddable":true,"href":"https:\/\/www.europesays.com\/es\/wp-json\/wp\/v2\/categories?post=250887"},{"taxonomy":"post_tag","embeddable":true,"href":"https:\/\/www.europesays.com\/es\/wp-json\/wp\/v2\/tags?post=250887"}],"curies":[{"name":"wp","href":"https:\/\/api.w.org\/{rel}","templated":true}]}}