{"id":250891,"date":"2025-11-23T05:47:08","date_gmt":"2025-11-23T05:47:08","guid":{"rendered":"https:\/\/www.europesays.com\/es\/250891\/"},"modified":"2025-11-23T05:47:08","modified_gmt":"2025-11-23T05:47:08","slug":"manita-azulgrana-y-tres-puntos-de-oro","status":"publish","type":"post","link":"https:\/\/www.europesays.com\/es\/250891\/","title":{"rendered":"Manita azulgrana y tres puntos de oro"},"content":{"rendered":"<p data-gtm-element-container=\"modulo-texto-link\" class=\"paragraph\">El Barcelona logr\u00f3 sumar tres puntos de oro en la cancha de Pe\u00f1\u00edscola y se sit\u00faa segundo de la tabla, en un partido que ha dominado con cierta comodidad, aunque se le complic\u00f3, tras inaugurar el marcador por parte de <strong>Adolfo<\/strong>, por la expulsi\u00f3n de <strong>Joao V\u00edctor.<\/strong> Marcaron<strong> Adolfo, Matheus (2), Pito y Antonio <\/strong>por el Barcelona y Gus por el Pe\u00f1\u00edscola.<\/p>\n<p data-gtm-element-container=\"modulo-texto-link\" class=\"paragraph\">El partido se puso de cara para el <strong>Barcelona<\/strong> muy pronto gracias a un gol de <strong>Adolfo<\/strong>, pero se complic\u00f3 con la roja a Joao V\u00edctor, por una entrada muy dura a <strong>Rosental<\/strong>.<\/p>\n<p data-gtm-element-container=\"modulo-texto-link\" class=\"paragraph\">El partido se igual\u00f3 y el Barcelona perdi\u00f3 el rumbo para desesperaci\u00f3n de <strong>Javi Rodr\u00edguez<\/strong>, que tuvo que pedir un tiempo muerto para poner orden. El conjunto barcelonista se recompuso y <strong>Matheus <\/strong>marc\u00f3 el gol clave, el 0-2, a poco del descanso.<\/p>\n<p>    Lee tambi\u00e9n<\/p>\n<p data-gtm-element-container=\"modulo-texto-link\" class=\"paragraph\">Un inicio fren\u00e9tico del segundo tiempo, con juevo gol de <strong>Matheus<\/strong>, el 1-3 a cargo de <strong>Gus<\/strong>, meta local, y un nuevo tanto azulgrana, el 1-4, en menos de un minuto deriv\u00f3 en un cuarto de hora final de mucho control para el Barcelona, que a la contra pudo haber ampliado la cuenta de no ser por los postes y el meta local. S\u00f3lo entr\u00f3 un gol m\u00e1s, un golazo, de <strong>Antonio<\/strong>.<\/p>\n<p>FICHA T\u00c9CNICA\u00a0<br \/>\nServigroup, 1 FC Barcelona, 5<\/p>\n<p class=\"module-text\"><strong>SERVIGROUP PE\u00d1\u00cdSCOLA<\/strong>: Gus; Plaza, Pablo Mu\u00f1oz, El\u00edas, Juanqui (cinco inicial), Gio (p.s.), Cristian, Lucas Flores, Matheus, Juanico, V\u00edctor P\u00e9rez, Arava, Rosental, Lucas <br \/><strong>FC BARCELONA<\/strong>: D\u00eddac Plana, Antonio, Matheus, Adolfo, Pito (cinco inicial), Feixas (p.s.), Joao V\u00edctor, Pol Pacheco, Tour\u00e9, Eric Martel, Fits, Luciano Gauna, Feixas (p.s.)<br \/><strong>GOLES<\/strong>: 0-1, Adolfo, 3\u2019; 0-2, Matheus, 18\u2019; 0-3, Matheus, 22\u2019; 1-3, Gus, 22\u2019; 1-4, Pito, 23\u2019; 1-5, Antonio, 32\u2019<br \/><strong>ESPECTADORES<\/strong>: 1.200 en el Pabell\u00f3n Juan Vizcarro<br \/><strong>\u00c1RBITROS<\/strong>: David Urd\u00e1noz Apeztegu\u00eda y Eder G\u00f3mez de Salazar. Tarjeta amarilla a Plaza (14\u2019). Roja a Joao V\u00edctor (4\u2019)<\/p>\n","protected":false},"excerpt":{"rendered":"El Barcelona logr\u00f3 sumar tres puntos de oro en la cancha de Pe\u00f1\u00edscola y se sit\u00faa segundo de&hellip;\n","protected":false},"author":2,"featured_media":250892,"comment_status":"","ping_status":"","sticky":false,"template":"","format":"standard","meta":{"footnotes":""},"categories":[268],"tags":[168,25,24,280,282,281,23,167],"class_list":{"0":"post-250891","1":"post","2":"type-post","3":"status-publish","4":"format-standard","5":"has-post-thumbnail","7":"category-futbol","8":"tag-deportes","9":"tag-es","10":"tag-espana","11":"tag-football","12":"tag-futbol","13":"tag-soccer","14":"tag-spain","15":"tag-sports"},"share_on_mastodon":{"url":"https:\/\/pubeurope.com\/@es\/115597439491257099","error":""},"_links":{"self":[{"href":"https:\/\/www.europesays.com\/es\/wp-json\/wp\/v2\/posts\/250891","targetHints":{"allow":["GET"]}}],"collection":[{"href":"https:\/\/www.europesays.com\/es\/wp-json\/wp\/v2\/posts"}],"about":[{"href":"https:\/\/www.europesays.com\/es\/wp-json\/wp\/v2\/types\/post"}],"author":[{"embeddable":true,"href":"https:\/\/www.europesays.com\/es\/wp-json\/wp\/v2\/users\/2"}],"replies":[{"embeddable":true,"href":"https:\/\/www.europesays.com\/es\/wp-json\/wp\/v2\/comments?post=250891"}],"version-history":[{"count":0,"href":"https:\/\/www.europesays.com\/es\/wp-json\/wp\/v2\/posts\/250891\/revisions"}],"wp:featuredmedia":[{"embeddable":true,"href":"https:\/\/www.europesays.com\/es\/wp-json\/wp\/v2\/media\/250892"}],"wp:attachment":[{"href":"https:\/\/www.europesays.com\/es\/wp-json\/wp\/v2\/media?parent=250891"}],"wp:term":[{"taxonomy":"category","embeddable":true,"href":"https:\/\/www.europesays.com\/es\/wp-json\/wp\/v2\/categories?post=250891"},{"taxonomy":"post_tag","embeddable":true,"href":"https:\/\/www.europesays.com\/es\/wp-json\/wp\/v2\/tags?post=250891"}],"curies":[{"name":"wp","href":"https:\/\/api.w.org\/{rel}","templated":true}]}}