{"id":250893,"date":"2025-11-23T05:48:17","date_gmt":"2025-11-23T05:48:17","guid":{"rendered":"https:\/\/www.europesays.com\/es\/250893\/"},"modified":"2025-11-23T05:48:17","modified_gmt":"2025-11-23T05:48:17","slug":"llamo-a-mi-jefa-para-intentar-que-me-echaran","status":"publish","type":"post","link":"https:\/\/www.europesays.com\/es\/250893\/","title":{"rendered":"Llam\u00f3 a mi jefa para intentar que me echaran"},"content":{"rendered":"<p class=\"paragraph\" id=\"paragraph_1\">Isa Pantoja ha sido el amuleto de la suerte para De viernes. El programa celebraba su entrega n\u00famero 100. Lo ha hecho con <strong>la reacci\u00f3n de la <a href=\"https:\/\/www.elespanol.com\/bluper\/20251115\/vuelan-dardazos-lydia-lozano-kiko-rivera-viernes-nunca-contenta\/1003744015269_0.html?utm_cmp_rs=linksinline\" rel=\"nofollow noopener\" target=\"_blank\">hija de la tonadillera a la entrevista de su hermano Kiko<\/a>. <\/strong>Una visita que le ha dado el liderazgo en el prime time al magac\u00edn nocturno.<\/p>\n<p class=\"paragraph\" id=\"paragraph_2\">Entre los muchos titulares que ha dejado la estudiante de Derecho, <a href=\"https:\/\/www.elespanol.com\/bluper\/audiencias\/20251108\/telecinco-celebra-vuelta-kiko-rivera-television-viernes-gana-voz\/1003744005229_0.html?utm_cmp_rs=linksinline\" rel=\"nofollow noopener\" target=\"_blank\">hablando sobre <strong>c\u00f3mo \u201cha sentido pena\u201d por su hermano Kiko<\/strong><\/a>, que lo ha visto \u201cmuy solo y pas\u00e1ndolo mal\u201d. Tambi\u00e9n ha se\u00f1alado que se qued\u00f3 \u201cen shock\u201d ante el mensaje de reconciliaci\u00f3n que le envi\u00f3.<\/p>\n<p class=\"paragraph\" id=\"paragraph_3\">Ahora bien, entre las declaraciones que dej\u00f3 estuvo una que dej\u00f3 a los colaboradores perplejos: <strong>su madre busc\u00f3 la manera de que la despidiesen <\/strong>como tertuliana de programas en Telecinco.<\/p>\n<p><img loading=\"lazy\" decoding=\"async\" alt=\"Kiko Rivera ha concedido una entrevista en De viernes para hablar de su ruptura con Irene Rosales.\" height=\"180\" src=\"https:\/\/www.europesays.com\/es\/wp-content\/uploads\/2025\/11\/1003744005240_259823966_320x180.jpg\" width=\"320\" data-lazy-status=\"processed\" data-lazy-info=\"remove loading item 1\"\/><\/p>\n<p class=\"paragraph\" id=\"paragraph_4\">Esta revelaci\u00f3n se sit\u00faa en el a\u00f1o 2019. <a href=\"https:\/\/www.elespanol.com\/bluper\/20210115\/vuelta-isabel-pantoja-mediaset-firmo-temporadas-idols\/551196336_0.html?utm_cmp_rs=linksinline\" rel=\"nofollow noopener\" target=\"_blank\">En ese momento se produjo <strong>el regreso triunfal de Isabel Pantoja a Mediaset<\/strong><\/a>. La tonadillera particip\u00f3 como concursante de Supervivientes. Justo un a\u00f1o despu\u00e9s, fue jurado en el talent show Idol Kids.<\/p>\n<p class=\"paragraph\" id=\"paragraph_5\">Supuestamente, en ese <strong>momento de idilio profesional <\/strong>entre la cantante de Marinero de luces y el grupo audiovisual, la tonadillera habr\u00eda pedido a la cadena que despidiesen a su hija.<\/p>\n<p><img decoding=\"async\" alt=\"Isa Pantoja en 'De viernes'.\" data-imgm=\"true\" height=\"180\" loading=\"lazy\"  src=\"https:\/\/www.europesays.com\/es\/wp-content\/uploads\/2025\/11\/1003744025823_260097157_1024x576.jpg\"  width=\"320\"\/><\/p>\n<p>                                                            Isa Pantoja en &#8216;De viernes&#8217;.<\/p>\n<p>                    Mediaset<\/p>\n<p class=\"paragraph\" id=\"paragraph_6\">En ese momento, <strong>Isa Pi ejerc\u00eda de colaboradora de El programa de Ana Rosa<\/strong> y ten\u00eda una actitud beligerante con su progenitora.<\/p>\n<p class=\"paragraph\" id=\"paragraph_7\">\u201cSi tan preocupada estaba por m\u00ed, <strong>no habr\u00eda llamado a la que en ese momento era mi jefa para intentar que me echaran<\/strong>\u201d, manifestaba este pasado 21 de noviembre en De viernes.<\/p>\n<p><img decoding=\"async\" alt=\"Isa Pantoja en 'De viernes'.\" data-imgm=\"true\" height=\"180\" loading=\"lazy\"  src=\"https:\/\/www.europesays.com\/es\/wp-content\/uploads\/2025\/11\/1003744025826_260097220_1024x576.jpg\"  width=\"320\"\/><\/p>\n<p>                                                            Isa Pantoja en &#8216;De viernes&#8217;.<\/p>\n<p>                    Mediaset<\/p>\n<p class=\"paragraph\" id=\"paragraph_8\">Una declaraci\u00f3n que provoc\u00f3 que \u00c1ngela Portero le preguntase directamente <strong>si Isabel Pantoja llam\u00f3 personalmente a Ana Rosa Quintana<\/strong>. Aunque Isa vacil\u00f3 al responder, insisti\u00f3 en que hubo presiones y no neg\u00f3 que la fundadora de Unicorn Content hubiera recibido esa petici\u00f3n de alguna manera.<\/p>\n<p class=\"paragraph\" id=\"paragraph_9\"><strong>Una acusaci\u00f3n que fue respaldada por Antonio Rossi<\/strong>. El panelista se\u00f1al\u00f3 que la tonadillera se reuni\u00f3 con directivos de Mediaset en un evento. \u201cSe despach\u00f3 a gusto contra su hija delante de todos\u201d, reconoc\u00eda el contertulio.<\/p>\n<p><img decoding=\"async\" alt=\"Kiko Matamoros, en el plat\u00f3 de 'No somos nadie'.\" height=\"180\" loading=\"lazy\" width=\"320\" data-lazy-status=\"processed\" id=\"ab0fc686d9\" src=\"https:\/\/www.elespanol.com\/bluper\/20251122\/isa-pantoja-acusa-madre-buscado-despido-telecinco-llamo-jefa-intentar-echaran\/[\" https:=\"\" data-lazy-info=\"changed src\"\/><\/p>\n<p class=\"paragraph\" id=\"paragraph_10\">Isa sigui\u00f3 hablando tanto de c\u00f3mo enfocar\u00e1 la relaci\u00f3n con su hermano, c\u00f3mo ha vivido la separaci\u00f3n de este y el v\u00ednculo que ha tenido con el resto del clan Pantoja. <strong>La televisiva revelaba el poco cari\u00f1o que siempre mostr\u00f3 su t\u00edo Agust\u00edn con ella<\/strong>.<\/p>\n<p class=\"paragraph\" id=\"paragraph_11\">No obstante, \u00c1ngela Portero quiso recuperar su confesi\u00f3n sobre el intento de su madre de sabotear su carrera como tertuliana en televisi\u00f3n.<\/p>\n<p><img decoding=\"async\" alt=\"Isa Pantoja y \u00c1ngela Portero en 'De viernes'.\" data-imgm=\"true\" height=\"180\" loading=\"lazy\"  src=\"https:\/\/www.europesays.com\/es\/wp-content\/uploads\/2025\/11\/1003744025827_260097241_1024x576.jpg\"  width=\"320\"\/><\/p>\n<p>                                                            Isa Pantoja y \u00c1ngela Portero en &#8216;De viernes&#8217;.<\/p>\n<p>                    Mediaset<\/p>\n<p class=\"paragraph\" id=\"paragraph_12\">\u201cDe lo que ha contado, lo que m\u00e1s fuerte me parece es que <strong>haya intentado que echen a su hija, <\/strong>que le quiten el pan\u201d, expresaba la colaboradora. Se recordaba as\u00ed una serie de publicaciones de la revista Lecturas.<\/p>\n<p class=\"paragraph\" id=\"paragraph_13\">En 2019, este medio se\u00f1alaba que la tonadillera <strong>habr\u00eda buscado el despido de su hija para \u201cevitar\u201d que \u00e9sta pudiera arremeter contra ella en los plat\u00f3s<\/strong>. La visita de Isa Pantoja a De viernes le ha dado un 14,1% de cuota y 1.096.000 espectadores, liderando frente a los Asaltos de La Voz, que se conformaba en segunda posici\u00f3n con un 11,2% de share y 930.000 televidentes.<\/p>\n","protected":false},"excerpt":{"rendered":"Isa Pantoja ha sido el amuleto de la suerte para De viernes. El programa celebraba su entrega n\u00famero&hellip;\n","protected":false},"author":2,"featured_media":250894,"comment_status":"","ping_status":"","sticky":false,"template":"","format":"standard","meta":{"footnotes":""},"categories":[174],"tags":[1535,255,59574,30593,146,147,25,24,256,6370,17079,23,692,807],"class_list":{"0":"post-250893","1":"post","2":"type-post","3":"status-publish","4":"format-standard","5":"has-post-thumbnail","7":"category-famosos","8":"tag-bluper","9":"tag-celebrities","10":"tag-chabelita-pantoja","11":"tag-de-viernes","12":"tag-entertainment","13":"tag-entretenimiento","14":"tag-es","15":"tag-espana","16":"tag-famosos","17":"tag-isabel-pantoja","18":"tag-soft","19":"tag-spain","20":"tag-telecinco","21":"tag-television"},"share_on_mastodon":{"url":"https:\/\/pubeurope.com\/@es\/115597444112637995","error":""},"_links":{"self":[{"href":"https:\/\/www.europesays.com\/es\/wp-json\/wp\/v2\/posts\/250893","targetHints":{"allow":["GET"]}}],"collection":[{"href":"https:\/\/www.europesays.com\/es\/wp-json\/wp\/v2\/posts"}],"about":[{"href":"https:\/\/www.europesays.com\/es\/wp-json\/wp\/v2\/types\/post"}],"author":[{"embeddable":true,"href":"https:\/\/www.europesays.com\/es\/wp-json\/wp\/v2\/users\/2"}],"replies":[{"embeddable":true,"href":"https:\/\/www.europesays.com\/es\/wp-json\/wp\/v2\/comments?post=250893"}],"version-history":[{"count":0,"href":"https:\/\/www.europesays.com\/es\/wp-json\/wp\/v2\/posts\/250893\/revisions"}],"wp:featuredmedia":[{"embeddable":true,"href":"https:\/\/www.europesays.com\/es\/wp-json\/wp\/v2\/media\/250894"}],"wp:attachment":[{"href":"https:\/\/www.europesays.com\/es\/wp-json\/wp\/v2\/media?parent=250893"}],"wp:term":[{"taxonomy":"category","embeddable":true,"href":"https:\/\/www.europesays.com\/es\/wp-json\/wp\/v2\/categories?post=250893"},{"taxonomy":"post_tag","embeddable":true,"href":"https:\/\/www.europesays.com\/es\/wp-json\/wp\/v2\/tags?post=250893"}],"curies":[{"name":"wp","href":"https:\/\/api.w.org\/{rel}","templated":true}]}}