{"id":250901,"date":"2025-11-23T05:55:09","date_gmt":"2025-11-23T05:55:09","guid":{"rendered":"https:\/\/www.europesays.com\/es\/250901\/"},"modified":"2025-11-23T05:55:09","modified_gmt":"2025-11-23T05:55:09","slug":"supervivencia-baja-y-aumento-de-casos-en-jovenes","status":"publish","type":"post","link":"https:\/\/www.europesays.com\/es\/250901\/","title":{"rendered":"supervivencia baja y aumento de casos en j\u00f3venes"},"content":{"rendered":"<p>El c\u00e1ncer de p\u00e1ncreas contin\u00faa siendo uno de los tumores con peor pron\u00f3stico, pese a no ser de los m\u00e1s frecuentes. En Europa se diagnostican 78.000 casos al a\u00f1o, y en Espa\u00f1a la Sociedad Espa\u00f1ola de Oncolog\u00eda M\u00e9dica (SEOM) estima 10.338 nuevos diagn\u00f3sticos en 2025. Su impacto es severo: la supervivencia a cinco a\u00f1os es solo del 7,2 % en hombres y 10 % en mujeres, con 8.140 muertes anuales, seg\u00fan datos de Redecan. En Estados Unidos, se prev\u00e9 m\u00e1s de 67.000 casos nuevos este a\u00f1o.<\/p>\n<p><strong>Incremento en menores de 50 a\u00f1os<\/strong><\/p>\n<p>Tradicionalmente ligado a edades avanzadas \u2014la mediana es de 72 a\u00f1os\u2014, el c\u00e1ncer de p\u00e1ncreas muestra un aumento notable en pacientes j\u00f3venes, alerta la onc\u00f3loga Teresa Macarulla. Las causas de este fen\u00f3meno a\u00fan se desconocen, y ya se est\u00e1n desarrollando investigaciones espec\u00edficas para esclarecerlo.<\/p>\n<p><strong>Factores de riesgo y s\u00edntomas tard\u00edos<\/strong><\/p>\n<p>El tumor se disemina con rapidez incluso en fases iniciales, lo que dificulta su detecci\u00f3n precoz. No existen factores de riesgo tan claros como en otros tumores, aunque el tabaco, el alcohol, la pancreatitis y la diabetes prolongada aumentan la probabilidad. Los s\u00edntomas suelen aparecer tarde, incluyendo ictericia, dolor persistente en la boca del est\u00f3mago irradiado a la espalda o diabetes de inicio s\u00fabito en personas j\u00f3venes.<\/p>\n<p><strong>Tratamiento limitado, pero con esperanzas<\/strong><\/p>\n<p>Actualmente, la quimioterapia, antes o despu\u00e9s de la cirug\u00eda, sigue siendo la principal herramienta terap\u00e9utica, especialmente en casos con met\u00e1stasis. No obstante, Macarulla destaca un horizonte m\u00e1s optimista gracias a los ensayos cl\u00ednicos de inhibidores del gen KRAS, alterado en el 90 % de los tumores. Estas terapias, que act\u00faan bloqueando el crecimiento tumoral de manera distinta a la quimioterapia, podr\u00edan llegar a Espa\u00f1a el pr\u00f3ximo a\u00f1o.<\/p>\n<p><strong>Dec\u00e1logo para transformar el abordaje en Espa\u00f1a<\/strong><\/p>\n<p>Coincidiendo con el D\u00eda Mundial del C\u00e1ncer de P\u00e1ncreas, que se celebra el tercer jueves de noviembre, ACANPAN, junto con AESPANC y AEG, y con el aval de numerosas sociedades cient\u00edficas, ha difundido un Dec\u00e1logo de medidas urgentes para mejorar el diagn\u00f3stico, tratamiento y calidad de vida de los pacientes.<\/p>\n<p><strong>Entre sus principales demandas se incluyen:<\/strong><\/p>\n<p>Priorizar la investigaci\u00f3n: el tumor recibe menos del 2 % de los fondos oncol\u00f3gicos pese a su alta mortalidad. Se pide un Plan Nacional de Investigaci\u00f3n, una red estatal de investigadores, un biobanco espec\u00edfico y una base de datos p\u00fablica para facilitar el intercambio de conocimiento.<\/p>\n<p><strong>Acceso equitativo a ensayos cl\u00ednicos y f\u00e1rmacos innovadores aprobados en otros pa\u00edses.<\/strong><\/p>\n<p>Detecci\u00f3n precoz y atenci\u00f3n integral: formar a atenci\u00f3n primaria, crear circuitos asistenciales multidisciplinares y reforzar el seguimiento de personas con riesgo gen\u00e9tico o familiar.<\/p>\n<p>Apoyo a pacientes y familias: acompa\u00f1amiento emocional, comunicaci\u00f3n clara, ayuda a cuidadores y campa\u00f1as de sensibilizaci\u00f3n nacional.<\/p>\n<p><strong>Movilizaci\u00f3n global y acciones de concienciaci\u00f3n<\/strong><\/p>\n<p>Las iniciativas de noviembre incluyen la Carrera de las Ciudades, la celebraci\u00f3n de los 10 a\u00f1os de la Beca Carmen Delgado &#8211; Miguel P\u00e9rez-Mateo, que ha financiado 18 proyectos con 1,2 millones de euros, y la iluminaci\u00f3n en morado de edificios emblem\u00e1ticos en todo el mundo, en el marco de la campa\u00f1a de la WPCC.<\/p>\n<p>Todas estas acciones persiguen un objetivo com\u00fan: convertir el c\u00e1ncer de p\u00e1ncreas en una enfermedad con m\u00e1s vida y mejor calidad para los pacientes, y romper con la imagen de muerte temprana que hist\u00f3ricamente ha acompa\u00f1ado a esta patolog\u00eda.<\/p>\n","protected":false},"excerpt":{"rendered":"El c\u00e1ncer de p\u00e1ncreas contin\u00faa siendo uno de los tumores con peor pron\u00f3stico, pese a no ser de&hellip;\n","protected":false},"author":2,"featured_media":250902,"comment_status":"","ping_status":"","sticky":false,"template":"","format":"standard","meta":{"footnotes":""},"categories":[92],"tags":[19927,25,24,165,166,23],"class_list":{"0":"post-250901","1":"post","2":"type-post","3":"status-publish","4":"format-standard","5":"has-post-thumbnail","7":"category-salud","8":"tag-cancer-de-pancreas","9":"tag-es","10":"tag-espana","11":"tag-health","12":"tag-salud","13":"tag-spain"},"share_on_mastodon":{"url":"https:\/\/pubeurope.com\/@es\/115597471079255011","error":""},"_links":{"self":[{"href":"https:\/\/www.europesays.com\/es\/wp-json\/wp\/v2\/posts\/250901","targetHints":{"allow":["GET"]}}],"collection":[{"href":"https:\/\/www.europesays.com\/es\/wp-json\/wp\/v2\/posts"}],"about":[{"href":"https:\/\/www.europesays.com\/es\/wp-json\/wp\/v2\/types\/post"}],"author":[{"embeddable":true,"href":"https:\/\/www.europesays.com\/es\/wp-json\/wp\/v2\/users\/2"}],"replies":[{"embeddable":true,"href":"https:\/\/www.europesays.com\/es\/wp-json\/wp\/v2\/comments?post=250901"}],"version-history":[{"count":0,"href":"https:\/\/www.europesays.com\/es\/wp-json\/wp\/v2\/posts\/250901\/revisions"}],"wp:featuredmedia":[{"embeddable":true,"href":"https:\/\/www.europesays.com\/es\/wp-json\/wp\/v2\/media\/250902"}],"wp:attachment":[{"href":"https:\/\/www.europesays.com\/es\/wp-json\/wp\/v2\/media?parent=250901"}],"wp:term":[{"taxonomy":"category","embeddable":true,"href":"https:\/\/www.europesays.com\/es\/wp-json\/wp\/v2\/categories?post=250901"},{"taxonomy":"post_tag","embeddable":true,"href":"https:\/\/www.europesays.com\/es\/wp-json\/wp\/v2\/tags?post=250901"}],"curies":[{"name":"wp","href":"https:\/\/api.w.org\/{rel}","templated":true}]}}