{"id":250909,"date":"2025-11-23T05:59:09","date_gmt":"2025-11-23T05:59:09","guid":{"rendered":"https:\/\/www.europesays.com\/es\/250909\/"},"modified":"2025-11-23T05:59:09","modified_gmt":"2025-11-23T05:59:09","slug":"el-acercamiento-de-la-derecha-a-los-ultras-tensa-la-cuerda-en-bruselas-internacional","status":"publish","type":"post","link":"https:\/\/www.europesays.com\/es\/250909\/","title":{"rendered":"El acercamiento de la derecha a los ultras tensa la cuerda en Bruselas | Internacional"},"content":{"rendered":"<p class=\"\">La rosa de los vientos geopol\u00edticos ha sido caprichosa con Europa en los \u00faltimos tiempos: la veleta de riesgos amenaza en todas las direcciones. Islandia acaba de decretar la m\u00e1xima alerta por el deshielo del \u00c1rtico. Rumania se ve obligada a evacuar municipios por <a href=\"https:\/\/elpais.com\/internacional\/2025-09-23\/la-otan-analiza-la-crisis-abierta-por-la-violacion-del-espacio-aereo-europeo.html\" target=\"_self\" rel=\"nofollow noopener\" title=\"https:\/\/elpais.com\/internacional\/2025-09-23\/la-otan-analiza-la-crisis-abierta-por-la-violacion-del-espacio-aereo-europeo.html\">ataques rusos en territorio OTAN<\/a>. Grecia perforar\u00e1 las profundidades del Mediterr\u00e1neo para buscar petr\u00f3leo con Chevron, el gigante estadounidense que contamin\u00f3 el Amazonas durante d\u00e9cadas. En el flanco suroeste, el Supremo espa\u00f1ol falla (maravilloso verbo polis\u00e9mico) <a href=\"https:\/\/elpais.com\/espana\/2025-11-20\/palante.html\" target=\"_self\" rel=\"nofollow noopener\" title=\"https:\/\/elpais.com\/espana\/2025-11-20\/palante.html\">contra el fiscal general del Estado y provoca una crisis pol\u00edtica<\/a>, y de vuelta al Norte, los socialdem\u00f3cratas daneses pierden la alcald\u00eda de Copenhague por primera vez en un siglo por el hartazgo del electorado con sus pol\u00edticas migratorias, sacadas del manual del perfecto fascista. Washington reclama en Berl\u00edn que Alemania tome el mando militar de la OTAN en Europa, una de esas iron\u00edas en las que la Historia parece re\u00edrse a carcajada limpia. Todo est\u00e1 patas arriba: como colof\u00f3n, <a href=\"https:\/\/elpais.com\/internacional\/2025-11-22\/el-plan-de-ee-uu-para-ucrania-irrumpe-en-un-g-20-sin-trump-putin-y-xi.html\" target=\"_self\" rel=\"nofollow noopener\" title=\"https:\/\/elpais.com\/internacional\/2025-11-22\/el-plan-de-ee-uu-para-ucrania-irrumpe-en-un-g-20-sin-trump-putin-y-xi.html\">la Uni\u00f3n se queda fuera del plan de paz para Ucrania<\/a>, como sucedi\u00f3 con Palestina, y aun as\u00ed le tocar\u00e1 pagar la factura. La lista es interminable, pero ese pu\u00f1ado de ejemplos basta para ver que en solo unos d\u00edas las siete plagas de Egipto se precipitan sobre el continente. La querida, sucia y neblinosa Bruselas, esa incansable f\u00e1brica de ama\u00f1os, sol\u00eda levantar una ceja ante esos sobresaltos, como diciendo puro teatro. Pero incluso Bruselas es hoy pasto de uno de esos acelerones que tienen a los europeos en trance: hasta el barrio europeo, esa fortaleza l\u00fagubre rodeada de tugurios, ha llegado la tremenda gresca que azota la pol\u00edtica de Norte a Sur, de Este a Oeste.<\/p>\n<p class=\"\">El Partido Popular Europeo (PPE) acaba de <a href=\"https:\/\/elpais.com\/clima-y-medio-ambiente\/2025-11-13\/la-agenda-ultra-contra-las-politicas-verdes-revienta-el-cordon-sanitario-a-la-extrema-derecha-en-la-eurocamara.html\" target=\"_self\" rel=\"nofollow noopener\" title=\"https:\/\/elpais.com\/clima-y-medio-ambiente\/2025-11-13\/la-agenda-ultra-contra-las-politicas-verdes-revienta-el-cordon-sanitario-a-la-extrema-derecha-en-la-eurocamara.html\">aflojar el cord\u00f3n sanitario<\/a> que durante d\u00e9cadas permiti\u00f3 aislar a la extrema derecha. Ese cortafuegos va camino de desaparecer, de convertirse en una reliquia circunscrita a Francia y Alemania. El cabreo en las filas del resto de formaciones proeuropeas es morrocotudo. Socialdem\u00f3cratas, liberales y verdes est\u00e1n que trinan con el susto o muerte de las derechas en noviembre. Las consecuencias de ese movimiento son inciertas: el PPE,<a href=\"https:\/\/elpais.com\/noticias\/manfred-weber\/\" target=\"_self\" rel=\"nofollow noopener\" title=\"https:\/\/elpais.com\/noticias\/manfred-weber\/\"> liderado por el b\u00e1varo Manfred Weber<\/a>, asegura que la vida sigue igual; el resto de partidos del consenso europe\u00edsta ponen el grito en el cielo, y los ultras se frotan las manos, felices con el ruido y furia. La mejor manera de vender m\u00e1s coca-cola en un cine es subir la temperatura de la sala. Y eso es exactamente lo que buscan \u2014y consiguen\u2014 las extremas derechas del continente, adiestradas y financiadas por el trumpismo y Silicon Valley.<\/p>\n<p class=\"\">Pero dejemos hablar a los hechos, que dec\u00eda aquel estribillo de Les Gottesman. Los populares europeos sacaron adelante hace unos d\u00edas con los grupos ultra una rebaja dr\u00e1stica de los requisitos de sostenibilidad ambiental de las grandes empresas. El PPE sol\u00eda votar con los ultraconservadores de ECR, de Giorgia Meloni, los m\u00e1s presentables entre los populistas. La novedad es que ahora son capaces de pactar con los <a href=\"https:\/\/elpais.com\/internacional\/elecciones-europeas\/2024-07-08\/los-partidos-de-le-pen-y-orban-constituyen-un-grupo-ultra-que-se-convierte-en-la-tercera-fuerza-del-parlamento-europeo.html\" target=\"_self\" rel=\"nofollow noopener\" title=\"https:\/\/elpais.com\/internacional\/elecciones-europeas\/2024-07-08\/los-partidos-de-le-pen-y-orban-constituyen-un-grupo-ultra-que-se-convierte-en-la-tercera-fuerza-del-parlamento-europeo.html\">Patriotas de Viktor Orb\u00e1n, Marine Le Pen y Vox<\/a>, e incluso con los<a href=\"https:\/\/elpais.com\/internacional\/2024-06-24\/el-partido-aleman-afd-quiere-fundar-un-tercer-grupo-ultra-en-bruselas-con-la-formacion-de-alvise-perez.html\" target=\"_self\" rel=\"nofollow noopener\" title=\"https:\/\/elpais.com\/internacional\/2024-06-24\/el-partido-aleman-afd-quiere-fundar-un-tercer-grupo-ultra-en-bruselas-con-la-formacion-de-alvise-perez.html\"> Soberanistas, los m\u00e1s extremistas, de Alternativa para Alemania<\/a>. Europa fue una vez una potencia normativa; eso va camino de acabarse, el nuevo mantra es simplificar y desregular. Esta es una legislatura Pen\u00e9lope: el objetivo de la derecha es destejer lo que se aprob\u00f3 en los \u00faltimos a\u00f1os en materia de pacto clim\u00e1tico, de normativa digital (est\u00e1 lista otra simplificaci\u00f3n regulatoria que permitir\u00eda a la Inteligencia Artificial usar datos de los europeos para nutrir los algoritmos) y apretar las tuercas con la migraci\u00f3n. Cuando se pueda, el PPE acometer\u00e1 ese giro con socialistas y liberales. Cuando no, tiene a su alcance una mayor\u00eda alternativa con la ultraderecha.<\/p>\n<p class=\"\">Poco despu\u00e9s de esa deflagraci\u00f3n, el PPE volvi\u00f3 a apoyarse en los ultras para impedir que una comisi\u00f3n de la Euroc\u00e1mara visitara Roma para evaluar el Estado de derecho en la Italia de Meloni. Pero es el episodio de la ley \u00f3mnibus sobre la simplificaci\u00f3n regulatoria lo que ha dejado heridas: populares y ultras ya hab\u00edan votado juntos una docena de veces, pero en asuntos menores; nunca hab\u00edan negociado una ley. Eso era anatema en Bruselas por los <a href=\"https:\/\/elpais.com\/opinion\/2025-05-11\/por-europa-pese-a-todo.html\" target=\"_self\" rel=\"nofollow noopener\" title=\"https:\/\/elpais.com\/opinion\/2025-05-11\/por-europa-pese-a-todo.html\">tab\u00faes hist\u00f3ricos de Europa<\/a>. Ya no lo es.<\/p>\n<p>Sin estrategia<\/p>\n<p class=\"\">\u00bfCu\u00e1l es la estrategia del PPE? \u201cNo hay estrategia: es pura inercia, Europa ha virado a la derecha en pol\u00edtica nacional y esa tendencia ten\u00eda que acabar llegando a Bruselas. Los populares votar\u00e1n con las fuerzas proeuropeas siempre que puedan. Y cuando no sea posible buscar\u00e1n el apoyo de quien haga falta. Nos adentramos en un ecosistema de mayor\u00edas cambiantes\u201d, sostiene <a href=\"https:\/\/elpais.com\/noticias\/margaritis-schinas\/\" target=\"_self\" rel=\"nofollow noopener\" title=\"https:\/\/elpais.com\/noticias\/margaritis-schinas\/\">Margaritis Schinas<\/a>, exeurodiputado popular. \u201cNo hay tal estrategia\u201d, insisten diversas fuentes consultadas en el PPE, que solo bajo la condici\u00f3n de anonimato -y preferiblemente en voz baja- musitan alg\u00fan t\u00f3pico del calibre de \u201cel mundo ha cambiado, hay que adaptarse\u201d.<\/p>\n<p class=\"\">Incluso en la c\u00fapula socialdem\u00f3crata se echa mano de esa explicaci\u00f3n: \u201cEl PPE es una maquinaria de poder. Quiere ocupar espacios de poder a toda costa, le dan igual los costes y los efectos secundarios. Incluso a riesgo de forjar mayor\u00edas que ponen en peligro el proyecto europeo y dan alas a nuestros enemigos. Incluso en pol\u00edticas que van a marcar el \u00e9xito o el fracaso de Europa, como la agenda verde. No hab\u00eda visto una fragilidad como la actual por una irresponsabilidad de ese calibre\u201d, zanja <a href=\"https:\/\/www.bing.com\/search?q=teresa+ribera+el+pais&amp;cvid=00b1ebf21189448db654b446834672fc&amp;gs_lcrp=EgRlZGdlKgYIABBFGDkyBggAEEUYOTIGCAEQABhAMgYIAhAAGEAyBggDEAAYQDIGCAQQABhAMgYIBRAAGEAyBggGEAAYQDIGCAcQABhAMgYICBAAGEAyCAgJEOkHGPxV0gEIMjcyMWowajSoAgCwAgA&amp;FORM=ANAB01&amp;PC=TBTS\" target=\"_self\" rel=\"nofollow noopener\" title=\"https:\/\/www.bing.com\/search?q=teresa+ribera+el+pais&amp;cvid=00b1ebf21189448db654b446834672fc&amp;gs_lcrp=EgRlZGdlKgYIABBFGDkyBggAEEUYOTIGCAEQABhAMgYIAhAAGEAyBggDEAAYQDIGCAQQABhAMgYIBRAAGEAyBggGEAAYQDIGCAcQABhAMgYICBAAGEAyCAgJEOkHGPxV0gEIMjcyMWowajSoAgCwAgA&amp;FORM=ANAB01&amp;PC=TBTS\">Teresa Ribera<\/a>, vicepresidenta de la Comisi\u00f3n, en conversaci\u00f3n con EL PA\u00cdS.<\/p>\n<p class=\"\">Nieva en Bruselas, ataviada con un cielo tan gris, dec\u00eda Jacques Brel, que hay que perdonarlo. Pero desde el despacho de Ribera, en uno de los pisos altos del barrio europeo, se divisa un horizonte azulado, el color de la carteler\u00eda del PPE. Los conservadores acumulan m\u00e1s poder que nunca. La alemana <a href=\"https:\/\/elpais.com\/noticias\/ursula-gertrud-von-der-leyen\/\" target=\"_self\" rel=\"nofollow noopener\" title=\"https:\/\/elpais.com\/noticias\/ursula-gertrud-von-der-leyen\/\">Ursula Von der Leyen<\/a> preside con mano de hierro la Comisi\u00f3n. La maltesa <a href=\"https:\/\/elpais.com\/noticias\/roberta-metsola-tedesco-triccas\/\" target=\"_self\" rel=\"nofollow noopener\" title=\"https:\/\/elpais.com\/noticias\/roberta-metsola-tedesco-triccas\/\">Roberta Metsola<\/a> lidera la Euroc\u00e1mara. Los primeros ministros del PP son, de largo, el grupo m\u00e1s numeroso en el Consejo. La francesa<a href=\"https:\/\/elpais.com\/noticias\/christine-lagarde\/\" target=\"_self\" rel=\"nofollow noopener\" title=\"https:\/\/elpais.com\/noticias\/christine-lagarde\/\"> Christine Lagarde,<\/a> exministra del convicto Nicolas Sarkozy, dirige el Banco Central Europeo. La lista de alt\u00edsimos cargos de la derecha es abrumadora, e incluye tambi\u00e9n los segundos y los terceros niveles, claves en los pasillos donde se cuecen las decisiones m\u00e1s relevantes: Bruselas es una ciudad que pasillea. <\/p>\n<p class=\"\">En uno de esos pasillos, una fuente diplom\u00e1tica acierta con el quid de la cuesti\u00f3n: \u201cEl PPE es una m\u00e1quina de poder. El debilitamiento del cord\u00f3n sanitario obedece a la l\u00f3gica de digerir poder. Eso es todo\u201d.<\/p>\n<p>Meloni, la nueva normalidad<\/p>\n<p class=\"\">El PPE, en fin, es una m\u00e1quina de poder, y <a href=\"https:\/\/elpais.com\/internacional\/2025-05-20\/europa-gira-todavia-mas-a-la-derecha.html\" target=\"_self\" rel=\"nofollow noopener\" title=\"https:\/\/elpais.com\/internacional\/2025-05-20\/europa-gira-todavia-mas-a-la-derecha.html\">Europa ha virado con claridad hacia la derecha<\/a>: en la pol\u00edtica nacional, y m\u00e1s a c\u00e1mara lenta en la europea. \u201cLa excepci\u00f3n es Espa\u00f1a\u201d, coincide la pr\u00e1ctica totalidad de la veintena de fuentes consultadas para esta pieza. Ni siquiera se trata solo de Europa: el mundo entero gira hoy sobre ese eje, al ritmo de Donald Trump y sus tecnomagnates. A pesar de ese cambio tect\u00f3nico, Bruselas manten\u00eda un precario equilibrio con una mayor\u00eda proeuropea que lleva 80 a\u00f1os en liza, pero \u201cla plataforma\u201d (la alianza de populares, socialistas y liberales en la jerga imposible de Bruselas), pierde brillo en favor de la mayor\u00eda Meloni: \u201cLa UE se mira en el modelo Meloni, cuyos Hermanos de Italia son capaces de pactar con los populares, con la Liga, con lo que haga falta. ECR ha logrado sortear el cord\u00f3n sanitario. Meloni, con un partido que hunde sus ra\u00edces en movimientos neofascistas pero ha sabido limar sus aristas m\u00e1s duras, es la nueva normalidad\u201d, asegura Leonardo Schiavo, exalto cargo del Consejo.<\/p>\n<p class=\"\">J\u00fcri Laas, del equipo de Metsola, a\u00f1ade que el PP juega con elementos populistas porque el electorado est\u00e1 cambiando. \u201cWeber, con el PP espa\u00f1ol alent\u00e1ndole, est\u00e1 convencido de que esa es la t\u00e1ctica, aunque para ello pueda perjudicar los intereses de alguno de los suyos, como Von der Leyen. La derecha sintoniza con esa sensaci\u00f3n de la ciudadan\u00eda que considera que Europa tal vez haya ido demasiado lejos en algunas agendas, con demasiada burocracia. Los europeos han hablado con claridad en el \u00faltimo ciclo electoral. Y no es f\u00e1cil defender eso de que la gente vota mal\u201d. Pedro L\u00f3pez de Pablos, asesor de Weber, niega que esa mayor\u00eda alternativa vaya a ser la norma: \u201cEstamos firmemente comprometidos a seguir trabajando con la plataforma proeuropea\u201d. \u201cLos votos de AfD [los ultras alemanes] no fueron decisivos\u201d, se tuvo que justificar el propio Weber en su pa\u00eds poco despu\u00e9s de que el cord\u00f3n sanitario saltara por los aires. <\/p>\n<p class=\"\">Pero el resto de partidos lo ven de otra manera. Terry Reitke, col\u00edder de los verdes, define con inigualable poes\u00eda la situaci\u00f3n: \u201cEl PP ha conseguido crear una atm\u00f3sfera de mierda\u201d. Los liberales han enfurecido: \u201cWeber va a generar una inestabilidad enorme. Trump debe estar aplaudiendo con las orejas\u201d, se\u00f1alan fuentes de la direcci\u00f3n de Renew. Iratxe Garc\u00eda, l\u00edder de los socialdem\u00f3cratas, carga tambi\u00e9n con dureza contra Weber: \u201cEl PP europeo se ha espa\u00f1olizado para mal, y por esa senda es muy posible que de la desregulaci\u00f3n pasemos al pacto verde, a la migraci\u00f3n y a aguar la normativa digital. El sue\u00f1o de la desregulaci\u00f3n produce monstruos\u201d.<\/p>\n<p class=\"\">En las filas del PPE. uno de los eurodiputados espa\u00f1oles concede que hay \u201ctensi\u00f3n interna\u201d en su grupo por esa decisi\u00f3n, pero apunta que la extrema derecha ha crecido tanto que dejar fuera a los ultras ya no es una opci\u00f3n: \u201cLos populistas deben tener responsabilidades; de lo contrario nunca se desgastar\u00e1n. Europa pierde competitividad y hay que desmontar lo aprobado en la legislatura anterior, y con socialistas y liberales eso no es f\u00e1cil. El trumpismo es una revoluci\u00f3n social que est\u00e1 llegando a Europa: \u00bfEsa marea la va a recepcionar por entero la extrema derecha o podemos tratar de absorberla en el centroderecha?\u201d.<\/p>\n<p class=\"\">Los cortafuegos contra los ultras funcionan en el corto plazo, pero a la larga sus resultados son discutibles. Solo Francia y Alemania los mantienen contra viento y marea, y all\u00ed los apoyos de la extrema derecha francesa rondan el 35%; AfD supera el 25%. En los n\u00f3rdicos, la ruptura del cord\u00f3n deja resultados mixtos, nubes y claros. En el Este han llegado a los gobiernos y aceleran a\u00fan m\u00e1s. Y en Italia, Meloni es un Jano bifronte: ofrece pol\u00edticas radicales en casa, pero ortodoxia en Bruselas. \u201cEl cord\u00f3n sanitario era l\u00f3gico hace a\u00f1os, cuando hab\u00eda dos bloques, izquierda-derecha. Desde la crisis de refugiados han aparecido tres bloques: un tercio del electorado es de izquierdas, un tercio de centroderecha liberal y el \u00faltimo tercio ultra, con fuerzas muy peligrosas, pero tambi\u00e9n animales pol\u00edticos m\u00e1s h\u00edbridos. Y muy votados, han conseguido conectar con el esp\u00edritu de los tiempos. Me temo que los cordones van a ir aflojando\u201d, vaticina Luuk Van Middelaar, del Instituto de Geopol\u00edtica Europea.<\/p>\n<p class=\"\">\u201cM\u00e1xima diversidad en el m\u00ednimo espacio\u201d: esa es la feliz definici\u00f3n de Europa de Milan Kundera en un ensayo de los ochenta con un t\u00edtulo premonitorio: Un Occidente secuestrado. Puede que ahora la definici\u00f3n se ajuste mejor a m\u00e1xima fragilidad en el m\u00ednimo espacio. Joaqu\u00edn Almunia, exvicepresidente comunitario y exministro socialista, considera que la socialdemocracia \u201cest\u00e1 en los huesos\u201d y poco puede hacer \u201cante el desmontaje paulatino del proyecto europeo, en la doble escala nacional y de Bruselas\u201d, con un centroderecha que se centra \u201cen sobrevivir y en agarrarse al poder, si hace falta desnaturalizando poco a poco el proyecto europeo\u201d. El analista Alberto Alemanno considera que el cortafuegos cl\u00e1sico ha saltado por los aires y eso va a redefinir la mayor parte de las pol\u00edticas: \u201cEs una herida autoinfligida que permite a Trump intensificar su presi\u00f3n sobre la UE\u201d. El polit\u00f3logo Cas Mudde a\u00f1ade que la idea de que los ultras se moderan en el poder \u201ces ingenua\u201d. \u201cDejan de lado las posiciones m\u00e1s radicales, pero solo para sacar adelante una parte de su agenda. Meloni es el mejor ejemplo: socava los valores liberales con ataques furibundos a la comunidad LGTBI, a los medios y a los migrantes, pero pese a todo en Europa es percibida como presentable. Bruselas ha terminado reflejando esa din\u00e1mica que se impone en las capitales\u201d, dice.<\/p>\n<p class=\"\">Se detecta tensi\u00f3n en el PPE. Hay cabreo entre socialistas, liberales y verdes, en ocasiones un punto teatral. Queda por medir la temperatura en el extremo: <a href=\"https:\/\/elpais.com\/noticias\/jorge-buxade-villalba\/\" target=\"_self\" rel=\"nofollow noopener\" title=\"https:\/\/elpais.com\/noticias\/jorge-buxade-villalba\/\">Jorge Buxad\u00e9, eurodiputado de Vox,<\/a> aparece en la cafeter\u00eda del Parlamento para ofrecer su an\u00e1lisis. \u201cLos populares parecen avergonzados de esa primera infidelidad al cord\u00f3n sanitario. Pero les ha entrado el miedo en el cuerpo: votan mirando qu\u00e9 hacemos nosotros, y acabar\u00e1n ali\u00e1ndose con ECR, Patriotas y Soberanistas en muchos m\u00e1s asuntos\u201d, vaticina exultante con la rosa de los vientos europea. \u201cVamos a ser inflexibles con las pol\u00edticas migratorias y medioambientales\u201d, advierte: se avecina temporada de huracanes en Bruselas.<\/p>\n","protected":false},"excerpt":{"rendered":"La rosa de los vientos geopol\u00edticos ha sido caprichosa con Europa en los \u00faltimos tiempos: la veleta de&hellip;\n","protected":false},"author":2,"featured_media":250910,"comment_status":"","ping_status":"","sticky":false,"template":"","format":"standard","meta":{"footnotes":""},"categories":[42],"tags":[17,18,2317,700,2287,13,14,11,61,62,63,64,19,20,9,10,15,16,6939,952,37164,12,21,22,1617,65,66,67],"class_list":{"0":"post-250909","1":"post","2":"type-post","3":"status-publish","4":"format-standard","5":"has-post-thumbnail","7":"category-internacional","8":"tag-breaking-news","9":"tag-breakingnews","10":"tag-bruselas","11":"tag-europa","12":"tag-extrema-derecha","13":"tag-featured-news","14":"tag-featurednews","15":"tag-headlines","16":"tag-internacional","17":"tag-international","18":"tag-international-news","19":"tag-internationalnews","20":"tag-latest-news","21":"tag-latestnews","22":"tag-news","23":"tag-noticias","24":"tag-noticias-destacadas","25":"tag-noticiasdestacadas","26":"tag-parlamento-europeo","27":"tag-politica","28":"tag-ppe","29":"tag-titulares","30":"tag-ultimas-noticias","31":"tag-ultimasnoticias","32":"tag-union-europea","33":"tag-world","34":"tag-world-news","35":"tag-worldnews"},"share_on_mastodon":{"url":"https:\/\/pubeurope.com\/@es\/115597487010723286","error":""},"_links":{"self":[{"href":"https:\/\/www.europesays.com\/es\/wp-json\/wp\/v2\/posts\/250909","targetHints":{"allow":["GET"]}}],"collection":[{"href":"https:\/\/www.europesays.com\/es\/wp-json\/wp\/v2\/posts"}],"about":[{"href":"https:\/\/www.europesays.com\/es\/wp-json\/wp\/v2\/types\/post"}],"author":[{"embeddable":true,"href":"https:\/\/www.europesays.com\/es\/wp-json\/wp\/v2\/users\/2"}],"replies":[{"embeddable":true,"href":"https:\/\/www.europesays.com\/es\/wp-json\/wp\/v2\/comments?post=250909"}],"version-history":[{"count":0,"href":"https:\/\/www.europesays.com\/es\/wp-json\/wp\/v2\/posts\/250909\/revisions"}],"wp:featuredmedia":[{"embeddable":true,"href":"https:\/\/www.europesays.com\/es\/wp-json\/wp\/v2\/media\/250910"}],"wp:attachment":[{"href":"https:\/\/www.europesays.com\/es\/wp-json\/wp\/v2\/media?parent=250909"}],"wp:term":[{"taxonomy":"category","embeddable":true,"href":"https:\/\/www.europesays.com\/es\/wp-json\/wp\/v2\/categories?post=250909"},{"taxonomy":"post_tag","embeddable":true,"href":"https:\/\/www.europesays.com\/es\/wp-json\/wp\/v2\/tags?post=250909"}],"curies":[{"name":"wp","href":"https:\/\/api.w.org\/{rel}","templated":true}]}}