{"id":250911,"date":"2025-11-23T06:00:17","date_gmt":"2025-11-23T06:00:17","guid":{"rendered":"https:\/\/www.europesays.com\/es\/250911\/"},"modified":"2025-11-23T06:00:17","modified_gmt":"2025-11-23T06:00:17","slug":"las-quinielas-del-sustituto-de-garcia-ortiz","status":"publish","type":"post","link":"https:\/\/www.europesays.com\/es\/250911\/","title":{"rendered":"las quinielas del sustituto de Garc\u00eda Ortiz"},"content":{"rendered":"\n<p> El Gobierno ha anunciado que <a href=\"https:\/\/www.elconfidencial.com\/espana\/2025-11-20\/el-supremo-condena-al-fiscal-general-a-12-meses-de-multa-por-revelar-secretos_4251155\/\" target=\"_blank\" rel=\"nofollow noopener\">nombrar\u00e1 a un nuevo fiscal general del Estado<\/a> en los pr\u00f3ximos d\u00edas y, con ello, ha abierto <strong>la veda de las quinielas<\/strong> que empezaron a circular poco despu\u00e9s de conocerse el fallo del Tribunal Supremo que impone la inhabilitaci\u00f3n de <strong>\u00c1lvaro Garc\u00eda Ortiz <\/strong>para los pr\u00f3ximos dos a\u00f1os. La tarea que emprende ahora el Ejecutivo no es f\u00e1cil, sobre todo por los tiempos. La persona seleccionada tiene asegurado un mandato corto, hasta el fin de la presente legislatura, aunque podr\u00e1 optar a la renovaci\u00f3n <strong>si el PSOE vuelve a gobernar <\/strong>tras las pr\u00f3ximas elecciones. <\/p>\n<p> Desde Moncloa, pocas pistas se han dado. Se han limitado a decir<strong> que iniciar\u00e1 el proceso \u00aben los pr\u00f3ximos d\u00edas\u00bb<\/strong> y que ser\u00e1 una persona con \u00abuna trayectoria profesional y una cualificaci\u00f3n jur\u00eddica que garantice que ejercer\u00e1 con solvencia esta funci\u00f3n\u00bb. Este \u00faltimo punto no es discutible, ya que el proceso, reglado en el Estatuto Fiscal y consagrado por la Constituci\u00f3n, exige que quien ocupe el puesto sea un jurista de reconocido prestigio con un m\u00ednimo de 15 a\u00f1os de antig\u00fcedad. El elegido cesar\u00e1 cuando cese el Gobierno en un momento en el que <a href=\"https:\/\/www.elconfidencial.com\/espana\/2025-11-21\/terremoto-gobierno-derrota-judicial-condena-fiscal-general_4251423\/\" target=\"_self\" rel=\"nofollow noopener\">deben convocar elecciones<\/a> como m\u00e1ximo en julio de 2027. <strong>Un a\u00f1o y siete meses<\/strong> que, adem\u00e1s, amenazan con acortarse. <\/p>\n<p> <strong>El sistema es el siguiente: <\/strong>el Gobierno propone a un candidato que debe pasar por una comparecencia ante la Comisi\u00f3n de Justicia del Congreso de los Diputados, destinada a evaluar sus m\u00e9ritos y capacidad. El Consejo General del Poder Judicial (CGPJ) tambi\u00e9n se pronuncia sobre su idoneidad, aunque su opini\u00f3n es meramente consultivo y no vinculante. Al t\u00e9rmino <a href=\"https:\/\/blogs.elconfidencial.com\/espana\/luna-de-papel\/2025-11-20\/condena-fiscal-general-abalos-peticion-carcel-20n-sanchez_4251280\/\" target=\"_self\" rel=\"nofollow noopener\">el nombramiento recibe el espaldarazo<\/a> a trav\u00e9s de un Real Decreto firmado por el rey. <\/p>\n<p>              <img decoding=\"async\" class=\"inTextNews__img\" alt=\"Foto: terremoto-gobierno-derrota-judicial-condena-fiscal-general\" src=\"https:\/\/www.europesays.com\/es\/wp-content\/uploads\/2025\/11\/f.elconfidencial.com\/original\/142\/219\/ce7\/142219ce7c0b4865343d34b88fef1892.jpg\"  \/>     <\/p>\n<p>TE PUEDE INTERESAR<\/p>\n<p>      <a class=\"inTextNews__title\" href=\"https:\/\/www.elconfidencial.com\/espana\/2025-11-21\/terremoto-gobierno-derrota-judicial-condena-fiscal-general_4251423\/\" onclick=\"window.ECCO.emit(&#039;amplitude&#039;, { dataEventName: &#039;click_related_article_module&#039;, data: { related_article_url: &#039;https:\/\/www.elconfidencial.com\/espana\/2025-11-21\/terremoto-gobierno-derrota-judicial-condena-fiscal-general_4251423\/&#039;, related_article_author: &#039;Beatriz Parera&#039;, related_article_section: &#039;espana&#039; } })\" rel=\"nofollow noopener\" target=\"_blank\"> Terremoto en el Gobierno por su derrota judicial: la condena al fiscal puede ser solo la primera <\/a>   <\/p>\n<p>    Beatriz Parera   <\/p>\n<p> Hay otras condiciones como que el candidato no haya sido nombrado titular de un Ministerio, de una <a href=\"https:\/\/www.elconfidencial.com\/espana\/2024-12-24\/silla-caliente-comunicacion-moncloa_4031660\/\" target=\"_self\" rel=\"nofollow noopener\">Secretar\u00eda de Estado<\/a> o de una Consejer\u00eda de un Gobierno auton\u00f3mico en los \u00faltimos cinco a\u00f1os. Tampoco pueden optar los diputados, senadores, miembros del Parlamento Europeo. Si, como fue el caso de Garc\u00eda Ortiz, el nombramiento recae en un fiscal, este queda en situaci\u00f3n de servicios especiales. El mandato completo es de cuatro a\u00f1os <strong>y si acaba antes de los dos, puede optar a una renovaci\u00f3n. <\/strong> <\/p>\n<p>            Las quinielas           <\/p>\n<p> Entre los nombres que comenzaron a sonar hay tres que lo han hecho con especial fuerza. En primer lugar, se habla de la magistrada del Tribunal Supremo <strong>Ana Ferrer<\/strong>, destacada progresista. Ha formado parte del tribunal <a href=\"https:\/\/www.elconfidencial.com\/espana\/2025-11-21\/reaccion-condena-fiscal-general_4251406\/\" target=\"_blank\" rel=\"nofollow noopener\">que ha acabado condenando a Garc\u00eda Ortiz<\/a>. <strong>Junto a Susana Polo<\/strong>, defendi\u00f3 en minor\u00eda su absoluci\u00f3n y redactar\u00e1 un voto particular que, previsiblemente, servir\u00e1 de percha al todav\u00eda jefe de la Fiscal\u00eda para tomar el camino de los recursos que acabar\u00e1n llev\u00e1ndole al Constitucional de C\u00e1ndido Conde-Pumpido. <\/p>\n<p> <strong>No es la primera vez que Ferrer disiente<\/strong>. Precisamente, junto a Polo, se opuso a avalar la sentencia de los EREs de Andaluc\u00eda. Calificaron la condena de malversaci\u00f3n por la que se impon\u00edan penas de prisi\u00f3n para <a href=\"https:\/\/www.elconfidencial.com\/espana\/andalucia\/2024-07-02\/el-constitucional-borra-la-malversacion-de-los-ere-y-deja-todo-el-foco-del-fraude-en-empleo_3915429\/\" target=\"_self\" rel=\"nofollow noopener\">el expresidente socialista de la Junta de Andaluc\u00eda Juan Antonio Gri\u00f1\u00e1n<\/a> como un salto al vac\u00edo. Adem\u00e1s, redact\u00f3 en solitario otro voto particular en el que se opon\u00eda al criterio del resto de magistrados que no consideraron aplicable la ley de amnist\u00eda al delito tambi\u00e9n de malversaci\u00f3n. Fue la candidata estrella del Ejecutivo para presidir la Sala de lo Penal en sustituci\u00f3n de Manuel Marchena pero acab\u00f3 perdiendo ese pulso. <\/p>\n<p> Con un perfil apegado a la Fiscal\u00eda, circula tambi\u00e9n el nombre de <strong>Teresa Peramato<\/strong>, reciente fiscal de sala jefa de la <a href=\"https:\/\/www.elconfidencial.com\/espana\/2025-11-20\/el-supremo-condena-al-fiscal-general-a-12-meses-de-multa-por-revelar-secretos_4251155\/\" target=\"_self\" rel=\"nofollow noopener\">Secci\u00f3n Penal de la Fiscal\u00eda del Tribunal Supremo <\/a>y perteneciente al c\u00edrculo de confianza del inhabilitado Garc\u00eda Ortiz. Fue fiscal de sala contra la Violencia sobre la Mujer durante cinco a\u00f1os y pertenec\u00eda a la unidad desde mucho antes, siendo una de las especialistas m\u00e1s reconocidas en el \u00e1rea. <\/p>\n<p>                  <img decoding=\"async\" class=\"inTextNews__img\" alt=\"Foto: el-supremo-condena-al-fiscal-general-a-12-meses-de-multa-por-revelar-secretos\" src=\"https:\/\/www.europesays.com\/es\/wp-content\/uploads\/2025\/11\/f.elconfidencial.com\/original\/b1f\/1e7\/0db\/b1f1e70db0ccc05e1e2cc385f9bc6939.jpg\"  \/>     <\/p>\n<p>TE PUEDE INTERESAR<\/p>\n<p>      <a class=\"inTextNews__title\" href=\"https:\/\/www.elconfidencial.com\/espana\/2025-11-20\/el-supremo-condena-al-fiscal-general-a-12-meses-de-multa-por-revelar-secretos_4251155\/\" onclick=\"window.ECCO.emit(&#039;amplitude&#039;, { dataEventName: &#039;click_related_article_module&#039;, data: { related_article_url: &#039;https:\/\/www.elconfidencial.com\/espana\/2025-11-20\/el-supremo-condena-al-fiscal-general-a-12-meses-de-multa-por-revelar-secretos_4251155\/&#039;, related_article_author: &#039;Beatriz Parera,Ana Bel\u00e9n Ramos&#039;, related_article_section: &#039;espana&#039; } })\" rel=\"nofollow noopener\" target=\"_blank\"> El Supremo condena al fiscal general a dos a\u00f1os de inhabilitaci\u00f3n por revelar secretos <\/a>   <\/p>\n<p>    Beatriz Parera     Ana Bel\u00e9n Ramos   <\/p>\n<p> Una apuesta continuista que se baraja en las quinielas es la del teniente fiscal de la secretar\u00eda t\u00e9cnica del a\u00fan fiscal general, <strong>Diego Villafa\u00f1e<\/strong>. Su elecci\u00f3n reproducir\u00eda el sistema abierto tras la salida de Dolores Delgado por causas m\u00e9dicas. En aquel momento, Garc\u00eda Ortiz dirig\u00eda la secretar\u00eda t\u00e9cnica y tom\u00f3 el testigo. Con Villafa\u00f1e, quedar\u00eda garantizado el mismo patr\u00f3n y el Gobierno <a href=\"https:\/\/www.elconfidencial.com\/espana\/2025-11-20\/gobierno-condena-fiscal-general-tribunal-supremo_4251213\/\" target=\"_blank\" rel=\"nofollow noopener\">lanzar\u00eda un mensaje de confianza<\/a> al condenado que le considera su mano derecha. Lleg\u00f3 a estar imputado por la revelaci\u00f3n de secretos del novio de Ayuso pero qued\u00f3 fuera antes del juicio. <\/p>\n<p> Adem\u00e1s de estos nombres, en la carrera se barajan otros como el de la actual teniente fiscal del Supremo y dos de Garc\u00eda Ortiz, <strong>Mar\u00eda \u00c1ngeles S\u00e1nchez Conde<\/strong>. Defendi\u00f3 en su juicio la postura de la Fiscal\u00eda y <a href=\"https:\/\/www.elconfidencial.com\/espana\/2025-11-13\/abogacia-estado-dicta-sentencia-fiscal-alvaro-garcia-ortiz_4246951\/\" target=\"_blank\" rel=\"nofollow noopener\">sum\u00f3 fuerzas con la Abogac\u00eda del Estado<\/a> para reclamar su absoluci\u00f3n. Tambi\u00e9n se habla de <strong>Mar\u00eda Teresa Gisbert<\/strong>, fiscal de Sala Coordinadora de Menores de la Fiscal\u00eda General del Estado. <\/p>\n<p> El Gobierno ha anunciado que <a href=\"https:\/\/www.elconfidencial.com\/espana\/2025-11-20\/el-supremo-condena-al-fiscal-general-a-12-meses-de-multa-por-revelar-secretos_4251155\/\" target=\"_blank\" rel=\"nofollow noopener\">nombrar\u00e1 a un nuevo fiscal general del Estado<\/a> en los pr\u00f3ximos d\u00edas y, con ello, ha abierto <strong>la veda de las quinielas<\/strong> que empezaron a circular poco despu\u00e9s de conocerse el fallo del Tribunal Supremo que impone la inhabilitaci\u00f3n de <strong>\u00c1lvaro Garc\u00eda Ortiz <\/strong>para los pr\u00f3ximos dos a\u00f1os. La tarea que emprende ahora el Ejecutivo no es f\u00e1cil, sobre todo por los tiempos. La persona seleccionada tiene asegurado un mandato corto, hasta el fin de la presente legislatura, aunque podr\u00e1 optar a la renovaci\u00f3n <strong>si el PSOE vuelve a gobernar <\/strong>tras las pr\u00f3ximas elecciones. <\/p>\n","protected":false},"excerpt":{"rendered":"El Gobierno ha anunciado que nombrar\u00e1 a un nuevo fiscal general del Estado en los pr\u00f3ximos d\u00edas y,&hellip;\n","protected":false},"author":2,"featured_media":250912,"comment_status":"","ping_status":"","sticky":false,"template":"","format":"standard","meta":{"footnotes":""},"categories":[8],"tags":[17,18,25,24,13,14,11,19,20,9,10,15,16,23,12,21,22],"class_list":{"0":"post-250911","1":"post","2":"type-post","3":"status-publish","4":"format-standard","5":"has-post-thumbnail","7":"category-espana","8":"tag-breaking-news","9":"tag-breakingnews","10":"tag-es","11":"tag-espana","12":"tag-featured-news","13":"tag-featurednews","14":"tag-headlines","15":"tag-latest-news","16":"tag-latestnews","17":"tag-news","18":"tag-noticias","19":"tag-noticias-destacadas","20":"tag-noticiasdestacadas","21":"tag-spain","22":"tag-titulares","23":"tag-ultimas-noticias","24":"tag-ultimasnoticias"},"share_on_mastodon":{"url":"https:\/\/pubeurope.com\/@es\/115597490797505022","error":""},"_links":{"self":[{"href":"https:\/\/www.europesays.com\/es\/wp-json\/wp\/v2\/posts\/250911","targetHints":{"allow":["GET"]}}],"collection":[{"href":"https:\/\/www.europesays.com\/es\/wp-json\/wp\/v2\/posts"}],"about":[{"href":"https:\/\/www.europesays.com\/es\/wp-json\/wp\/v2\/types\/post"}],"author":[{"embeddable":true,"href":"https:\/\/www.europesays.com\/es\/wp-json\/wp\/v2\/users\/2"}],"replies":[{"embeddable":true,"href":"https:\/\/www.europesays.com\/es\/wp-json\/wp\/v2\/comments?post=250911"}],"version-history":[{"count":0,"href":"https:\/\/www.europesays.com\/es\/wp-json\/wp\/v2\/posts\/250911\/revisions"}],"wp:featuredmedia":[{"embeddable":true,"href":"https:\/\/www.europesays.com\/es\/wp-json\/wp\/v2\/media\/250912"}],"wp:attachment":[{"href":"https:\/\/www.europesays.com\/es\/wp-json\/wp\/v2\/media?parent=250911"}],"wp:term":[{"taxonomy":"category","embeddable":true,"href":"https:\/\/www.europesays.com\/es\/wp-json\/wp\/v2\/categories?post=250911"},{"taxonomy":"post_tag","embeddable":true,"href":"https:\/\/www.europesays.com\/es\/wp-json\/wp\/v2\/tags?post=250911"}],"curies":[{"name":"wp","href":"https:\/\/api.w.org\/{rel}","templated":true}]}}