{"id":250913,"date":"2025-11-23T06:02:02","date_gmt":"2025-11-23T06:02:02","guid":{"rendered":"https:\/\/www.europesays.com\/es\/250913\/"},"modified":"2025-11-23T06:02:02","modified_gmt":"2025-11-23T06:02:02","slug":"casi-2-000-espectadores-han-disfrutado-de-las-bodas-de-plata-del-ficab","status":"publish","type":"post","link":"https:\/\/www.europesays.com\/es\/250913\/","title":{"rendered":"Casi 2.000 espectadores han disfrutado de las bodas de plata del FICAB"},"content":{"rendered":"<p>El Festival Internacional de Cine Arqueol\u00f3gico del Bidasoa (FICAB) clausur\u00f3 con \u00e9xito de p\u00fablico la edici\u00f3n de sus bodas de plata, rozando los 2.000 espectadores entre las sesiones presenciales y las online.\u00a0El festival, celebrado entre el 10 y el 15 de noviembre, goz\u00f3 de gran ambiente durante su celebraci\u00f3n, con <strong>1.430 personas que disfrutaron de las proyecciones presenciales<\/strong> en el Amaia KZ y el Aquarium de Donostia\/San Sebasti\u00e1n, adem\u00e1s de las <strong>545 que lo hicieron de manera online<\/strong>, sumando un total de 1.975.<\/p>\n<p>Esta cifra consolida la tendencia al alza del certamen en las \u00faltimas dos ediciones especialmente, ya que el a\u00f1o pasado se contabilizaron 2.050 personas. Cabe destacar que los resultados de 2024 y 2025 son los mejores que ha tenido el FICAB en su historia, lo que confirma el auge del festival entre el p\u00fablico.<\/p>\n<p>La primera teniente de alcaldesa y delegada de Cultura, <strong>Nuria Alzaga<\/strong>, ha valorado muy positivamente estas cifras, y ha destacado que \u00abel FICAB es mucho m\u00e1s que un festival. Es un espacio donde Irun se reconoce, donde el p\u00fablico se emociona y donde la cultura se vive en comunidad. Este a\u00f1o, en nuestras bodas de plata, el p\u00fablico nos ha regalado algo maravilloso: casi 2.000 personas llenando salas, compartiendo miradas curiosas y manteniendo vivo el esp\u00edritu del festival. No son solo cifras, es orgullo, es pertenencia, es la prueba de que en Irun hay hambre de cultura. El reconocimiento de instituciones y profesionales confirma que el camino es el correcto, y nos impulsa a seguir ofreciendo experiencias que emocionen, que ense\u00f1en y que hagan vibrar al p\u00fablico. Terminamos esta edici\u00f3n con ilusi\u00f3n, con agradecimiento y con la certeza de que la cultura sigue siendo una de las grandes fortalezas\u00bb.<\/p>\n<p>Cabe destacar que la 25\u00aa edici\u00f3n ha resultado inolvidable, ya que a la gran calidad e inter\u00e9s de los documentales y el respaldo del p\u00fablico, se ha sumado el reconocimiento de importantes representantes de los principales museos e instituciones de arqueolog\u00eda, as\u00ed como de profesionales del \u00e1mbito de la gesti\u00f3n cultural.<\/p>\n<p>Esto refleja el \u00e9xito de un FICAB que sale totalmente reforzado de esta edici\u00f3n y con nuevas propuestas para extender su proyecci\u00f3n, la de la arqueolog\u00eda y la de Irun, m\u00e1s all\u00e1 de Gipuzkoa. De hecho, la insistencia de la ciudadan\u00eda ha hecho que las pel\u00edculas hayan podido verse hasta el d\u00eda de hoy v\u00eda online, alargando casi por una semana la posibilidad de que estas sean visionadas.<\/p>\n<p>En esta edici\u00f3n, el\u00a0<strong>Gran Premio del Jurado<\/strong>, compuesto por el presidente del FICAB Jes\u00fas Cimarro y los vocales Ana Bel\u00e9n Mar\u00edn-Arroyo, Juan Manuel Garc\u00eda-Ruiz, Giulia Pruneti y Mertxe Urteaga, fue para la cinta \u00abLa Cit\u00e9 Oubli\u00e9e de la Dynastie Ming\u00bb dirigida por St\u00e9phane Begoin.<\/p>\n","protected":false},"excerpt":{"rendered":"El Festival Internacional de Cine Arqueol\u00f3gico del Bidasoa (FICAB) clausur\u00f3 con \u00e9xito de p\u00fablico la edici\u00f3n de sus&hellip;\n","protected":false},"author":2,"featured_media":250914,"comment_status":"","ping_status":"","sticky":false,"template":"","format":"standard","meta":{"footnotes":""},"categories":[5],"tags":[17,18,25,24,13,14,11,19,20,9,10,15,16,23,12,21,22],"class_list":{"0":"post-250913","1":"post","2":"type-post","3":"status-publish","4":"format-standard","5":"has-post-thumbnail","7":"category-titulares","8":"tag-breaking-news","9":"tag-breakingnews","10":"tag-es","11":"tag-espana","12":"tag-featured-news","13":"tag-featurednews","14":"tag-headlines","15":"tag-latest-news","16":"tag-latestnews","17":"tag-news","18":"tag-noticias","19":"tag-noticias-destacadas","20":"tag-noticiasdestacadas","21":"tag-spain","22":"tag-titulares","23":"tag-ultimas-noticias","24":"tag-ultimasnoticias"},"share_on_mastodon":{"url":"","error":""},"_links":{"self":[{"href":"https:\/\/www.europesays.com\/es\/wp-json\/wp\/v2\/posts\/250913","targetHints":{"allow":["GET"]}}],"collection":[{"href":"https:\/\/www.europesays.com\/es\/wp-json\/wp\/v2\/posts"}],"about":[{"href":"https:\/\/www.europesays.com\/es\/wp-json\/wp\/v2\/types\/post"}],"author":[{"embeddable":true,"href":"https:\/\/www.europesays.com\/es\/wp-json\/wp\/v2\/users\/2"}],"replies":[{"embeddable":true,"href":"https:\/\/www.europesays.com\/es\/wp-json\/wp\/v2\/comments?post=250913"}],"version-history":[{"count":0,"href":"https:\/\/www.europesays.com\/es\/wp-json\/wp\/v2\/posts\/250913\/revisions"}],"wp:featuredmedia":[{"embeddable":true,"href":"https:\/\/www.europesays.com\/es\/wp-json\/wp\/v2\/media\/250914"}],"wp:attachment":[{"href":"https:\/\/www.europesays.com\/es\/wp-json\/wp\/v2\/media?parent=250913"}],"wp:term":[{"taxonomy":"category","embeddable":true,"href":"https:\/\/www.europesays.com\/es\/wp-json\/wp\/v2\/categories?post=250913"},{"taxonomy":"post_tag","embeddable":true,"href":"https:\/\/www.europesays.com\/es\/wp-json\/wp\/v2\/tags?post=250913"}],"curies":[{"name":"wp","href":"https:\/\/api.w.org\/{rel}","templated":true}]}}