{"id":250915,"date":"2025-11-23T06:07:11","date_gmt":"2025-11-23T06:07:11","guid":{"rendered":"https:\/\/www.europesays.com\/es\/250915\/"},"modified":"2025-11-23T06:07:11","modified_gmt":"2025-11-23T06:07:11","slug":"espana-se-juega-la-davis-con-una-italia-b-que-tambien-asusta","status":"publish","type":"post","link":"https:\/\/www.europesays.com\/es\/250915\/","title":{"rendered":"Espa\u00f1a se juega la Davis con una \u2018Italia B\u2019 que tambi\u00e9n asusta"},"content":{"rendered":"<p class=\"\">En cosa de una semana, la Selecci\u00f3n espa\u00f1ola de tenis ha vivido todo tipo de sensaciones. Incertidumbre el lunes, cuando Carlos Alcaraz se uni\u00f3 a la concentraci\u00f3n en Bolonia con molestias f\u00edsicas; el martes, dolor por la confirmaci\u00f3n de la renuncia del n\u00famero uno del mundo; angustia el jueves despu\u00e9s de que Chequia se llevase el primer punto y dejase a la Armada al borde del abismo; y, sobre todo,<b> ilusi\u00f3n, fe, confianza y determinaci\u00f3n de ah\u00ed en adelante. <\/b>Poco a poco, partido a partido, punto a punto, Espa\u00f1a fue avanzando en la <a href=\"https:\/\/as.com\/tenis\/copa_davis\/\" target=\"_blank\" rel=\"noreferrer nofollow noopener\" title=\"https:\/\/as.com\/tenis\/copa_davis\/\">Copa Davis<\/a>, desoyendo todos los pron\u00f3sticos que hablaban de un temprano adi\u00f3s de un equipo que no conoce lo que es bajar los brazos. Por el camino <b>cayeron Chequia y <\/b><a href=\"https:\/\/as.com\/tenis\/espana-derrota-a-alemania-en-el-dobles-y-se-mete-en-la-final-f202511-n\/\" target=\"_self\" rel=\"nofollow noopener\" title=\"https:\/\/as.com\/tenis\/espana-derrota-a-alemania-en-el-dobles-y-se-mete-en-la-final-f202511-n\/\">Alemania<\/a>, dos cocos, y la Selecci\u00f3n podr\u00e1 terminar una semana intensa como pocas en pista, compitiendo como nadie lo hace, luchando por una meta tan seductora como es la posibilidad de levantar la s\u00e9ptima Ensaladera en la historia del tenis nacional. <b>Solo Italia puede impedir este domingo (15:00, M+)<\/b> que los de David Ferrer pongan la guinda a unos d\u00edas fant\u00e1sticos, tanto por lo vivido como por una gesta que ellos mismos se han encargado de transformarla de improbable a realidad.<\/p>\n<p class=\"\">Con lo acontecido en esta Davis, ya se puede afirmar que Italia y Espa\u00f1a han copado pr\u00e1cticamente todas las grandes finales de este a\u00f1o, con una \u00fanica excepci\u00f3n, aunque esta vez los protagonistas son distintos. <b>Jannik Sinner y Carlos Alcaraz se enfrentaron en tres finales de Grand Slam<\/b> (el espa\u00f1ol fall\u00f3 en la de Australia, sustituido por Alexander Zverev) y en las ATP Finals, y ahora ser\u00e1n sus naciones las que se midan por el t\u00edtulo de una cita en la que ambos son, precisamente, las grandes ausencias. Sin los n\u00famero uno y dos del mundo, los pa\u00edses mediterr\u00e1neos exportar\u00e1n su rivalidad con la Ensaladera en juego en la Fiera di Bologna, que por supuesto estar\u00e1 volcada con los anfitriones, ganadores de las dos \u00faltimas ediciones y que aspiran a ser<b> el primer pa\u00eds que firma el hat-trick desde que la Davis entr\u00f3 en su era moderna en 1971.<\/b><\/p>\n<p class=\"\">Lo curioso del enfrentamiento es que las dos selecciones, entre las cuales el cara a cara es de 7-6 favorable a Italia (aunque no se enfrentan desde 2006), no tienen en sus filas a sus dos mejores raquetas por ranking. En Espa\u00f1a, adem\u00e1s de Alcaraz,<b> tampoco est\u00e1 presente Alejandro Davidovich<\/b>, <a href=\"https:\/\/as.com\/tenis\/copa_davis\/ferrer-aclara-la-ausencia-de-davidovich-es-el-quien-se-descarta-f202511-n\/\" target=\"_self\" rel=\"nofollow noopener\" title=\"https:\/\/as.com\/tenis\/copa_davis\/ferrer-aclara-la-ausencia-de-davidovich-es-el-quien-se-descarta-f202511-n\/\">que no estuvo dispuesto a ser el quinto y \u00faltimo convocado por Ferrer.<\/a> En Italia, a la renuncia de Sinner, que antepuso alargar sus vacaciones y poder preparar mejor la pretemporada, se sum\u00f3 la de <b>Lorenzo Musetti, octavo del ranking que acab\u00f3 fundido las ATP Finals.<\/b> En el a\u00f1o en el que por fin la Davis llegaba a Italia, los locales se vieron enormemente debilitados, aunque su equipo \u2018B\u2019 anda evidenciando que el fondo de armario de los transalpinos es gigantesco. Algo similar a lo que sucede en la Armada, que sin su gran referente se ha hecho fuerte como bloque, apelando a la unidad del equipo y desbordando confianza en todos sus integrantes.<\/p>\n<p class=\"\">En Bolonia, los transalpinos, capitaneados por Filippo Volandri, est\u00e1n en la final sin haber perdido un partido: resolvieron con 2-0 sus dos eliminatorias esta semana, en las que solo se les escap\u00f3 un set. Cierto es que sus rivales fueron Austria y <a href=\"https:\/\/as.com\/tenis\/italia-no-encuentra-rival-tercera-final-de-copa-davis-seguida-f202511-n\/\" target=\"_self\" rel=\"nofollow noopener\" title=\"https:\/\/as.com\/tenis\/italia-no-encuentra-rival-tercera-final-de-copa-davis-seguida-f202511-n\/\">B\u00e9lgica<\/a>, <b>las dos cenicientas de la edici\u00f3n<\/b>, pero el dominio italiano resulta, hasta el momento, incontestable. Sin Sinner ni Musetti,<b> Flavio Cobolli, 22\u00ba mundial<\/b>, hace las de n\u00famero uno con \u00e9xito, y suya ser\u00e1 la tarea de medirse hoy con un Munar que le gan\u00f3 este a\u00f1o en Shangh\u00e1i. El joven sentenci\u00f3 las dos eliminatorias para los suyos, y mucho m\u00e9rito tuvo su victoria ante Zizou Bergs, al que abati\u00f3 en el tie-break del tercer set despu\u00e9s de salvar siete bolas de partido. Antes, <b>Matteo Berrettini, que lleva 10 triunfos seguidos en individual de la Davis<\/b>, abrir\u00e1 ante Carre\u00f1o (balance de 1-1), que es consciente de la racha de su rival, y el dobles de Andrea Vavassori y Simone Bolelli, in\u00e9dito de momento, es otra gran punta de lanza de una Italia \u2018B\u2019 que tambi\u00e9n asusta.<\/p>\n<p class=\"\">Espa\u00f1a, como viene pasando esta semana en el norte de Italia, no le teme a absolutamente nada. Ni a su rival, a la vista est\u00e1 despu\u00e9s de poder con Chequia y Alemania, y ni siquiera al hostil ambiente que se encontrar\u00e1n en la Fiera di Bologna. \u201cEsto es algo que ya hicimos en Mar del Plata, jugamos fuera, todo en nuestra contra, y conseguimos ganar. Por qu\u00e9 no. Es un gran reto para ellos, una gran oportunidad. <b>No lo tomo como algo malo, es bueno.<\/b> Jugar fuera, el p\u00fablico en contra y ese ambiente, ya no lo puedo disfrutar. Est\u00e1n preparados, habr\u00e1 momentos dif\u00edciles, pero tendremos nuestras opciones. No cambia la forma de prepararlo porque los jugadores est\u00e1n preparados. Lo veo como un gran reto, algo que ser\u00e1 bonito, una oportunidad para reivindicarse. Ya lo han hecho. A partir de ah\u00ed, lo que venga&#8230;\u201d, explic\u00f3 Ferrer, tres veces campe\u00f3n de la Davis como jugador y que ahora puede serlo tambi\u00e9n como capit\u00e1n. <a href=\"https:\/\/as.com\/tenis\/ferrer-manana-puede-ser-un-gran-dia-para-espana-f202511-n\/\" target=\"_self\" rel=\"nofollow noopener\" title=\"https:\/\/as.com\/tenis\/ferrer-manana-puede-ser-un-gran-dia-para-espana-f202511-n\/\">Su vaticinio es claro:<\/a><b> \u201cPuede ser un gran d\u00eda\u201d.<\/b> Ojal\u00e1 lo sea.<\/p>\n<p>Noticias relacionadas<a href=\"https:\/\/as.com\/tenis\/ferrer-manana-puede-ser-un-gran-dia-para-espana-f202511-n\/\" class=\"s_m_w _rt-16x9\" title=\"El equipo espa\u00f1ol, finalista de la Copa Davis por primera vez desde 2019, celebra en rueda de prensa su triunfo sobre Alemania. \u201cDemostramos que juntos podemos\u201d, dice Granollers.\" data-tb-link=\"\" rel=\"nofollow noopener\" target=\"_blank\"><img decoding=\"async\" src=\"https:\/\/www.europesays.com\/es\/wp-content\/uploads\/2025\/11\/JCDZXUHQEVOU5J5254ISOYLA3A.jpg\" alt=\"Ferrer: \u201cMa\u00f1ana puede ser un gran d\u00eda para Espa\u00f1a\u201d\" class=\"\" height=\"9\" width=\"16\"   loading=\"lazy\" data-tb-thumbnail=\"\"\/><\/a><a href=\"https:\/\/as.com\/tenis\/espana-derrota-a-alemania-en-el-dobles-y-se-mete-en-la-final-f202511-n\/\" class=\"s_m_w _rt-16x9\" title=\"Granollers y Mart\u00ednez se llevan el dobles y hacen bueno el triunfo previo de Carre\u00f1o para cargarse a la Alemania de Zverev. Italia, rival en la final.\" data-tb-link=\"\" rel=\"nofollow noopener\" target=\"_blank\"><img decoding=\"async\" src=\"https:\/\/www.europesays.com\/es\/wp-content\/uploads\/2025\/11\/1763878031_115_VFTKGJJTC5L3JLLJCURDA7SPCI.jpg\" alt=\"Espa\u00f1a derrota a Alemania en el dobles y se mete en la final\" class=\"\" height=\"9\" width=\"16\"   loading=\"lazy\" data-tb-thumbnail=\"\"\/><\/a><\/p>\n<p class=\"\"><b>\u00a1Tus opiniones importan!<\/b> Comenta en los art\u00edculos y suscr\u00edbete gratis a nuestra <a href=\"https:\/\/asfan.as.com\/newsletters\/\" target=\"_blank\" rel=\"nofollow noopener\" title=\"https:\/\/asfan.as.com\/newsletters\/\">newsletter<\/a> y a las alertas informativas en la <a href=\"https:\/\/as.com\/aplicacion-de-as-n\/\" target=\"_blank\" rel=\"nofollow noopener\" title=\"https:\/\/as.com\/aplicacion-de-as-n\/\">App<\/a> o el canal de <a href=\"https:\/\/www.whatsapp.com\/channel\/0029VaAasdA7j6g745nz9M10\" target=\"_blank\" rel=\"nofollow noopener\" title=\"https:\/\/www.whatsapp.com\/channel\/0029VaAasdA7j6g745nz9M10\">WhatsApp<\/a>. <\/p>\n<p class=\"\">\u00bfBuscas licenciar contenido? Haz clic <a href=\"https:\/\/profesional.elpais.com\/soluciones-sindicacion?utm_medium=interno&amp;utm_source=crosslinking&amp;utm_campaign=sindicacion_as_pie_articulos\" target=\"_blank\" rel=\"nofollow noopener\" title=\"https:\/\/profesional.elpais.com\/soluciones-sindicacion?utm_medium=interno&amp;utm_source=crosslinking&amp;utm_campaign=sindicacion_as_pie_articulos\">aqu\u00ed<\/a><\/p>\n","protected":false},"excerpt":{"rendered":"En cosa de una semana, la Selecci\u00f3n espa\u00f1ola de tenis ha vivido todo tipo de sensaciones. Incertidumbre el&hellip;\n","protected":false},"author":2,"featured_media":250916,"comment_status":"","ping_status":"","sticky":false,"template":"","format":"standard","meta":{"footnotes":""},"categories":[274],"tags":[168,25,24,23,167,327,326],"class_list":{"0":"post-250915","1":"post","2":"type-post","3":"status-publish","4":"format-standard","5":"has-post-thumbnail","7":"category-tenis","8":"tag-deportes","9":"tag-es","10":"tag-espana","11":"tag-spain","12":"tag-sports","13":"tag-tenis","14":"tag-tennis"},"share_on_mastodon":{"url":"https:\/\/pubeurope.com\/@es\/115597518261896030","error":""},"_links":{"self":[{"href":"https:\/\/www.europesays.com\/es\/wp-json\/wp\/v2\/posts\/250915","targetHints":{"allow":["GET"]}}],"collection":[{"href":"https:\/\/www.europesays.com\/es\/wp-json\/wp\/v2\/posts"}],"about":[{"href":"https:\/\/www.europesays.com\/es\/wp-json\/wp\/v2\/types\/post"}],"author":[{"embeddable":true,"href":"https:\/\/www.europesays.com\/es\/wp-json\/wp\/v2\/users\/2"}],"replies":[{"embeddable":true,"href":"https:\/\/www.europesays.com\/es\/wp-json\/wp\/v2\/comments?post=250915"}],"version-history":[{"count":0,"href":"https:\/\/www.europesays.com\/es\/wp-json\/wp\/v2\/posts\/250915\/revisions"}],"wp:featuredmedia":[{"embeddable":true,"href":"https:\/\/www.europesays.com\/es\/wp-json\/wp\/v2\/media\/250916"}],"wp:attachment":[{"href":"https:\/\/www.europesays.com\/es\/wp-json\/wp\/v2\/media?parent=250915"}],"wp:term":[{"taxonomy":"category","embeddable":true,"href":"https:\/\/www.europesays.com\/es\/wp-json\/wp\/v2\/categories?post=250915"},{"taxonomy":"post_tag","embeddable":true,"href":"https:\/\/www.europesays.com\/es\/wp-json\/wp\/v2\/tags?post=250915"}],"curies":[{"name":"wp","href":"https:\/\/api.w.org\/{rel}","templated":true}]}}