{"id":250919,"date":"2025-11-23T06:11:10","date_gmt":"2025-11-23T06:11:10","guid":{"rendered":"https:\/\/www.europesays.com\/es\/250919\/"},"modified":"2025-11-23T06:11:10","modified_gmt":"2025-11-23T06:11:10","slug":"la-verdadera-historia-entre-el-sevilla-y-javi-puado","status":"publish","type":"post","link":"https:\/\/www.europesays.com\/es\/250919\/","title":{"rendered":"La verdadera historia entre el Sevilla y Javi Puado"},"content":{"rendered":"\n<p>M\u00e1s noticias<\/p>\n<p><a class=\"info_masnoticias\" href=\"https:\/\/www.eldesmarque.com\/futbol\/sevilla-fc\/\" rel=\"nofollow noopener\" target=\"_blank\"><br \/>\nM\u00e1s de<br \/>\nM\u00e1s noticias de<br \/>\nSevilla FC<br \/>\n<\/a><\/p>\n<p>Javi Puado ser\u00e1, sin lugar a dudas, una de las grandes ausencias en el Espanyol este pr\u00f3ximo lunes ante el Sevilla, sin embargo, el capit\u00e1n perico siempre guardar\u00e1 un curioso nexo con los hispalenses&#8230; <a href=\"https:\/\/www.eldesmarque.com\/futbol\/sevilla-fc\/20250129\/javi-puado-niega-un-acuerdo-con-el-sevilla-totalmente-mentira_300569811.html\" rel=\"nofollow noopener\" target=\"_blank\">que jam\u00e1s lleg\u00f3 a existir<\/a>.<\/p>\n<p>Porque Javi Puado estuvo relacionado, durante meses, con los del S\u00e1nchez-Pizju\u00e1n. Con su contrato agonizando y el Espanyol en peligro de descenso, eran m\u00faltiples las fuentes que aseguraban que el &#8216;9&#8217; catal\u00e1n ten\u00eda un acercamiento -e incluso algo m\u00e1s- con los de Nervi\u00f3n.<\/p>\n<p>Una relaci\u00f3n, un compromiso o un acercamiento que, seg\u00fan todas las fuentes consultadas por ElDesmarque, nunca lleg\u00f3 a ser real. Primero, porque Puado y su entorno repiti\u00f3, por activa y por pasiva, que no tomar\u00eda decisi\u00f3n alguna hasta conocer el destino de\u00a0su\u00a0Espanyol. El capit\u00e1n quer\u00eda respetar al m\u00e1ximo a su equipo y siempre desliz\u00f3 que, si segu\u00edan en LALIGA EA Sports, seguir\u00eda siendo el l\u00edder del equipo -si as\u00ed quer\u00edan en Cornell\u00e1-<\/p>\n<p><img loading=\"lazy\" decoding=\"async\" src=\"https:\/\/www.europesays.com\/es\/wp-content\/uploads\/2025\/11\/sevilla_espanyol_6jpeg.jpeg\" width=\"660\" height=\"440\" alt=\"Javi Puado, en el Sevilla-Espanyol (Foto: Kiko Hurtado).\"\/><br \/>\nJavi Puado, en el Sevilla-Espanyol (Foto: Kiko Hurtado).<\/p>\n<p>En el Sevilla el discurso no era diferente. El club hispalense vivi\u00f3 el pasado a\u00f1o al borde del descenso y sab\u00eda que tendr\u00eda opciones m\u00ednimas, o muy limitadas, para acometer el fichaje de un hombre que, en caso de salir de Cornell\u00e1, apostar\u00eda por un contrato fuerte y, a poder ser, en un proyecto en Europa.<\/p>\n<p>Javi Puado desminti\u00f3 el acuerdo con el Sevilla<\/p>\n<p>En unas palabras a\u00a0Gol Play, apenas unos d\u00edas despu\u00e9s de jugar\u00a0<a href=\"https:\/\/www.eldesmarque.com\/futbol\/liga-1a-division\/20250125\/sevilla-espanyol-laliga-directo-goles-mejores-jugadas-ultimahora-d1rect0_300565317.html\" rel=\"nofollow noopener\" target=\"_blank\">con el Espanyol en el Ram\u00f3n S\u00e1nchez-Pizju\u00e1n<\/a>, confirm\u00f3 que no hab\u00eda ning\u00fan preacuerdo con los sevillistas y que lleva esas informaciones con calma. \u201cTranquilo. Al final me preguntaron, yo dije que no era verdad porque<strong>\u00a0sali\u00f3 que yo ya ten\u00eda un acuerdo y era totalmente mentira<\/strong>\u201d, expres\u00f3 el futbolista.<\/p>\n<p>\u201cEstoy tranquilo,\u00a0al final es verdad que ahora acabo contrato, pero estoy con conversaciones con el club y estoy tranquilo. Es mi casa, siempre lo he dicho, estoy a gusto, lo importante es este partido y\u00a0luego que el Espanyol siga en Primera Divisi\u00f3n.\u00a0<strong>Mi futuro ya se ver\u00e1<\/strong>\u201d, a\u00f1adi\u00f3 Puado.<\/p>\n","protected":false},"excerpt":{"rendered":"M\u00e1s noticias M\u00e1s de M\u00e1s noticias de Sevilla FC Javi Puado ser\u00e1, sin lugar a dudas, una de&hellip;\n","protected":false},"author":2,"featured_media":250920,"comment_status":"","ping_status":"","sticky":false,"template":"","format":"standard","meta":{"footnotes":""},"categories":[268],"tags":[168,25,24,280,282,281,23,167],"class_list":{"0":"post-250919","1":"post","2":"type-post","3":"status-publish","4":"format-standard","5":"has-post-thumbnail","7":"category-futbol","8":"tag-deportes","9":"tag-es","10":"tag-espana","11":"tag-football","12":"tag-futbol","13":"tag-soccer","14":"tag-spain","15":"tag-sports"},"share_on_mastodon":{"url":"https:\/\/pubeurope.com\/@es\/115597534159456353","error":""},"_links":{"self":[{"href":"https:\/\/www.europesays.com\/es\/wp-json\/wp\/v2\/posts\/250919","targetHints":{"allow":["GET"]}}],"collection":[{"href":"https:\/\/www.europesays.com\/es\/wp-json\/wp\/v2\/posts"}],"about":[{"href":"https:\/\/www.europesays.com\/es\/wp-json\/wp\/v2\/types\/post"}],"author":[{"embeddable":true,"href":"https:\/\/www.europesays.com\/es\/wp-json\/wp\/v2\/users\/2"}],"replies":[{"embeddable":true,"href":"https:\/\/www.europesays.com\/es\/wp-json\/wp\/v2\/comments?post=250919"}],"version-history":[{"count":0,"href":"https:\/\/www.europesays.com\/es\/wp-json\/wp\/v2\/posts\/250919\/revisions"}],"wp:featuredmedia":[{"embeddable":true,"href":"https:\/\/www.europesays.com\/es\/wp-json\/wp\/v2\/media\/250920"}],"wp:attachment":[{"href":"https:\/\/www.europesays.com\/es\/wp-json\/wp\/v2\/media?parent=250919"}],"wp:term":[{"taxonomy":"category","embeddable":true,"href":"https:\/\/www.europesays.com\/es\/wp-json\/wp\/v2\/categories?post=250919"},{"taxonomy":"post_tag","embeddable":true,"href":"https:\/\/www.europesays.com\/es\/wp-json\/wp\/v2\/tags?post=250919"}],"curies":[{"name":"wp","href":"https:\/\/api.w.org\/{rel}","templated":true}]}}