{"id":25092,"date":"2025-08-04T13:37:12","date_gmt":"2025-08-04T13:37:12","guid":{"rendered":"https:\/\/www.europesays.com\/es\/25092\/"},"modified":"2025-08-04T13:37:12","modified_gmt":"2025-08-04T13:37:12","slug":"dolor-del-papa-por-los-migrantes-fallecidos-en-un-naufragio-en-las-costas-de-yemen","status":"publish","type":"post","link":"https:\/\/www.europesays.com\/es\/25092\/","title":{"rendered":"Dolor del Papa por los migrantes fallecidos en un naufragio en las costas de Yemen"},"content":{"rendered":"<p>Le\u00f3n XIV encomienda a las decenas de v\u00edctimas de la reciente tragedia \u00aba la misericordia amorosa de Dios Todopoderoso\u00bb. Las personas a bordo del barco, en su mayor\u00eda et\u00edopes, se dirig\u00edan a Arabia Saudita y otros pa\u00edses ricos en petr\u00f3leo.<\/p>\n<p><b>Vatican News<\/b><\/p>\n<p>El Papa expres\u00f3 su profundo pesar en un telegrama firmado por el cardenal secretario de Estado, Pietro Parolin, enviado al Nuncio Apost\u00f3lico en Yemen, arzobispo Christophe Zakhia El-Kassisper, quien posteriormente lo transmitir\u00e1 a las autoridades del pa\u00eds, tras el naufragio de una embarcaci\u00f3n de migrantes ocurrido frente a las costas de Yemen en las \u00faltimas horas. Le\u00f3n XIV, dice el texto, \u00abencomienda a los numerosos migrantes que han perdido la vida a la misericordia amorosa de Dios Todopoderoso\u00bb. Tambi\u00e9n invoca \u00abfuerza divina, consuelo y esperanza\u00bb para los supervivientes, los trabajadores de emergencia y \u00abtodos los afectados por esta tragedia\u00bb.<\/p>\n<p>La ruta de la muerte <\/p>\n<p>La ruta donde ocurri\u00f3 el desastre se conoce desde hace tiempo como la \u00abruta de la muerte\u00bb, la m\u00e1s peligrosa del mundo seg\u00fan la OIM (Organizaci\u00f3n Internacional para las Migraciones). Esta organizaci\u00f3n considera el Golfo de Ad\u00e9n como una puerta de entrada para las embarcaciones de los traficantes que llegan a Arabia Saudita y otras monarqu\u00edas adineradas de la zona, abiertas a la mano de obra extranjera. Por ello, cada vez m\u00e1s personas intentan cruzarla, especialmente somal\u00edes y et\u00edopes, al igual que las v\u00edctimas del \u00faltimo y dram\u00e1tico naufragio reportado el 3 de agosto, causado por el mal tiempo frente a la costa de la provincia de Abyan. Esta traves\u00eda por Yemen contin\u00faa ocurriendo con regularidad, a pesar del conflicto que, desde hace una d\u00e9cada, devasta al pa\u00eds m\u00e1s pobre de la Pen\u00ednsula Ar\u00e1biga.<\/p>\n<p>Las v\u00edctimas eran de Etiop\u00eda <\/p>\n<p>Los migrantes implicados en el desastre de las \u00faltimas horas proven\u00edan de Etiop\u00eda y se dirig\u00edan a la costa sur de Yemen, con un saldo a\u00fan no determinado de 76 muertos oficiales, 32 supervivientes y decenas de desaparecidos, \u00abcuyo destino sigue siendo desconocido\u00bb, afirma la OIM, que estima que 157 personas estaban a bordo en el momento del desastre.<\/p>\n<p>Cientos de muertes cada a\u00f1o <\/p>\n<p>Miles de personas recorren cada a\u00f1o la \u00abRuta Oriental\u00bb, una ruta notoriamente peligrosa no solo para la migraci\u00f3n, sino tambi\u00e9n para la trata de personas. Seg\u00fan la OIM, decenas de miles de personas en Yemen son v\u00edctimas de abuso y explotaci\u00f3n durante el trayecto. El a\u00f1o pasado, la Organizaci\u00f3n Internacional para las Migraciones registr\u00f3 al menos 558 muertes a lo largo de la Ruta del Mar Rojo, de Yibuti a Yemen.<\/p>\n","protected":false},"excerpt":{"rendered":"Le\u00f3n XIV encomienda a las decenas de v\u00edctimas de la reciente tragedia \u00aba la misericordia amorosa de Dios&hellip;\n","protected":false},"author":2,"featured_media":25093,"comment_status":"","ping_status":"","sticky":false,"template":"","format":"standard","meta":{"footnotes":""},"categories":[5],"tags":[17,18,25,24,13,14,11,19,20,14066,9,10,15,16,400,7243,23,7241,12,21,22,431,14067],"class_list":{"0":"post-25092","1":"post","2":"type-post","3":"status-publish","4":"format-standard","5":"has-post-thumbnail","7":"category-titulares","8":"tag-breaking-news","9":"tag-breakingnews","10":"tag-es","11":"tag-espana","12":"tag-featured-news","13":"tag-featurednews","14":"tag-headlines","15":"tag-latest-news","16":"tag-latestnews","17":"tag-migrantes-y-refugiados","18":"tag-news","19":"tag-noticias","20":"tag-noticias-destacadas","21":"tag-noticiasdestacadas","22":"tag-papa-leon-xiv","23":"tag-pietro-parolin","24":"tag-spain","25":"tag-telegrama","26":"tag-titulares","27":"tag-ultimas-noticias","28":"tag-ultimasnoticias","29":"tag-victimas","30":"tag-yemen"},"share_on_mastodon":{"url":"","error":""},"_links":{"self":[{"href":"https:\/\/www.europesays.com\/es\/wp-json\/wp\/v2\/posts\/25092","targetHints":{"allow":["GET"]}}],"collection":[{"href":"https:\/\/www.europesays.com\/es\/wp-json\/wp\/v2\/posts"}],"about":[{"href":"https:\/\/www.europesays.com\/es\/wp-json\/wp\/v2\/types\/post"}],"author":[{"embeddable":true,"href":"https:\/\/www.europesays.com\/es\/wp-json\/wp\/v2\/users\/2"}],"replies":[{"embeddable":true,"href":"https:\/\/www.europesays.com\/es\/wp-json\/wp\/v2\/comments?post=25092"}],"version-history":[{"count":0,"href":"https:\/\/www.europesays.com\/es\/wp-json\/wp\/v2\/posts\/25092\/revisions"}],"wp:featuredmedia":[{"embeddable":true,"href":"https:\/\/www.europesays.com\/es\/wp-json\/wp\/v2\/media\/25093"}],"wp:attachment":[{"href":"https:\/\/www.europesays.com\/es\/wp-json\/wp\/v2\/media?parent=25092"}],"wp:term":[{"taxonomy":"category","embeddable":true,"href":"https:\/\/www.europesays.com\/es\/wp-json\/wp\/v2\/categories?post=25092"},{"taxonomy":"post_tag","embeddable":true,"href":"https:\/\/www.europesays.com\/es\/wp-json\/wp\/v2\/tags?post=25092"}],"curies":[{"name":"wp","href":"https:\/\/api.w.org\/{rel}","templated":true}]}}