{"id":250921,"date":"2025-11-23T06:12:18","date_gmt":"2025-11-23T06:12:18","guid":{"rendered":"https:\/\/www.europesays.com\/es\/250921\/"},"modified":"2025-11-23T06:12:18","modified_gmt":"2025-11-23T06:12:18","slug":"la-novia-canadiense-de-juan-urdangarin-la-gran-ausente-en-la-comida-familiar-de-el-pardo-ni-rastro-de-sophia","status":"publish","type":"post","link":"https:\/\/www.europesays.com\/es\/250921\/","title":{"rendered":"La novia canadiense de Juan Urdangarin, la gran ausente en la comida familiar de El Pardo: ni rastro de Sophia"},"content":{"rendered":"<p><img loading=\"lazy\" decoding=\"async\" src=\"https:\/\/www.europesays.com\/es\/wp-content\/uploads\/2025\/10\/1760450890_434_100x100_informalia-logo.jpg\" itemtype=\"\/\/schema.org\/ImageObject\" itemprop=\"url\" alt=\"Informalia\" width=\"64\" height=\"64\" pinger-seen=\"true\"\/><\/p>\n<p><b>Sophia Khan ha sido la gran ausente de una cita familiar hist\u00f3rica<\/b>. Este s\u00e1bado 22 de noviembre se conmemoran los 50 a\u00f1os de la Restauraci\u00f3n de la Monarqu\u00eda, una fecha para la que la Casa Real ha organizado un almuerzo que ha reunido a toda la familia al completo, <a href=\"https:\/\/www.eleconomista.es\/informalia\/casas-reales\/noticias\/13657286\/11\/25\/don-juan-carlos-i-y-dona-sofia-ya-estan-juntos-en-el-pardo-en-el-almuerzo-familiar-por-el-50-aniversario-de-la-monarquia.html\" title=\"La Familia Real se re\u00fane al completo en El Pardo: comida familiar por el 50 aniversario de la monarqu\u00eda\" rel=\"nofollow noopener\" target=\"_blank\">incluido el rey em\u00e9rito Juan Carlos I<\/a>. No obstante, la nueva ilusi\u00f3n de Juan Urdangarin no ha acompa\u00f1ado a su chico. <\/p>\n<p>El encuentro ha tenido especial relevancia al coincidir el em\u00e9rito con do\u00f1a Sof\u00eda y con la reina Letizia, <a href=\"https:\/\/www.eleconomista.es\/informalia\/casas-reales\/noticias\/13618591\/10\/25\/juan-carlos-i-aborda-como-seria-su-funeral-en-el-escorial-y-habla-por-primera-vez-de-letizia-no-ayudo-a-nuestras-relaciones-familiares.html\" title=\"Juan Carlos I aborda c\u00f3mo ser\u00eda su funeral en El Escorial y habla por primera vez de Letizia: &quot;No ayud\u00f3 a nuestras relaciones familiares&quot;\" rel=\"nofollow noopener\" target=\"_blank\">a quien dedica varias p\u00e1ginas en sus memorias<\/a>, Reconciliaci\u00f3n, que <b>llegar\u00e1n a Espa\u00f1a el pr\u00f3ximo 3 de diciembre<\/b>.<\/p>\n<p>Sin embargo, la imagen del d\u00eda la han protagonizado los nietos de los reyes em\u00e9ritos, reunidos en uno de los palcos del Palacio de El Pardo. All\u00ed se ha podido ver a los hijos de la infanta Cristina y, adem\u00e1s, <b>se ha comprobado que su primog\u00e9nito asist\u00eda al almuerzo en solitario, sin la compa\u00f1\u00eda de su nueva novia<\/b>.<\/p>\n<p>                            <img decoding=\"async\" src=\"https:\/\/www.europesays.com\/es\/wp-content\/uploads\/2025\/11\/770x_juan-urdangari.jpg\" loading=\"lazy\"\/><\/p>\n<p>Fue a inicios de mes cuando Juan Urdangarin irrump\u00eda en la cr\u00f3nica social tras la publicaci\u00f3n en Hola, de unas fotos en las que aparec\u00eda bes\u00e1ndose con una joven en Londres. Se trataba, por tanto, de <a href=\"https:\/\/www.eleconomista.es\/informalia\/casas-reales\/noticias\/13624687\/11\/25\/asi-es-la-novia-canadiense-de-juan-urdangarin-sophia-la-joven-companera-de-trabajo-con-la-que-se-besa-por-las-calles-de-londres.html\" title=\"As\u00ed es la novia canadiense de Juan Urdangarin: Sophia, la joven compa\u00f1era de trabajo con la que se besa por las calles de Londres\" rel=\"nofollow noopener\" target=\"_blank\">su nueva ilusi\u00f3n, Sophia Khan, una joven canadiense, de 25 a\u00f1os<\/a>, a quien conoci\u00f3 precisamente en la capital brit\u00e1nica, y con quien lleva saliendo, aseguran, cerca de un a\u00f1o. Incluso en los \u00faltimos d\u00edas, apuntaron que <a href=\"https:\/\/www.eleconomista.es\/informalia\/casas-reales\/noticias\/13627819\/11\/25\/juan-urdangarin-ya-conoce-a-la-familia-de-sophia-su-novia-canadiense-estan-muy-integrados-no-es-un-amor-pasajero.html\" title=\"Juan Urdangarin ya conoce a la familia de Sophia, su novia canadiense: &quot;Est\u00e1n muy integrados, no es un amor pasajero&quot;\" rel=\"nofollow noopener\" target=\"_blank\">el hermano de Irene Urdangarin ya habr\u00eda conocido a la familia de la joven<\/a>, lo que dejar\u00eda patente que su relaci\u00f3n va viento en popa.<\/p>\n<p>Por todo ello, se daba por hecho que Sophia podr\u00eda acompa\u00f1ar este s\u00e1bado a Juan al almuerzo familiar que ha reunido a su abuelo, don Juan Carlos I, con los Reyes y su abuela, la reina Sof\u00eda, en El Pardo, <b>un encuentro que no se repet\u00eda desde el 18 cumplea\u00f1os de su prima Leonor<\/b>. Sin embargo, el hijo de la infanta Cristina ha ido solo.<\/p>\n<p>WhatsApp<a href=\"https:\/\/api.whatsapp.com\/send?text=https:\/\/www.eleconomista.es\/informalia\/casas-reales\/noticias\/13657413\/11\/25\/la-novia-canadiense-de-juan-urdangarin-la-gran-ausente-en-la-comida-familiar-de-el-pardo-ni-rastro-de-sophia.html?utm_source%3Dwhatsapp%26utm_medium%3Dshare_button&amp;id=1648118629957_whatsapp\" target=\"_blank\" data-action=\"share\/whatsapp\/share\" aria-label=\"Compartir en Whatsapp\" rel=\"nofollow noopener\"><\/a>Facebook<a id=\"fb-share\" href=\"#\" target=\"_blank\" rel=\"noopener noreferrer\" aria-label=\"Compartir en Facebook\"><\/a>Twitter<a href=\"https:\/\/twitter.com\/share?text=La+novia+canadiense+de+Juan+Urdangarin%2C+la+gran+ausente+en+la+comida+familiar+de+El+Pardo%3A+ni+rastro+de+Sophia&amp;url=https:\/\/www.eleconomista.es\/informalia\/casas-reales\/noticias\/13657413\/11\/25\/la-novia-canadiense-de-juan-urdangarin-la-gran-ausente-en-la-comida-familiar-de-el-pardo-ni-rastro-de-sophia.html&amp;via=Informalia&amp;id=1648118839245_twitter\" target=\"_blank\" aria-label=\"Compartir en Twitter\" rel=\"nofollow noopener\"><\/a>Linkedin<a onclick=\"return abrirLinkedin();\" href=\"https:\/\/www.linkedin.com\/shareArticle?text=La+novia+canadiense+de+Juan+Urdangarin%2C+la+gran+ausente+en+la+comida+familiar+de+El+Pardo%3A+ni+rastro+de+Sophia&amp;url=https:\/\/www.eleconomista.es\/informalia\/casas-reales\/noticias\/13657413\/11\/25\/la-novia-canadiense-de-juan-urdangarin-la-gran-ausente-en-la-comida-familiar-de-el-pardo-ni-rastro-de-sophia.html&amp;mini=true\" target=\"_blank\" aria-label=\"Compartir en linkedin\" rel=\"nofollow noopener\"><\/a>Beloud<a href=\"https:\/\/beloud.com\/share?text=La+novia+canadiense+de+Juan+Urdangarin%2C+la+gran+ausente+en+la+comida+familiar+de+El+Pardo%3A+ni+rastro+de+Sophia&amp;url=https:\/\/www.eleconomista.es\/informalia\/casas-reales\/noticias\/13657413\/11\/25\/la-novia-canadiense-de-juan-urdangarin-la-gran-ausente-en-la-comida-familiar-de-el-pardo-ni-rastro-de-sophia.html&amp;via=Informalia&amp;id=1648118839245_beloud\" target=\"_blank\" aria-label=\"Compartir en beloud\" rel=\"nofollow noopener\"><\/a>Bluesky<a href=\"https:\/\/bsky.app\/intent\/compose?text=https:\/\/bsky.app\/intent\/compose?text=https:\/\/www.eleconomista.es\/informalia\/casas-reales\/noticias\/13657413\/11\/25\/la-novia-canadiense-de-juan-urdangarin-la-gran-ausente-en-la-comida-familiar-de-el-pardo-ni-rastro-de-sophia.html&amp;url=https:\/\/www.eleconomista.es\/informalia\/casas-reales\/noticias\/13657413\/11\/25\/la-novia-canadiense-de-juan-urdangarin-la-gran-ausente-en-la-comida-familiar-de-el-pardo-ni-rastro-de-sophia.html&amp;via=elEconomistaes&amp;id=1648118839245_bluesky\" target=\"_blank\" aria-label=\"Compartir en bluesky\" rel=\"nofollow noopener\"><\/a><\/p>\n<p><script async src=\"https:\/\/platform.twitter.com\/widgets.js\" charset=\"utf-8\"><\/script><\/p>\n","protected":false},"excerpt":{"rendered":"Sophia Khan ha sido la gran ausente de una cita familiar hist\u00f3rica. Este s\u00e1bado 22 de noviembre se&hellip;\n","protected":false},"author":2,"featured_media":250922,"comment_status":"","ping_status":"","sticky":false,"template":"","format":"standard","meta":{"footnotes":""},"categories":[174],"tags":[14486,255,146,147,25,24,256,23],"class_list":{"0":"post-250921","1":"post","2":"type-post","3":"status-publish","4":"format-standard","5":"has-post-thumbnail","7":"category-famosos","8":"tag-casas-reales","9":"tag-celebrities","10":"tag-entertainment","11":"tag-entretenimiento","12":"tag-es","13":"tag-espana","14":"tag-famosos","15":"tag-spain"},"share_on_mastodon":{"url":"https:\/\/pubeurope.com\/@es\/115597538143780035","error":""},"_links":{"self":[{"href":"https:\/\/www.europesays.com\/es\/wp-json\/wp\/v2\/posts\/250921","targetHints":{"allow":["GET"]}}],"collection":[{"href":"https:\/\/www.europesays.com\/es\/wp-json\/wp\/v2\/posts"}],"about":[{"href":"https:\/\/www.europesays.com\/es\/wp-json\/wp\/v2\/types\/post"}],"author":[{"embeddable":true,"href":"https:\/\/www.europesays.com\/es\/wp-json\/wp\/v2\/users\/2"}],"replies":[{"embeddable":true,"href":"https:\/\/www.europesays.com\/es\/wp-json\/wp\/v2\/comments?post=250921"}],"version-history":[{"count":0,"href":"https:\/\/www.europesays.com\/es\/wp-json\/wp\/v2\/posts\/250921\/revisions"}],"wp:featuredmedia":[{"embeddable":true,"href":"https:\/\/www.europesays.com\/es\/wp-json\/wp\/v2\/media\/250922"}],"wp:attachment":[{"href":"https:\/\/www.europesays.com\/es\/wp-json\/wp\/v2\/media?parent=250921"}],"wp:term":[{"taxonomy":"category","embeddable":true,"href":"https:\/\/www.europesays.com\/es\/wp-json\/wp\/v2\/categories?post=250921"},{"taxonomy":"post_tag","embeddable":true,"href":"https:\/\/www.europesays.com\/es\/wp-json\/wp\/v2\/tags?post=250921"}],"curies":[{"name":"wp","href":"https:\/\/api.w.org\/{rel}","templated":true}]}}