{"id":250923,"date":"2025-11-23T06:13:10","date_gmt":"2025-11-23T06:13:10","guid":{"rendered":"https:\/\/www.europesays.com\/es\/250923\/"},"modified":"2025-11-23T06:13:10","modified_gmt":"2025-11-23T06:13:10","slug":"3-de-mis-4-hijas-son-artistas","status":"publish","type":"post","link":"https:\/\/www.europesays.com\/es\/250923\/","title":{"rendered":"3 de mis 4 hijas son artistas"},"content":{"rendered":"<p>El futuro <strong>Museo Carmen Thyssen Barcelona<\/strong> ha celebrado su primera <strong>intervenci\u00f3n art\u00edstica ef\u00edmera<\/strong> en el emblem\u00e1tico Cine Com\u00e8dia del paseo de Gracia. Este rinc\u00f3n privilegiado del centro ser\u00e1 la sede que acoger\u00e1 el museo a partir de 2028. M\u00e1s de 90 estudiantes de escuelas de arte y dise\u00f1o de Barcelona han transformado colectivamente las <strong>500 butacas<\/strong> de la platea de la sala principal, la que est\u00e1 a pie de calle de la antigua sala de cine. Arte sustituyendo arte. Jugada maestra de la baronesa Thyssen y acompa\u00f1ada de su heredera universal, la mayor de las gemelas Carmen y Sabina. Una l\u00e1stima que<br \/>&#13;<br \/>\nSabina no haya podido estar ah\u00ed, sufre alg\u00fan tipo de agorafobia leve y prefiere ser artista y no mezclarse con periodistas. En cambio la mayor, <strong>Carmen de 19 a\u00f1os,<\/strong> <a data-external=\"0\" data-intl-links-ca=\"https:\/\/www.elnacional.cat\/enblau\/ca\/televisio\/carmen-thyssen-19-anys-mes-rica-barcelona-pis-soltera-universitat-pija_1515412_102.html\" data-intl-links-es=\"https:\/\/www.elnacional.cat\/enblau\/es\/television\/carmen-thyssen-19-anos-mas-rica-barcelona-piso-soltera-universidad-pija_1515412_102.html\" href=\"https:\/\/www.elnacional.cat\/enblau\/es\/television\/carmen-thyssen-19-anos-mas-rica-barcelona-piso-soltera-universidad-pija_1515412_102.html\" rel=\"follow nofollow noopener\" target=\"_self\" title=\"Carmen Thyssen, 19 a\u00f1os, la m\u00e1s rica de Barcelona: piso de soltera y universidad &#039;pija&#039;\">se mueve entre focos como un pez dentro del agua,<\/a> guap\u00edsima y elegante incluso con pantalones vaqueros. <strong>Estudia Derecho en la UIC<\/strong> y tiene un piso de lujo en Sarri\u00e0 donde vive sola. Tiene <a data-external=\"0\" data-intl-links-ca=\"https:\/\/www.elnacional.cat\/enblau\/ca\/televisio\/fotos-gendre-catala-tita-thyssen-ignacio-guapo-ha-seduit-rica-hereva_1424275_102.html\" data-intl-links-es=\"https:\/\/www.elnacional.cat\/enblau\/es\/television\/fotos-yerno-catalan-tita-thyssen-ignacio-guapo-ha-seducido-rica-heredera_1424275_102.html\" href=\"https:\/\/www.elnacional.cat\/enblau\/es\/television\/fotos-yerno-catalan-tita-thyssen-ignacio-guapo-ha-seducido-rica-heredera_1424275_102.html\" rel=\"follow nofollow noopener\" target=\"_self\" title=\"Fotos del yerno catal\u00e1n de Tita Thyssen: Ignacio, el guapo que ha seducido a la rica heredera\">novio de 26 a\u00f1os un guapo arquitecto catal\u00e1n.<\/a><\/p>\n<p>&#13;<br \/>\n&#13;<br \/>\n&#13;<br \/>\nMadre e hija en la platea del Com\u00e8dia, EFE&#13;<\/p>\n<p>Entre los invitados VIP destacan dos nombres del arte en Catalu\u00f1a: <strong>Jordi Labanda<\/strong>, el enigm\u00e1tico ilustrador que no frecuenta las alfombras rojas, soltero y sin hijos a los <strong>57 a\u00f1os<\/strong>, sigue con ese aire desali\u00f1ado y genial que lo hace inconfundible. Imposible confundirlo con su hermano, el actor e imitador de Pol\u00f2nia Ivan Labanda. Son muy diferentes a pesar de tener muchos aspectos en com\u00fan, como la solter\u00eda o no tener descendencia. La otra icono del pa\u00eds, aparte de <strong>Carme Ruscalleda<\/strong> y su hijo <strong>Ra\u00fcl<\/strong> <strong>Balam<\/strong>, era <strong>Judit Masc\u00f3<\/strong>. No solo hace arte con las fotos de modelo, sino que tiene tres hijas artistas, a quienes reivindic\u00f3 ante Tita Thyssen, a quien la hija mayor tira m\u00e1s por el mundo del Derecho.<\/p>\n<p>&#13;<br \/>\n&#13;<br \/>\n&#13;<br \/>\nLos VIPS en el Thyssen Foto cedida&#13;<\/p>\n<p>&#13;<br \/>\n&#13;<br \/>\n&#13;<br \/>\nJordi Labanda en el Thyssen, Foto cedida&#13;<\/p>\n<p>&#13;<br \/>\n&#13;<br \/>\n&#13;<br \/>\nJudit Masc\u00f3 firma en la pared de la recepci\u00f3n del cine, foto cedida&#13;<\/p>\n<p>&#13;<br \/>\n&#13;<br \/>\n&#13;<br \/>\nCarmen Thyssen, foto cedida&#13;<\/p>\n<p>&#13;<br \/>\n&#13;<br \/>\n&#13;<br \/>\nLa baronesa Thyssen foto cedida&#13;<\/p>\n<p>&#13;<br \/>\n&#13;<br \/>\n&#13;<br \/>\nMasc\u00f3 i Thyssen, Foto cedida&#13;<\/p>\n<p>Judit Masc\u00f3 es la mujer m\u00e1s elegante de Catalunya y coincidi\u00f3 con la mujer m\u00e1s famosa y rica de las celebridades de Catalunya, ambas nacidas en Barcelona, una con <strong>82 a\u00f1os<\/strong> y la otra con 56, podr\u00edan ser madre e hija. Dos iconos catalan\u00edsimos. <strong>Judit y Carmen<\/strong>. Masc\u00f3 de maternidad sabe un rato, tiene 4 hijas por las tres de la baronesa, y <strong>de las cuatro, tres son artistas.<\/strong> Masc\u00f3: \u00abTengo hijas artistas, una ha estudiado en la escuela EINA, dise\u00f1o gr\u00e1fico. Otra artesana, carpintera, y otra que ha estudiado Humanidades pero es actriz y el cine es arte. De cuatro tengo tres relacionadas con el arte. Por eso el arte me apasiona y me siento muy identificada\u00bb. <a data-external=\"0\" data-intl-links-ca=\"https:\/\/www.elnacional.cat\/enblau\/ca\/televisio\/quatre-filles-judit-masco-no-volen-ser-models-quatre-feines-sorprenents_1406416_102.html\" data-intl-links-es=\"https:\/\/www.elnacional.cat\/enblau\/es\/television\/cuatro-hijas-judit-masco-no-quieren-ser-modelos-cuatro-trabajos-sorprendentes_1406416_102.html\" href=\"https:\/\/www.elnacional.cat\/enblau\/es\/television\/cuatro-hijas-judit-masco-no-quieren-ser-modelos-cuatro-trabajos-sorprendentes_1406416_102.html\" rel=\"follow nofollow noopener\" target=\"_self\" title=\"Las cuatro hijas de Judit Masc\u00f3 que no quieren ser modelos: cuatro trabajos sorprendentes\">Las tres artistas de apellido Masc\u00f3:<\/a><\/p>\n<p>&#13;<br \/>\n&#13;<br \/>\n&#13;<br \/>\nMaria, Romita y Paula Vicente Masc\u00f3, Instagram&#13;<\/p>\n<p>&#13;<br \/>\n&#13;<br \/>\n&#13;<br \/>\nJudit Masc\u00f3 y sus cuatro hijas, instagram&#13;<\/p>\n<p><strong>Mar\u00eda<\/strong> es la mayor y es dise\u00f1adora, <strong>Romita<\/strong> es la adoptada y es carpintera artesanal y <strong>Paula<\/strong> es actriz. Queda la peque\u00f1a <strong>Clara<\/strong> que est\u00e1 estudiando con 18 a\u00f1os. El futuro de Catalu\u00f1a y de los famosos pasa por estas cinco mujeres: las cuatro Masc\u00f3 y la m\u00e1s rica de Barcelona, la joven Carmen Thyssen. El futuro de EN Blau.<\/p>\n","protected":false},"excerpt":{"rendered":"El futuro Museo Carmen Thyssen Barcelona ha celebrado su primera intervenci\u00f3n art\u00edstica ef\u00edmera en el emblem\u00e1tico Cine Com\u00e8dia&hellip;\n","protected":false},"author":2,"featured_media":250924,"comment_status":"","ping_status":"","sticky":false,"template":"","format":"standard","meta":{"footnotes":""},"categories":[173],"tags":[229,233,231,230,232,234,146,147,25,24,23],"class_list":{"0":"post-250923","1":"post","2":"type-post","3":"status-publish","4":"format-standard","5":"has-post-thumbnail","7":"category-arte-y-diseno","8":"tag-arte","9":"tag-arte-y-diseno","10":"tag-arts","11":"tag-arts-and-design","12":"tag-design","13":"tag-diseno","14":"tag-entertainment","15":"tag-entretenimiento","16":"tag-es","17":"tag-espana","18":"tag-spain"},"share_on_mastodon":{"url":"https:\/\/pubeurope.com\/@es\/115597541611199752","error":""},"_links":{"self":[{"href":"https:\/\/www.europesays.com\/es\/wp-json\/wp\/v2\/posts\/250923","targetHints":{"allow":["GET"]}}],"collection":[{"href":"https:\/\/www.europesays.com\/es\/wp-json\/wp\/v2\/posts"}],"about":[{"href":"https:\/\/www.europesays.com\/es\/wp-json\/wp\/v2\/types\/post"}],"author":[{"embeddable":true,"href":"https:\/\/www.europesays.com\/es\/wp-json\/wp\/v2\/users\/2"}],"replies":[{"embeddable":true,"href":"https:\/\/www.europesays.com\/es\/wp-json\/wp\/v2\/comments?post=250923"}],"version-history":[{"count":0,"href":"https:\/\/www.europesays.com\/es\/wp-json\/wp\/v2\/posts\/250923\/revisions"}],"wp:featuredmedia":[{"embeddable":true,"href":"https:\/\/www.europesays.com\/es\/wp-json\/wp\/v2\/media\/250924"}],"wp:attachment":[{"href":"https:\/\/www.europesays.com\/es\/wp-json\/wp\/v2\/media?parent=250923"}],"wp:term":[{"taxonomy":"category","embeddable":true,"href":"https:\/\/www.europesays.com\/es\/wp-json\/wp\/v2\/categories?post=250923"},{"taxonomy":"post_tag","embeddable":true,"href":"https:\/\/www.europesays.com\/es\/wp-json\/wp\/v2\/tags?post=250923"}],"curies":[{"name":"wp","href":"https:\/\/api.w.org\/{rel}","templated":true}]}}