{"id":250925,"date":"2025-11-23T06:15:24","date_gmt":"2025-11-23T06:15:24","guid":{"rendered":"https:\/\/www.europesays.com\/es\/250925\/"},"modified":"2025-11-23T06:15:24","modified_gmt":"2025-11-23T06:15:24","slug":"cuando-la-television-salva-vidas","status":"publish","type":"post","link":"https:\/\/www.europesays.com\/es\/250925\/","title":{"rendered":"cuando la televisi\u00f3n salva vidas"},"content":{"rendered":"\n<p> Cuando Roberto S\u00e1nchez cog\u00eda el testigo de Salud al d\u00eda, tras su primer a\u00f1o de emisi\u00f3n en <a href=\"https:\/\/www.elconfidencial.com\/television\/programas-tv\/2025-10-24\/canal-sur-mananas-sopa-de-letras-concurso-antonio-garrido-horario_4234783\/\" target=\"_self\" rel=\"nofollow noopener\">Canal Sur<\/a>, jam\u00e1s imagin\u00f3 que continuar\u00eda al frente de \u00e9l en su 25 aniversario. <strong>\u00abSomos la consulta m\u00e9dica m\u00e1s grande de Andaluc\u00eda\u00bb,<\/strong> reivindica el hist\u00f3rico presentador de la cadena p\u00fablica andaluza a <a href=\"https:\/\/www.elconfidencial.com\/television\/\" target=\"_self\" rel=\"nofollow noopener\">EL CONFI TV<\/a>, que acude al plat\u00f3 del formato de divulgaci\u00f3n sobre h\u00e1bitos de vida saludable, en plena celebraci\u00f3n del cuarto de siglo ininterrumpido en antena que cumple este s\u00e1bado, 22 de noviembre. <\/p>\n<p> <strong>\u00abEstamos 25 a\u00f1os mayores, pero 25 a\u00f1os m\u00e1s sanos\u00bb,<\/strong> observa el periodista sobre el antes y el despu\u00e9s que ha vivido todo su equipo tras convertir el programa, que tambi\u00e9n dirige, en uno de los espacios m\u00e1s longevos de la parrilla de Canal Sur, informando y entreteniendo en materia de salud en sus fines de semana desde el a\u00f1o 2000. <\/p>\n<p> \u00abTodo es salud\u00bb, recuerda Roberto sobre la primera reuni\u00f3n que tuvo en los inicios del programa. \u00abEncima de la mesa hab\u00eda un peri\u00f3dico <strong>y dije al equipo que todas sus secciones eran Salud al d\u00eda\u00bb,<\/strong> explica sobre las distintas disciplinas desde donde el programa aborda la medicina preventiva: desde el deporte, la nutrici\u00f3n y consejos para vivir m\u00e1s y mejor, hasta las bondades de cada provincia de Andaluc\u00eda y sus actividades que promueven un estilo de vida saludable. <\/p>\n<p> \u00abHemos acabado con el punto de vista de que los programas de salud son solo para m\u00e9dicos o hipocondr\u00edacos\u00bb, defiende el presentador sobre el gran valor divulgativo del formato, <strong>su \u00abmayor regalo como periodista\u00bb tras abandonar TVE y a Jes\u00fas Hermida en el a\u00f1o 1989<\/strong> por el nacimiento de Canal Sur y encabezar todo tipo de programas informativos en la cadena. <\/p>\n<p>               Parte del equipo de &#8216;Salud al d\u00eda&#8217;, en la visita de EL CONFI TV. (Propia)             <\/p>\n<p> \u00abHe hecho de todo en esta profesi\u00f3n. He cubierto atentados, elecciones de Estados Unidos, exclusivas con el rey Juan Carlos, Felipe Gonz\u00e1lez, cr\u00f3nicas desde China, tambi\u00e9n documentales\u2026 Y tengo reconocimientos importantes. Pero, por encima de todo, <strong>me quedo con el agradecimiento de la gente todos los d\u00edas en la calle\u00bb, <\/strong>expresa sobre su formato, producido por <a href=\"https:\/\/mettre.es\/\" target=\"_blank\" rel=\"nofollow noopener\">Mettre<\/a>, que proporciona una ayuda real y directa a los espectadores. <\/p>\n<p> Y es que entre los cientos de an\u00e9cdotas que ha vivido a lo largo de los a\u00f1os, Roberto S\u00e1nchez recuerda una que le emocion\u00f3 recientemente. \u00abSali\u00f3 la cocinera de un restaurante para decirme que hab\u00eda salvado una vida. <strong>Le practic\u00f3 la maniobra de Heimlich,<\/strong> que hemos explicado hasta la saciedad en el programa, al padre de su vecina, que se estaba atragantando. Hubiera muerto\u00bb, reflexiona el presentador, feliz por \u00abhacer un formato que la gente dice &#8216;me sirve y me ayuda\u00bb. <\/p>\n<p>            El secreto est\u00e1 en la bata           <\/p>\n<p> No obstante, el formato no termin\u00f3 de despegar hasta que Roberto dio con la tecla. \u00abLas entrevistas con los doctores en los hospitales <strong>costaban hacerlas atractivas ante la c\u00e1mara<\/strong> y siempre contaban lo mismo: dieta mediterr\u00e1nea y ejercicio f\u00edsico\u00bb, admite, revelando que el programa vivi\u00f3 un punto de inflexi\u00f3n introduciendo la vestimenta de los profesionales de la medicina en distintas localizaciones. <\/p>\n<p> \u00abSe me ocurri\u00f3 que al especialista sanitario se le identifica en un golpe de vista con su bata y comenzamos a sacar al m\u00e9dico al lugar donde grabamos. <strong>All\u00ed est\u00e1 \u00e9l y te lo cuenta con su bata\u00bb,<\/strong> apunta el director del programa sobre c\u00f3mo el formato los lleva \u00aba su terreno\u00bb y los hace f\u00e1cilmente identificables \u00abal espectador cuando zapea\u00bb. <\/p>\n<p>               Reportaje sobre los beneficios para la salud del cultivo. (Canal Sur)             <\/p>\n<p> \u00abA un mercado, un gimnasio, una playa, un bosque\u2026 El resultado fue brutal. Ah\u00ed a la gente no le da miedo la bata blanca, le da miedo en los hospitales\u00bb, afirma S\u00e1nchez, recordando c\u00f3mo los m\u00e9dicos, al principio, \u00abno estaban por la labor\u00bb al querer usar la bata exclusivamente para sus consultas. \u00abCuando vieron el \u00e9xito de audiencias del programa ya no han tenido problemas. <strong>Ahora se pegan por salir\u00bb,<\/strong> bromea sobre el secreto de su \u00e9xito, tratando siempre de contar todo \u201cde manera que lo entienda todo el mundo\u201d. <\/p>\n<p> \u00abEscogemos siempre a los mejores, son excelentes y con mucha dedicaci\u00f3n para que la poblaci\u00f3n est\u00e9 sana\u00bb, aplaude el presentador sobre los especialistas que participan cada semana en su espacio, desde todos los puntos de Andaluc\u00eda, con un \u00fanico &#8216;pero&#8217;: <strong>\u00abAlgunos son olvidadizos<\/strong> y tenemos siempre una bata a mano para distinguirlos\u00bb. <\/p>\n<p>                Servicio p\u00fablico que vertebra el mapa andaluz           <\/p>\n<p> Actualmente, <strong>Salud al d\u00eda forma parte de la estrategia de emisi\u00f3n de las ma\u00f1anas del fin de semana de Canal Sur,<\/strong> franja en la que la televisi\u00f3n auton\u00f3mica apuesta por \u00abcubrir las necesidades de informaci\u00f3n y entretenimiento de diversos colectivos y targets, como servicio p\u00fablico\u00bb, tal y como explica a este medio Jos\u00e9 Paneque, coordinador de Programas de la cadena. <\/p>\n<p> A diferencia de la oferta de las televisiones privadas, plagadas de reposiciones,<strong> la variada programaci\u00f3n de los s\u00e1bados y los domingos contrasta por completo<\/strong> con ellas: \u00abTenemos un programa espec\u00edfico para j\u00f3venes [<a href=\"https:\/\/www.elconfidencial.com\/television\/programas-tv\/2024-04-28\/secretos-los-pilares-del-tiempo-tve-descubierto-hablamos-productores_3874067\/\" target=\"_self\" rel=\"nofollow noopener\">EnREDa2<\/a>], para los amantes de los animales [<a href=\"https:\/\/www.elconfidencial.com\/television\/programas-tv\/2025-09-12\/patas-arriba-canal-sur-mar-vega-formato-bienestar-animal_4208127\/\" target=\"_self\" rel=\"nofollow noopener\">Patas arriba<\/a>, Todo caballo], viajar es algo que nos gusta a todos y con Destino Andaluc\u00eda tambi\u00e9n lo abarcamos; y en los domingos, programas espec\u00edficos de medioambiente [Tierra y mar, Espacio protegido] o la misa, que ahora mismo es la estrella en audiencia junto a Toros para todos, de tauromaquia\u00bb. <\/p>\n<p>               Roberto S\u00e1nchez, en &#8216;Salud al d\u00eda&#8217;. (Canal Sur)             <\/p>\n<p> <strong>\u00abLa salud nos implica a todos\u00bb,<\/strong> asegura Paneque como el principal motivo por el que Canal Sur contin\u00faa, desde hace 25 a\u00f1os, confiando en el formato, defini\u00e9ndolo como un \u00abservicio p\u00fablico fundamental\u00bb por su funci\u00f3n de prevenci\u00f3n para la salud. \u00abRoberto S\u00e1nchez acerca a los m\u00e9dicos a divulgar de manera did\u00e1ctica y amena para los espectadores\u00bb, defiende. <\/p>\n<p> Sin embargo, para el coordinador, otra de las ventajas de contar con Salud al d\u00eda en Canal Sur, m\u00e1s all\u00e1 de sus buenas audiencias, es su \u00abfunci\u00f3n para vertebrar la comunidad\u00bb. <strong>\u00abSiempre hay un reportaje de la provincia de Almer\u00eda, Granada o Ja\u00e9n.<\/strong> Y si no, hay un m\u00e9dico de la Andaluc\u00eda oriental, que muchas veces parece que es una olvidada, pero creo que hay bastantes programas que se empe\u00f1an en mostrarla\u00bb, expone sobre el compromiso de la cadena con mostrar a todas las provincias de la regi\u00f3n. <\/p>\n<p>            Educaci\u00f3n para la salud, asignatura pendiente en televisi\u00f3n e institutos           <\/p>\n<p> Tras su extensa trayectoria, Roberto S\u00e1nchez denuncia la progresiva desaparici\u00f3n de los espacios de \u00abeducaci\u00f3n para la salud\u00bb en los medios de comunicaci\u00f3n y en los colegios.<strong> \u00abEstoy muy disgustado porque no se apueste m\u00e1s por ello en la televisi\u00f3n,<\/strong> concretamente en la p\u00fablica, y que haya materias que hasta influyen en la nota media y no tengamos una asignatura de salud\u00bb, expresa, se\u00f1alando la gran diferencia que existe con los pa\u00edses europeos del norte. <\/p>\n<p> \u00abVi esto hace 25 a\u00f1os. Los pa\u00edses m\u00e1s avanzados en salud p\u00fablica eran los B\u00e1lticos: Suecia, Finlandia y Noruega. Curiosamente, los que contemplan, desde el colegio y sus televisiones p\u00fablicas, educaci\u00f3n para la salud\u00bb, revela, adem\u00e1s de indicar el \u00abmillonario ahorro de costes\u00bb que supone para sus arcas. \u00abEs imprescindible saber que peque\u00f1os gestos gratuitos y sencillos pueden salvar vidas. <strong>No puede ser que no haya formatos de algo tan importante\u00bb, <\/strong>remarca. <\/p>\n<p> Unos consejos sobre salud que han compartido a lo largo de los a\u00f1os todo tipo de invitados, un \u00abclub de amigos\u00bb, como define el presentador, que guarda un especial recuerdo a Pau Don\u00e9s: \u00abEn los Premios Ondas que se celebraron en Sevilla, <strong>rompi\u00f3 todo el protocolo para hacer una entrevista con Salud al d\u00eda, <\/strong>porque dec\u00eda que hacemos mucho bien y pod\u00edamos prevenir c\u00e1nceres como el suyo\u00bb. <\/p>\n<p>            Un formato que envejece sano           <\/p>\n<p> De todos estos a\u00f1os, <strong>Roberto se\u00f1ala la \u00e9poca de la pandemia como una de las \u00abm\u00e1s cr\u00edticas\u00bb<\/strong> para su programa. \u00abNunca hemos parado de emitir, nos quedamos cuatro personas en la redacci\u00f3n\u00bb, recuerda sobre el confinamiento provocado por el coronavirus, momento en el que el profesional reconoce \u00abobsesionarse\u00bb con \u00abpoder transmitir consejos que valieran a la poblaci\u00f3n\u00bb. <\/p>\n<p> Fue en aquellos meses del a\u00f1o 2020 y 2021 cuando el formato tom\u00f3 m\u00e1s sentido que nunca para su equipo. \u00abTenemos el alma y el esp\u00edritu de servicio p\u00fablico, de ayudar, de aportar. <strong>Servicio p\u00fablico, por favor, esas dos palabras no se pueden olvidar en la televisi\u00f3n p\u00fablica. <\/strong>Informar, formar y entretener. Es lo que, desde mi modesta opini\u00f3n, hemos conseguido en estos 25 a\u00f1os con Salud al d\u00eda\u00bb, reclama el presentador sobre el formato de su vida. <\/p>\n<p>                   Antes y despu\u00e9s de Roberto S\u00e1nchez, al frente de &#8216;Salud al d\u00eda&#8217;. (Canal Sur)             <\/p>\n<p> \u00abNosotros trabajamos los 12 meses del a\u00f1o, 24-7. Es nuestra vocaci\u00f3n. No paramos de escribir guiones, de visionar im\u00e1genes\u2026 Si escuchamos algo interesante, pensamos &#8216;esto puede ayudar&#8217; y tratamos de darle una vuelta para el programa.<strong> Forma parte de nuestra vida\u00bb,<\/strong> asume Roberto S\u00e1nchez, con tres deseos para los pr\u00f3ximos 25 a\u00f1os de Salud al d\u00eda: \u00abQue todas las cadenas de televisi\u00f3n tuvieran un programa de salud. Que haya una asignatura de educaci\u00f3n para la salud en los colegios y que la gente no enferme\u00bb. <\/p>\n<p> Es al final de la entrevista, cuando el presentador de Canal Sur resume de forma muy sencilla la trascendencia de su programa: \u00abEl jefe del supermercado en el que compro me pregunta de qu\u00e9 alimentos vamos a hablar en los reportajes del s\u00e1bado, <strong>porque as\u00ed los pone de cabecera y se le agotan. <\/strong>\u00bfC\u00f3mo lo ves?\u00bb. <\/p>\n","protected":false},"excerpt":{"rendered":"Cuando Roberto S\u00e1nchez cog\u00eda el testigo de Salud al d\u00eda, tras su primer a\u00f1o de emisi\u00f3n en Canal&hellip;\n","protected":false},"author":2,"featured_media":250926,"comment_status":"","ping_status":"","sticky":false,"template":"","format":"standard","meta":{"footnotes":""},"categories":[171],"tags":[146,147,25,24,23,214],"class_list":{"0":"post-250925","1":"post","2":"type-post","3":"status-publish","4":"format-standard","5":"has-post-thumbnail","7":"category-tv","8":"tag-entertainment","9":"tag-entretenimiento","10":"tag-es","11":"tag-espana","12":"tag-spain","13":"tag-tv"},"share_on_mastodon":{"url":"https:\/\/pubeurope.com\/@es\/115597549445904231","error":""},"_links":{"self":[{"href":"https:\/\/www.europesays.com\/es\/wp-json\/wp\/v2\/posts\/250925","targetHints":{"allow":["GET"]}}],"collection":[{"href":"https:\/\/www.europesays.com\/es\/wp-json\/wp\/v2\/posts"}],"about":[{"href":"https:\/\/www.europesays.com\/es\/wp-json\/wp\/v2\/types\/post"}],"author":[{"embeddable":true,"href":"https:\/\/www.europesays.com\/es\/wp-json\/wp\/v2\/users\/2"}],"replies":[{"embeddable":true,"href":"https:\/\/www.europesays.com\/es\/wp-json\/wp\/v2\/comments?post=250925"}],"version-history":[{"count":0,"href":"https:\/\/www.europesays.com\/es\/wp-json\/wp\/v2\/posts\/250925\/revisions"}],"wp:featuredmedia":[{"embeddable":true,"href":"https:\/\/www.europesays.com\/es\/wp-json\/wp\/v2\/media\/250926"}],"wp:attachment":[{"href":"https:\/\/www.europesays.com\/es\/wp-json\/wp\/v2\/media?parent=250925"}],"wp:term":[{"taxonomy":"category","embeddable":true,"href":"https:\/\/www.europesays.com\/es\/wp-json\/wp\/v2\/categories?post=250925"},{"taxonomy":"post_tag","embeddable":true,"href":"https:\/\/www.europesays.com\/es\/wp-json\/wp\/v2\/tags?post=250925"}],"curies":[{"name":"wp","href":"https:\/\/api.w.org\/{rel}","templated":true}]}}