{"id":250929,"date":"2025-11-23T06:19:14","date_gmt":"2025-11-23T06:19:14","guid":{"rendered":"https:\/\/www.europesays.com\/es\/250929\/"},"modified":"2025-11-23T06:19:14","modified_gmt":"2025-11-23T06:19:14","slug":"la-gripe-sigue-subiendo-en-espana-en-linea-con-el-patron-de-circulacion-temprana-mundial-que-causa-la-nueva-cepa","status":"publish","type":"post","link":"https:\/\/www.europesays.com\/es\/250929\/","title":{"rendered":"La gripe sigue subiendo en Espa\u00f1a en l\u00ednea con el patr\u00f3n de circulaci\u00f3n temprana mundial que causa la nueva cepa"},"content":{"rendered":"<p>            <a href=\"https:\/\/gacetamedica.com\/wp-content\/uploads\/2025\/11\/GettyImages-1126694743-e1763725063114.jpg\" data-caption=\"\" rel=\"nofollow noopener\" target=\"_blank\"><img loading=\"lazy\" decoding=\"async\" width=\"696\" height=\"465\" class=\"entry-thumb td-modal-image\" src=\"https:\/\/www.europesays.com\/es\/wp-content\/uploads\/2025\/11\/GettyImages-1126694743-696x465.jpg\"   alt=\"gripe\" title=\"\"\/><\/a><\/p>\n<p>La temporada de gripe 2025-2026 sigue mostrando signos de actividad creciente en Espa\u00f1a. Seg\u00fan los \u00faltimos datos del Sistema de Vigilancia de Infecci\u00f3n Respiratoria Aguda (SiVIRA), correspondientes a la semana 46 (del 10 al 16 de noviembre), los <a href=\"https:\/\/gacetamedica.com\/politica\/conselleria-sanidad-precoz-onda-epidemica-gripe\/\" data-type=\"link\" data-id=\"https:\/\/gacetamedica.com\/politica\/conselleria-sanidad-precoz-onda-epidemica-gripe\/\" rel=\"nofollow noopener\" target=\"_blank\">casos de gripe<\/a> y de otras infecciones respiratorias siguen aumentando, aunque la mayor\u00eda de ellas con intensidad moderada.<\/p>\n<p>En cuanto a la tasa de infecciones respiratorias agudas (IRAs) a nivel nacional esta semana ha subido hasta los<strong> 479,3 casos\/100.000 habitantes<\/strong> frente a los 449,3 casos de la semana anterior.<\/p>\n<p>En Atenci\u00f3n Primaria, <a href=\"https:\/\/gacetamedica.com\/investigacion\/gripe-cabeza-virus-respiratorios-espana\/\" data-type=\"link\" data-id=\"https:\/\/gacetamedica.com\/investigacion\/gripe-cabeza-virus-respiratorios-espana\/\" target=\"_blank\" rel=\"noreferrer noopener nofollow\">la tasa de s\u00edndrome gripal<\/a> se situ\u00f3 esta semana en 33,1 casos por 100.000 habitantes, frente a 23,9 casos la semana anterior, lo que refleja un ligero repunte. Adem\u00e1s, el porcentaje de pruebas positivas para gripe subi\u00f3 al 17,3%, frente al 14,5% previo. El proxy de incidencia, que combina datos cl\u00ednicos y de laboratorio, estima <strong>83 casos por 100.000 habitantes<\/strong>, un incremento notable frente a los 65 de la semana pasada.<\/p>\n<p>En los hospitales, la situaci\u00f3n tambi\u00e9n refleja un aumento de la actividad gripal. La tasa de hospitalizaci\u00f3n por gripe se duplic\u00f3 en solo una semana, pasando de <strong>1,2 a 2,4 casos por 100.000 habitantes<\/strong>. Entre los ingresados desde el inicio de la temporada, un 22% present\u00f3 neumon\u00eda, casi el 3% requiri\u00f3 cuidados intensivos y la letalidad alcanz\u00f3 el 7,2%.<\/p>\n<p><strong>Circulaci\u00f3n temprana de la gripe<\/strong><\/p>\n<p>La situaci\u00f3n que est\u00e1 viviendo Espa\u00f1a respecto a la gripe coincide con un <strong>patr\u00f3n inusualmente temprano de circulaci\u00f3n gripal en Europa<\/strong>. Seg\u00fan el <a href=\"https:\/\/www.ecdc.europa.eu\/en\/news-events\/ecdc-recommends-vaccinating-without-delay-due-early-flu-circulation\" data-type=\"link\" data-id=\"https:\/\/www.ecdc.europa.eu\/en\/news-events\/ecdc-recommends-vaccinating-without-delay-due-early-flu-circulation\" target=\"_blank\" rel=\"noreferrer noopener nofollow\">Centro Europeo para la Prevenci\u00f3n y el Control de las Enfermedades<\/a> (ECDC), los casos se est\u00e1n detectando entre tres y cuatro semanas antes que en las dos \u00faltimas temporadas. La responsable es una nueva cepa, <strong>el subclado K del gen A(H3N2)<\/strong>, que est\u00e1 impulsando la propagaci\u00f3n del virus en la Uni\u00f3n Europea y el Espacio Econ\u00f3mico Europeo (UE\/EEE). La situaci\u00f3n est\u00e1 ya despertando los avisos a insistir en los programas de inmunizaci\u00f3n.<\/p>\n<p>\u00abEste a\u00f1o estamos observando un aumento en la detecci\u00f3n de la gripe mucho antes de lo habitual, lo que significa que el tiempo es crucial\u00bb, afirm\u00f3 <strong>Edoardo Colzani<\/strong>, jefe de la secci\u00f3n de virus respiratorios del ECDC en un comunicado, en el que el organismo llama a la <strong>vacunaci\u00f3n sin demora<\/strong>. \u00abSi cumple los requisitos para vacunarse, no espere. Vacunarse ahora es una de las maneras m\u00e1s eficaces de protegerse y proteger a quienes le rodean de enfermedades graves este invierno\u00bb.<\/p>\n<p>El ECDC insta a los <strong>grupos m\u00e1s vulnerables<\/strong> \u2014personas mayores de 65 a\u00f1os, mujeres embarazadas, pacientes con enfermedades cr\u00f3nicas o inmunodeprimidos y residentes en entornos cerrados\u2014 a vacunarse sin demora. Tambi\u00e9n recomienda que <strong>trabajadores sanitarios y personal de residencias de ancianos<\/strong> se vacunen y adopten medidas de prevenci\u00f3n, como el uso de mascarillas durante periodos de mayor circulaci\u00f3n viral, y que se considere la administraci\u00f3n r\u00e1pida de antivirales en pacientes de alto riesgo.<\/p>\n<p>Estos datos tambi\u00e9n se han experimentado en otras partes del mundo como <a href=\"https:\/\/gacetamedica.com\/investigacion\/japon-epidemia-gripe-temprana-preludio-europa\/\" data-type=\"link\" data-id=\"https:\/\/gacetamedica.com\/investigacion\/japon-epidemia-gripe-temprana-preludio-europa\/\" target=\"_blank\" rel=\"noreferrer noopener nofollow\">Jap\u00f3n<\/a>, donde ya a mediados de octubre alertaban de una epidemia temprana de gripe. <\/p>\n<p><strong>La situaci\u00f3n de otros virus<\/strong><\/p>\n<p>Mientras tanto, otros virus respiratorios mantienen un patr\u00f3n m\u00e1s moderado. La <strong>COVID-19<\/strong> sigue a la baja: el proxy de incidencia se situ\u00f3 en <strong>10,5 casos por 100.000 habitantes<\/strong>, con un porcentaje de positividad del 2,2% en Atenci\u00f3n Primaria y 3,4% en hospitales. La hospitalizaci\u00f3n por COVID-19 se mantiene baja, aunque entre los ingresados desde el inicio de la temporada la letalidad alcanza el <strong>12,6%<\/strong>, destacando que la enfermedad sigue siendo grave en pacientes vulnerables.<\/p>\n<p>Por su parte, el <strong>virus respiratorio sincitial (VRS)<\/strong>, que afecta sobre todo a menores de cinco a\u00f1os, muestra un leve repunte, con una incidencia de <strong>11 casos por 100.000 habitantes<\/strong> y una hospitalizaci\u00f3n de <strong>0,6 casos por 100.000 habitantes<\/strong>. Aunque el 10,8% de los hospitalizados necesit\u00f3 cuidados intensivos, no se han registrado muertes hasta el momento.<\/p>\n<p>Las bronquitis y bronquiolitis en ni\u00f1os peque\u00f1os contin\u00faan siendo la principal causa de consultas en Atenci\u00f3n Primaria, con <strong>275,6 casos por 100.000 habitantes<\/strong>, un aumento frente a la semana anterior.<\/p>\n<p>Los expertos recuerdan que la <strong>vacuna antigripal<\/strong> sigue siendo la herramienta m\u00e1s eficaz para reducir complicaciones y hospitalizaciones, sobre todo en mayores de 65 a\u00f1os, personas con enfermedades cr\u00f3nicas y trabajadores sanitarios. Tambi\u00e9n recomiendan mantener medidas b\u00e1sicas de prevenci\u00f3n frente a virus respiratorios: higiene de manos, uso de mascarilla en espacios concurridos y ventilaci\u00f3n de interiores.<\/p>\n<p>En resumen, la temporada respiratoria 2025-2026 arranca con un patr\u00f3n t\u00edpico: <strong>la gripe se intensifica<\/strong>, mientras que otros virus circulan de forma moderada. La vigilancia continua y la prevenci\u00f3n ser\u00e1n claves para limitar el impacto en los hospitales durante las pr\u00f3ximas semanas.<\/p>\n<p><strong>Tambi\u00e9n te puede interesar\u2026<\/strong><\/p>\n","protected":false},"excerpt":{"rendered":"La temporada de gripe 2025-2026 sigue mostrando signos de actividad creciente en Espa\u00f1a. Seg\u00fan los \u00faltimos datos del&hellip;\n","protected":false},"author":2,"featured_media":250930,"comment_status":"","ping_status":"","sticky":false,"template":"","format":"standard","meta":{"footnotes":""},"categories":[92],"tags":[25,24,165,166,23],"class_list":{"0":"post-250929","1":"post","2":"type-post","3":"status-publish","4":"format-standard","5":"has-post-thumbnail","7":"category-salud","8":"tag-es","9":"tag-espana","10":"tag-health","11":"tag-salud","12":"tag-spain"},"share_on_mastodon":{"url":"https:\/\/pubeurope.com\/@es\/115597566068435479","error":""},"_links":{"self":[{"href":"https:\/\/www.europesays.com\/es\/wp-json\/wp\/v2\/posts\/250929","targetHints":{"allow":["GET"]}}],"collection":[{"href":"https:\/\/www.europesays.com\/es\/wp-json\/wp\/v2\/posts"}],"about":[{"href":"https:\/\/www.europesays.com\/es\/wp-json\/wp\/v2\/types\/post"}],"author":[{"embeddable":true,"href":"https:\/\/www.europesays.com\/es\/wp-json\/wp\/v2\/users\/2"}],"replies":[{"embeddable":true,"href":"https:\/\/www.europesays.com\/es\/wp-json\/wp\/v2\/comments?post=250929"}],"version-history":[{"count":0,"href":"https:\/\/www.europesays.com\/es\/wp-json\/wp\/v2\/posts\/250929\/revisions"}],"wp:featuredmedia":[{"embeddable":true,"href":"https:\/\/www.europesays.com\/es\/wp-json\/wp\/v2\/media\/250930"}],"wp:attachment":[{"href":"https:\/\/www.europesays.com\/es\/wp-json\/wp\/v2\/media?parent=250929"}],"wp:term":[{"taxonomy":"category","embeddable":true,"href":"https:\/\/www.europesays.com\/es\/wp-json\/wp\/v2\/categories?post=250929"},{"taxonomy":"post_tag","embeddable":true,"href":"https:\/\/www.europesays.com\/es\/wp-json\/wp\/v2\/tags?post=250929"}],"curies":[{"name":"wp","href":"https:\/\/api.w.org\/{rel}","templated":true}]}}