{"id":250931,"date":"2025-11-23T06:20:15","date_gmt":"2025-11-23T06:20:15","guid":{"rendered":"https:\/\/www.europesays.com\/es\/250931\/"},"modified":"2025-11-23T06:20:15","modified_gmt":"2025-11-23T06:20:15","slug":"los-coros-catalanes-que-aparecen-en-lux-demuestran-que-rosalia-es-mucho-mas-que-una-estrella-del-pop","status":"publish","type":"post","link":"https:\/\/www.europesays.com\/es\/250931\/","title":{"rendered":"Los coros catalanes que aparecen en &#8216;Lux&#8217; demuestran que Rosal\u00eda es mucho m\u00e1s que una estrella del pop"},"content":{"rendered":"<p class=\"article-text\">\n        Tal vez Lux sea el disco que mayor revuelo medi\u00e1tico ha generado en los \u00faltimos a\u00f1os, dadas las expectativas puestas en su autora, la compositora y cantante <a href=\"https:\/\/www.eldiario.es\/opinion\/zona-critica\/lux-rosalia-extasis_129_12754387.html\" target=\"_blank\" data-mrf-recirculation=\"links-noticia\" class=\"link\" rel=\"nofollow noopener\">Rosal\u00eda<\/a>, as\u00ed como en <a href=\"https:\/\/www.eldiario.es\/cultura\/musica\/pobre-casta-obediente-rosalia-quita-habito-mainstream-lux_129_12743887.html\" data-mrf-recirculation=\"links-noticia\" class=\"link\" rel=\"nofollow noopener\" target=\"_blank\">qu\u00e9 nivel alcanzar\u00eda su ansia de renovaci\u00f3n en esta ocasi\u00f3n<\/a>. Aunque tambi\u00e9n hay que atribuir parte del \u00e9xito medi\u00e1tico a <a href=\"https:\/\/www.eldiario.es\/cultura\/musica\/nuevo-album-rosalia-lux-filtra-completo-dias-publicacion_1_12743102.html\" data-mrf-recirculation=\"links-noticia\" class=\"link\" rel=\"nofollow noopener\" target=\"_blank\">la sorprendente campa\u00f1a publicitaria<\/a> llevada a cabo por la discogr\u00e1fica de la artista, Sony, que no ha escatimado en medios para tener a la audiencia en vilo.\n    <\/p>\n<p>    <a href=\"https:\/\/www.eldiario.es\/cultura\/musica\/pobre-casta-obediente-rosalia-quita-habito-mainstream-lux_129_12743887.html\" data-mrf-recirculation=\"saber-mas\" data-dl-event=\"saber-mas\" rel=\"nofollow noopener\" target=\"_blank\"><\/p>\n<p class=\"know-more__title\">Ni pobre ni casta ni obediente, Rosal\u00eda se quita el h\u00e1bito del mainstream en \u2018Lux\u2019<\/p>\n<p>            <img decoding=\"async\" class=\"lazy\" loading=\"lazy\" data-src=\"https:\/\/static.eldiario.es\/clip\/bd9927cc-5896-41c0-b64c-b5717ec1a918_16-9-aspect-ratio_default_0_x568y319.jpg\" src=\"data:image\/svg+xml,%3Csvg xmlns=\" http:=\"\" viewbox=\"0 0 880 495\" alt=\"Ni pobre ni casta ni obediente, Rosal\u00eda se quita el h\u00e1bito del mainstream en \u2018Lux\u2019\"\/><\/p>\n<p>                        <\/a><\/p>\n<p class=\"article-text\">\n        M\u00e1s all\u00e1 de campa\u00f1as de marketing, el disco ha sorprendido por el salto dado desde el anterior trabajo, <a href=\"https:\/\/www.eldiario.es\/cultura\/rosalia-motomami-cancion-baile-llanto_1_8840068.html\" data-mrf-recirculation=\"links-noticia\" class=\"link\" rel=\"nofollow noopener\" target=\"_blank\">Motomami<\/a>, donde la de Sant Esteve Sesrovires jugaba a experimentar con el regetton y otros ritmos urbanos del momento. En Lux el cambio estil\u00edstico es total, ya que Rosal\u00eda abraza en parte el clasicismo sonoro a trav\u00e9s de la orquestaci\u00f3n y la cobertura coral de la mayor\u00eda de los diecisiete temas que componen el disco. Todo ello sin olvidar una producci\u00f3n moderna en la que entran s\u00e1mplers y sonidos digitales, y en la que colaboran productores y artistas de primer orden.\n    <\/p>\n<p class=\"article-text\">\n        Ahora bien, dejando de lado los grandes nombres, hay dos instituciones corales catalanas de gran tradici\u00f3n que est\u00e1n presentes en los cr\u00e9ditos de la mayor\u00eda de los temas del disco. Se trata del <a href=\"https:\/\/www.palaumusica.cat\/es\/quienes-somos_1188637\" target=\"_blank\" data-mrf-recirculation=\"links-noticia\" class=\"link\" rel=\"nofollow noopener\">Cor de Cambra del Palau de la M\u00fasica<\/a> y el <a href=\"https:\/\/www.escolania.cat\/es\/\" target=\"_blank\" data-mrf-recirculation=\"links-noticia\" class=\"link\" rel=\"nofollow noopener\">coro de la Escolan\u00eda de Montserrat<\/a>. El Cor de Cambra del Palau de la M\u00fasica ha puesto los coros en diez canciones de Lux y la Escolan\u00eda de Montserrat, en siete. En algunas de las canciones cantan conjuntamente. Asimismo, partes de algunas piezas del \u00e1lbum se han grabado, entre otros lugares, en el Auditori de Barcelona y tambi\u00e9n en Montserrat.\n    <\/p>\n<p>    Rosal\u00eda, cantaora en el Palau de la M\u00fasica<\/p>\n<p class=\"article-text\">\n        Ambas tienen un gran significado simb\u00f3lico en el catalanismo cultural y denotan que la catalana no es una simple diva pop con buen criterio para escoger temas y habilidad para trenzar letras, sino una m\u00fasica de formaci\u00f3n cl\u00e1sica rigurosa, con estudios completados tanto en la Escola superior de M\u00fasica de Catalunya (ESMUC) como en el Taller de M\u00fasics, escuela que tradicionalmente ha tenido mucho peso en la formaci\u00f3n de figuras tanto del jazz como del flamenco en Catalunya.\n    <\/p>\n<p class=\"article-text\">\n        Al menos con una de las dos instituciones musicales que aportan su coral al disco, Rosal\u00eda ha tenido una relaci\u00f3n laboral: el Palau de la M\u00fasica. \u201cRosal\u00eda trabaj\u00f3 con nosotros en 2015 y 2016 en un programa que tenemos \u2013y que sigue actualmente\u2013 que busca acercar la m\u00fasica cl\u00e1sica y otras m\u00fasicas como el flamenco a los ni\u00f1os y ni\u00f1as\u201d, explica Judith Pi, adjunta a la direcci\u00f3n del Palau. \u201cEn concreto, Rosal\u00eda, que ya hab\u00eda terminado sus estudios en La ESMUC, trabaj\u00f3 en nuestro espect\u00e1culo Flamencat como cantaora\u201d, agrega la directiva, que asegura que la artista, que ten\u00eda entonces 23 a\u00f1os, guarda muy buen recuerdo de aquella experiencia.\n    <\/p>\n<p class=\"article-text\">\n        Tanto que para la gala de los Goya de 2019 en Sevilla, reclam\u00f3 los servicios del coro del Palau para su ya <a href=\"https:\/\/www.eldiario.es\/cultura\/cine\/rosalia-emociona-clasico-chunguitos_1_1718473.html\" target=\"_blank\" data-mrf-recirculation=\"links-noticia\" class=\"link\" rel=\"nofollow noopener\">legendaria actuaci\u00f3n<\/a> en la que cant\u00f3 Me quedo contigo de <a href=\"https:\/\/www.eldiario.es\/cultura\/musica\/hippies-folkies-crooners-ibericos-cancion-protesta-censura-banda-sonora-muerte-franco_1_12769088.html\" target=\"_blank\" data-mrf-recirculation=\"links-noticia\" class=\"link\" rel=\"nofollow noopener\">Los Chunguitos<\/a>. \u201cElla quer\u00eda el coro adulto, que es el profesional, pero este ten\u00eda todas las fechas contratadas, as\u00ed que le propusimos el coro joven y acepto encantada\u201d, dice Pi, que desvela que la cantante qued\u00f3 encantada con el resultado.\n    <\/p>\n<p class=\"article-text\">\n        La reputaci\u00f3n del Cor de Cambra del Palau, de todas formas, trasciende Catalunya, siendo apreciado en el resto del pa\u00eds. Fue creado por el Orfe\u00f3 Catal\u00e0 en 1990 con la misi\u00f3n de difundir la m\u00fasica coral universal, promover la recuperaci\u00f3n del patrimonio musical catal\u00e1n y fomentar la nueva creaci\u00f3n. Ha sido dirigido por grandes figuras como sir Simon Rattle, Gustavo Dudamel, Daniel Barenboim o Eric Whitacre, entre otros, y ha colaborado con los cantantes Philippe Jaroussky y Mark Padmore.\n    <\/p>\n<p class=\"article-text\">\n        Pero quiz\u00e1s el aspecto que m\u00e1s habr\u00e1 tenido en cuenta Rosal\u00eda a la hora de escoger esta formaci\u00f3n para su nuevo disco es que el coro ha colaborado anteriormente con artistas pop, como la banda Els amics de les arts, y ha acompa\u00f1ado a cantautores como Raimon, que despidi\u00f3 su carrera en 2017 en el Palau. \u201cSi por algo destaca Rosal\u00eda es por su gran querencia por la calidad vocal y su amor por la m\u00fasica coral, algo que es muy com\u00fan entre los m\u00fasicos de carrera\u201d, opina la responsable del Palau de la M\u00fasica, que cree que en su voluntad de trabajar con el coro no solo ha intervenido la relaci\u00f3n previa sino tambi\u00e9n \u201cesa obsesi\u00f3n innovadora que ella siempre tiene y que le lleva a intentar casar lo moderno y popular como lo cl\u00e1sico\u201d.\n    <\/p>\n<p class=\"article-text\">\n        Revela Pi que \u201ca principios de 2023 nos volvi\u00f3 a plantear requerir al Cor de Cambra para su siguiente disco, porque ella ya ten\u00eda claro lo que quer\u00eda\u201d. Ya desde entonces, con el proyecto Motomami totalmente digerido, la inquieta artista comienza a barruntar su siguiente proyecto. \u201cLa colaboraci\u00f3n se ten\u00eda que grabar en 2024, pero se termin\u00f3 realizando este a\u00f1o para as\u00ed poder disponer del coro profesional adulto\u201d, apostilla.\n    <\/p>\n<p class=\"article-text\">\n        El resultado puede apreciarse en los temas del primer movimiento \u2013el disco, como las sinfon\u00edas, se divide en movimientos\u2013: Sexo, Violencia y Llantas, Reliquia, Divinize, Porcelana y Mio Cristo. En el segundo movimiento aparece en Berghain. Seguidamente en Dios Es Un Stalker, La Yugular y Focu \u2018ranni (solo en formato f\u00edsico). Finalmente, en Mem\u00f3ria y Magnolias. \u201cLas grabaciones no se hicieron en el Palau sino en el Auditori; se ten\u00edan que hacer in situ, pero ten\u00edamos las fechas llenas, as\u00ed que tuvimos que mover el coro al Auditori\u201d, reconoce. Pi se muestra, de todas formas, muy contenta con el resultado final: \u201cFue una experiencia muy chula; ella vino a la grabaci\u00f3n y dio indicaciones y todos los integrantes del coro se quedaron encantados con su nivel de conocimiento musical\u201d.\n    <\/p>\n<p>    A por la m\u00edstica de Montserrat a trav\u00e9s de su coro<\/p>\n<p class=\"article-text\">\n        Explica Judith Pi que los arreglos para la versi\u00f3n de Me quedo contigo que cant\u00f3 en la gala de los Goya se los encarg\u00f3 a Bernat Vivancos, uno de los m\u00e1s reputados compositores de m\u00fasica coral en Espa\u00f1a y autor de un apreciado <a href=\"https:\/\/open.spotify.com\/intl-es\/album\/3O6cN8aaZ8RuP9fFEx7fSv?si=2VokEMATS7yYH9vKZGc9JA\" data-mrf-recirculation=\"links-noticia\" class=\"link\" target=\"_blank\" rel=\"nofollow noopener\">Requiem<\/a> grabado junto al Coro de la Radio Nacional de Lituana. Vivancos fue compositor invitado del Palau entre 2014 y 2015 y tambi\u00e9n director de la Escolan\u00eda de Montserrat \u2013el otro coro, en este caso infantil, que aparecen en Lux\u2013 entre 2007 y 2014.\n    <\/p>\n<p class=\"article-text\">\n        \u201cRosal\u00eda me llam\u00f3 un d\u00eda y me coment\u00f3 que hab\u00eda pensado en m\u00ed para el tema de la gala porque era admiradora de mi m\u00fasica, en especial del Requiem, y quer\u00eda que le hiciera los arreglos para la canci\u00f3n\u201d, rememora Vivancos por tel\u00e9fono. \u201cPara m\u00ed fue todo un reto porque desconoc\u00eda la canci\u00f3n y nunca antes hab\u00eda trabajado con temas pop, pero qued\u00e9 muy satisfecho del resultado\u201d, reconoce el compositor. El resultado son 49 millones de visualizaciones del tema en YouTube y tambi\u00e9n una colaboraci\u00f3n posterior de Vivancos con la gira de 50 aniversario de <a href=\"https:\/\/www.eldiario.es\/catalunya\/jennifer-lopez-seduce-show-barcelonesas-edades-mejor-56-20_129_12467629.html\" data-mrf-recirculation=\"links-noticia\" class=\"link\" rel=\"nofollow noopener\" target=\"_blank\">Jennifer <\/a>L\u00f3pez.\n    <\/p>\n<p class=\"article-text\">\n        Para \u00e9l, Rosal\u00eda es mucho m\u00e1s que una estrella pop: \u201cLa recuerdo dando indicaciones para los arreglos y opinando; y me dej\u00f3 sorprendido por su enorme inteligencia y dominio de la t\u00e9cnica coral, es una m\u00fasica de pies a cabeza, con una gran formaci\u00f3n\u201d. Opina que \u201cen Rosal\u00eda se junta el instinto de las estrellas pop con el fundamento formativo, y por eso es una artista tan innovadora y sorprendente\u201d.\n    <\/p>\n<p class=\"article-text\">\n        Rosal\u00eda no ha contado con Vivancos para Lux, si bien s\u00ed le invit\u00f3 a la Listening party de Barcelona, que se celebr\u00f3 en el MNAC. \u201cFue impresionante, con una calidad de sonido bestial; t\u00e9cnicamente me gusto mucho c\u00f3mo trata las voces\u201d, confiesa. Respecto al Cor de l&#8217;Escolania de Montserrat, que no ha querido colaborar con este reportaje, pero que Vivancos conoce bien por su etapa infantil de escolano y, posteriormente, de director, el compositor cree que a Rosal\u00eda le han seducido \u201ctanto las voces infantiles como la m\u00edstica que rodea al monasterio y la monta\u00f1a de Montserrat, algo que en su \u00e1lbum queda muy patente en algunos temas\u201d.\n    <\/p>\n<blockquote class=\"twitter-tweet\" data-lang=\"es\"><p><a href=\"https:\/\/twitter.com\/X\/status\/1980679511693029396?ref_src=twsrc%5Etfw\" rel=\"nofollow noopener\" target=\"_blank\"><\/p><\/blockquote>\n<p class=\"article-text\">\n        No es la primera vez que el Coro de la Escolan\u00eda colabora con artistas, puesto que ha participado en discos solidarios contra el c\u00e1ncer como el de La Marat\u00f3\u201c de TV3 \u2013, aunque en general su labor es promocionar la m\u00fasica religiosa catalana, y en particular la del monasterio\u2013, si bien esta es su colaboraci\u00f3n m\u00e1s notable. En <a href=\"https:\/\/www.tiktok.com\/@revista_hola\/video\/7563989676227415318\" target=\"_blank\" data-mrf-recirculation=\"links-noticia\" class=\"link\" rel=\"nofollow noopener\">un v\u00eddeo de <\/a>TikTok semanas antes de la salida de Lux, pod\u00eda verse a la cantante emocionada mientras la coral cantaba El virolai, canto religioso dedicado a la virgen de Montserrat \u2013la Moreneta\u2013, tradicional de los carlistas catalanes y, por extensi\u00f3n, de todo el catalanismo conservador.\n    <\/p>\n<p>    <a href=\"https:\/\/www.eldiario.es\/catalunya\/sonar-2026-abandona-definitivamente-barcelona-mudar-totalidad-programacion-musical-l-hospitalet_1_12782488.html\" data-mrf-recirculation=\"saber-mas-abajo\" data-dl-event=\"saber-mas-abajo\" rel=\"nofollow noopener\" target=\"_blank\"><\/p>\n<p class=\"know-more__title\">Sonar 2026 abandona definitivamente Barcelona para mudar la totalidad de su programaci\u00f3n musical a L&#8217;Hospitalet<\/p>\n<p>            <img decoding=\"async\" class=\"lazy\" loading=\"lazy\" data-src=\"https:\/\/static.eldiario.es\/clip\/634843bb-8694-4b71-ba43-5dca8dd2603d_16-9-aspect-ratio_default_0.jpg\" src=\"data:image\/svg+xml,%3Csvg xmlns=\" http:=\"\" viewbox=\"0 0 880 495\" alt=\"Sonar 2026 abandona definitivamente Barcelona para mudar la totalidad de su programaci\u00f3n musical a L'Hospitalet\"\/><\/p>\n<p>                        <\/a><\/p>\n<p class=\"article-text\">\n        Finalmente, a modo de an\u00e9cdota, Vivancos explica que est\u00e1 a punto de lanzar un nuevo disco de responsorios de Semana Santa\u2013grabado tambi\u00e9n con el Coro de la Radio Nacional de Lituania\u2013 entre los que se encuentran los del compositor renacentista Tom\u00e1s Luis de Victoria. \u201cCuriosamente, y antes de tener noticia del disco de Rosal\u00eda, bautic\u00e9 mi trabajo comoTenebra, que es lo contrario de Lux\u201d.\n    <\/p>\n<p>                                    <script async src=\"https:\/\/platform.twitter.com\/widgets.js\" charset=\"utf-8\"><\/script><script async src=\"\/\/www.tiktok.com\/embed.js\"><\/script><\/p>\n","protected":false},"excerpt":{"rendered":"Tal vez Lux sea el disco que mayor revuelo medi\u00e1tico ha generado en los \u00faltimos a\u00f1os, dadas las&hellip;\n","protected":false},"author":2,"featured_media":250932,"comment_status":"","ping_status":"","sticky":false,"template":"","format":"standard","meta":{"footnotes":""},"categories":[91],"tags":[517,210,1980,95,146,147,25,24,1982,10,1981,952,23],"class_list":{"0":"post-250931","1":"post","2":"type-post","3":"status-publish","4":"format-standard","5":"has-post-thumbnail","7":"category-entretenimiento","8":"tag-actualidad","9":"tag-barcelona","10":"tag-cataluna","11":"tag-economia","12":"tag-entertainment","13":"tag-entretenimiento","14":"tag-es","15":"tag-espana","16":"tag-ignacio-escolar","17":"tag-noticias","18":"tag-periodismo-independiente","19":"tag-politica","20":"tag-spain"},"share_on_mastodon":{"url":"https:\/\/pubeurope.com\/@es\/115597569145966458","error":""},"_links":{"self":[{"href":"https:\/\/www.europesays.com\/es\/wp-json\/wp\/v2\/posts\/250931","targetHints":{"allow":["GET"]}}],"collection":[{"href":"https:\/\/www.europesays.com\/es\/wp-json\/wp\/v2\/posts"}],"about":[{"href":"https:\/\/www.europesays.com\/es\/wp-json\/wp\/v2\/types\/post"}],"author":[{"embeddable":true,"href":"https:\/\/www.europesays.com\/es\/wp-json\/wp\/v2\/users\/2"}],"replies":[{"embeddable":true,"href":"https:\/\/www.europesays.com\/es\/wp-json\/wp\/v2\/comments?post=250931"}],"version-history":[{"count":0,"href":"https:\/\/www.europesays.com\/es\/wp-json\/wp\/v2\/posts\/250931\/revisions"}],"wp:featuredmedia":[{"embeddable":true,"href":"https:\/\/www.europesays.com\/es\/wp-json\/wp\/v2\/media\/250932"}],"wp:attachment":[{"href":"https:\/\/www.europesays.com\/es\/wp-json\/wp\/v2\/media?parent=250931"}],"wp:term":[{"taxonomy":"category","embeddable":true,"href":"https:\/\/www.europesays.com\/es\/wp-json\/wp\/v2\/categories?post=250931"},{"taxonomy":"post_tag","embeddable":true,"href":"https:\/\/www.europesays.com\/es\/wp-json\/wp\/v2\/tags?post=250931"}],"curies":[{"name":"wp","href":"https:\/\/api.w.org\/{rel}","templated":true}]}}