{"id":250933,"date":"2025-11-23T06:23:12","date_gmt":"2025-11-23T06:23:12","guid":{"rendered":"https:\/\/www.europesays.com\/es\/250933\/"},"modified":"2025-11-23T06:23:12","modified_gmt":"2025-11-23T06:23:12","slug":"trump-dice-que-el-plan-de-28-puntos-para-poner-fin-a-la-guerra-en-ucrania-no-es-la-oferta-final-para-kyiv","status":"publish","type":"post","link":"https:\/\/www.europesays.com\/es\/250933\/","title":{"rendered":"Trump dice que el plan de 28 puntos para poner fin a la guerra en Ucrania no es la \u00aboferta final\u00bb para Kyiv"},"content":{"rendered":"<p><img fetchpriority=\"high\" decoding=\"async\" src=\"https:\/\/www.europesays.com\/es\/wp-content\/uploads\/2025\/11\/7fbe5e30-c7f6-11f0-9fb5-5f3a3703a365.jpg.webp.webp\"   alt=\"Donald Trump habla con periodistas fuera de la Casa Blanca.\" loading=\"eager\" width=\"1000\" height=\"563\" style=\"aspect-ratio:1000 \/ 563\" class=\"css-4ejld5\"\/><\/p>\n<p class=\"css-by8ykd\" role=\"text\">Fuente de la imagen, PA Media<\/p>\n<p><strong id=\"article-byline\" aria-hidden=\"true\" class=\"css-m04vo2\">Informaci\u00f3n del art\u00edculo<\/strong><\/p>\n<ul class=\"css-1rvtlej\">\n<li class=\"css-oe8da4\">\n<ul role=\"list\" class=\"css-1rnycnn\">\n<li>Autor, Jaroslav Lukiv<\/li>\n<li>T\u00edtulo del autor,  BBC News<\/li>\n<\/ul>\n<\/li>\n<li class=\"css-1clfxfc\">\n<p>2 horas<\/p>\n<\/li>\n<li class=\"css-1clfxfc\"\/><\/ul>\n<p dir=\"ltr\" class=\"css-1qucyee e17g058b0\"><b>El presidente de EE.UU., Donald Trump, dijo que el plan de Estados Unidos para poner fin a la guerra entre Rusia y Ucrania no es su \u00aboferta final\u00bb para Kyiv, despu\u00e9s de que aliados ucranianos expresaran preocupaciones sobre las propuestas.<\/b><\/p>\n<p dir=\"ltr\" class=\"css-1qucyee e17g058b0\">M\u00e1s temprano, este s\u00e1bado, l\u00edderes de Europa, Canad\u00e1 y Jap\u00f3n se\u00f1alaron que el plan conten\u00eda elementos \u00abesenciales para una paz justa y duradera\u00bb, pero que \u00abrequerir\u00eda trabajo adicional\u00bb, citando inquietudes sobre cambios fronterizos y l\u00edmites al ej\u00e9rcito ucraniano.<\/p>\n<p dir=\"ltr\" class=\"css-1qucyee e17g058b0\">El domingo, funcionarios de seguridad de Reino Unido, Francia, Alemania, Estados Unidos y Ucrania se reunir\u00e1n en Ginebra, Suiza.<\/p>\n<p dir=\"ltr\" class=\"css-1qucyee e17g058b0\">El presidente Volodymyr Zelensky advirti\u00f3 anteriormente que Ucrania enfrentaba \u00abuno de los momentos m\u00e1s dif\u00edciles de nuestra historia\u00bb debido a la presi\u00f3n de Estados Unidos para aceptar el plan, visto como favorable a Mosc\u00fa.<\/p>\n<p dir=\"ltr\" class=\"css-1qucyee e17g058b0\">Trump ha dado a Ucrania hasta el 27 de noviembre para aceptar el plan de 28 puntos, mientras que el presidente de Rusia, Vladimir Putin, dijo que podr\u00eda ser la \u00abbase\u00bb para un acuerdo.<\/p>\n<p dir=\"ltr\" class=\"css-1qucyee e17g058b0\">Al ser preguntado el s\u00e1bado si el borrador actual del plan era su oferta final para Ucrania, Trump dijo a los periodistas en la Casa Blanca: \u00abNo, no es mi oferta final\u00bb.<\/p>\n<p dir=\"ltr\" class=\"css-1qucyee e17g058b0\">\u00abDe una forma u otra tenemos que poner fin [a la guerra], as\u00ed que estamos trabajando en ello\u00bb, a\u00f1adi\u00f3.<\/p>\n<p dir=\"ltr\" class=\"css-1qucyee e17g058b0\">El secretario de Estado de EE.UU., Marco Rubio, y el enviado especial Steve Witkoff estar\u00e1n entre los que participar\u00e1n en las conversaciones en Ginebra el domingo. El asesor de seguridad nacional Jonathan Powell asistir\u00e1 en representaci\u00f3n de Reino Unido.<\/p>\n<p dir=\"ltr\" class=\"css-1qucyee e17g058b0\">La declaraci\u00f3n conjunta del s\u00e1bado en la cumbre del G20 en Sud\u00e1frica fue firmada por los l\u00edderes de Canad\u00e1, Finlandia, Francia, Irlanda, Italia, Jap\u00f3n, Pa\u00edses Bajos, Espa\u00f1a, Reino Unido, Alemania y Noruega. Dos altos funcionarios de la Uni\u00f3n Europea tambi\u00e9n estuvieron entre los firmantes.<\/p>\n<p dir=\"ltr\" class=\"css-1qucyee e17g058b0\">La declaraci\u00f3n dec\u00eda: \u00abCreemos, por lo tanto, que el borrador es una base que requerir\u00e1 trabajo adicional. Estamos listos para participar con el fin de garantizar que una paz futura sea sostenible. Tenemos claro el principio de que las fronteras no deben cambiarse por la fuerza\u00bb.<\/p>\n<p dir=\"ltr\" class=\"css-1qucyee e17g058b0\">En el texto tambi\u00e9n se expresaba preocupaci\u00f3n por \u00ablas limitaciones propuestas a las fuerzas armadas de Ucrania, que dejar\u00edan a Ucrania vulnerable a futuros ataques\u00bb.<\/p>\n<p><img decoding=\"async\" src=\"https:\/\/www.europesays.com\/es\/wp-content\/uploads\/2025\/11\/8b9012b0-c7ad-11f0-9fb5-5f3a3703a365.jpg.webp.webp\"   alt=\"De izquierda a derecha: el presidente del Consejo Europeo, Ant\u00f3nio Costa; el primer ministro del Reino Unido, Sir Keir Starmer; el presidente de Francia, Emmanuel Macron; y el presidente de Finlandia, Alexander Stubb.\" loading=\"lazy\" width=\"1000\" height=\"563\" style=\"aspect-ratio:1000 \/ 563\" class=\"css-4ejld5\"\/><\/p>\n<p class=\"css-by8ykd\" role=\"text\">Fuente de la imagen, PA<\/p>\n<p>Pie de foto, De izquierda a derecha: el presidente del Consejo Europeo, Ant\u00f3nio Costa; el primer ministro del Reino Unido, Sir Keir Starmer; el presidente de Francia, Emmanuel Macron; y el presidente de Finlandia, Alexander Stubb.<\/p>\n<p dir=\"ltr\" class=\"css-1qucyee e17g058b0\">El primer ministro del Reino Unido, Sir Keir Starmer, quien se encuentra en la cumbre del G20 en Johannesburgo, habl\u00f3 por tel\u00e9fono con Zelensky el s\u00e1bado, seguido de una llamada con Trump.<\/p>\n<p dir=\"ltr\" class=\"css-1qucyee e17g058b0\">Un portavoz de Downing Street dijo que Starmer transmiti\u00f3 al mandatario estadounidense las discusiones que han tenido lugar entre los pa\u00edses que participan en la coalici\u00f3n de aliados de Ucrania presentes en la cumbre del G20.<\/p>\n<p dir=\"ltr\" class=\"css-1qucyee e17g058b0\">Starmer dijo anteriormente que estaba preocupado por los l\u00edmites propuestos al ej\u00e9rcito de Ucrania en el plan estadounidense, se\u00f1alando que \u00abes fundamental que Ucrania pueda defenderse si hay un alto el fuego\u00bb.<\/p>\n<p dir=\"ltr\" class=\"css-1qucyee e17g058b0\">El plan de paz estadounidense, ampliamente filtrado, propone que las tropas ucranianas se retiren de la parte de la regi\u00f3n oriental de Donetsk que actualmente controlan, y el control de facto ruso sobre Donetsk, as\u00ed como sobre la vecina regi\u00f3n de Lugansk y la pen\u00ednsula de Crimea en el sur, anexada por Rusia en 2014.<\/p>\n<p dir=\"ltr\" class=\"css-1qucyee e17g058b0\">El plan tambi\u00e9n incluye congelar las fronteras de las regiones sure\u00f1as de Jers\u00f3n y Zaporiyia de Ucrania a lo largo de las actuales l\u00edneas de batalla. Ambas regiones est\u00e1n parcialmente ocupadas por Rusia.<\/p>\n<p dir=\"ltr\" class=\"css-1qucyee e17g058b0\">El borrador estadounidense tambi\u00e9n limitar\u00eda el ej\u00e9rcito de Ucrania a 600,000 efectivos, con aviones de combate europeos estacionados en la vecina Polonia.<\/p>\n<p dir=\"ltr\" class=\"css-1qucyee e17g058b0\">Kyiv recibir\u00eda \u00abgarant\u00edas de seguridad confiables\u00bb, seg\u00fan el plan, aunque no se han dado detalles. El documento se\u00f1ala que \u00abse espera\u00bb que Rusia no invada a sus vecinos y que la OTAN no se expanda m\u00e1s.<\/p>\n<p dir=\"ltr\" class=\"css-1qucyee e17g058b0\">El plan tambi\u00e9n sugiere que Rusia sea \u00abreintegrada en la econom\u00eda global\u00bb, mediante el levantamiento de sanciones y la invitaci\u00f3n a Rusia a reincorporarse al grupo G7 de los pa\u00edses m\u00e1s poderosos del mundo, convirti\u00e9ndolo nuevamente en el G8.<\/p>\n<p>Un dilema para Ucrania<\/p>\n<p><img decoding=\"async\" src=\"https:\/\/www.europesays.com\/es\/wp-content\/uploads\/2025\/11\/406844a0-c81c-11f0-a892-01d657345866.jpg.webp.webp\"   alt=\"Volodymyr Zelensky.\" loading=\"lazy\" width=\"1024\" height=\"576\" style=\"aspect-ratio:1024 \/ 576\" class=\"css-4ejld5\"\/><\/p>\n<p class=\"css-by8ykd\" role=\"text\">Fuente de la imagen, Zelensky\/Telegram<\/p>\n<p>Pie de foto, Zelensky advirti\u00f3 a los ucranianos que su pa\u00eds \u00abpodr\u00eda enfrentar una elecci\u00f3n muy dif\u00edcil: perder la dignidad o arriesgarse a perder a un socio clave\u00bb.<\/p>\n<p dir=\"ltr\" class=\"css-1qucyee e17g058b0\">El viernes, Trump dijo que a Zelensky tendr\u00edan que \u00abgustarle\u00bb las propuestas de Estados Unidos, a\u00f1adiendo que de lo contrario Ucrania y Rusia continuar\u00edan luchando.<\/p>\n<p dir=\"ltr\" class=\"css-1qucyee e17g058b0\">M\u00e1s temprano ese mismo d\u00eda, el l\u00edder ucraniano se dirigi\u00f3 a la naci\u00f3n con una dura advertencia de que el pa\u00eds \u00abpodr\u00eda enfrentar una elecci\u00f3n muy dif\u00edcil: perder la dignidad o arriesgarse a perder a un socio clave\u00bb.<\/p>\n<p dir=\"ltr\" class=\"css-1qucyee e17g058b0\">\u00abHoy es uno de los momentos m\u00e1s dif\u00edciles de nuestra historia\u00bb, a\u00f1adi\u00f3 Zelensky, comprometi\u00e9ndose a trabajar de manera \u00abconstructiva\u00bb con los estadounidenses en el plan.<\/p>\n<p dir=\"ltr\" class=\"css-1qucyee e17g058b0\">El s\u00e1bado, Zelensky anunci\u00f3 que su jefe de oficina, Andriy Yermak, encabezar\u00eda el equipo negociador de Ucrania en futuras conversaciones sobre un acuerdo de paz, incluidas aquellas que puedan involucrar a Rusia.<\/p>\n<p dir=\"ltr\" class=\"css-1qucyee e17g058b0\">\u00abNuestros representantes saben c\u00f3mo defender los intereses nacionales de Ucrania y exactamente qu\u00e9 debe hacerse para evitar que Rusia lance una tercera invasi\u00f3n, otro ataque contra Ucrania\u00bb, dijo el presidente en un mensaje en video publicado en redes sociales.<\/p>\n<p dir=\"ltr\" class=\"css-1qucyee e17g058b0\">Kyiv depende cr\u00edticamente de las entregas de armamento avanzado fabricado en Estados Unidos, incluidos sistemas de defensa a\u00e9rea para repeler los mortales ataques a\u00e9reos rusos, as\u00ed como de la inteligencia proporcionada por Washington.<\/p>\n<p dir=\"ltr\" class=\"css-1qucyee e17g058b0\">Putin confirm\u00f3 el viernes que Mosc\u00fa hab\u00eda recibido el plan estadounidense, pero dijo que no se hab\u00eda discutido en detalle con el Kremlin.<\/p>\n<p dir=\"ltr\" class=\"css-1qucyee e17g058b0\">A\u00f1adi\u00f3 que Mosc\u00fa estaba dispuesto a \u00abmostrar flexibilidad\u00bb, pero tambi\u00e9n preparado para seguir combatiendo.<\/p>\n<p dir=\"ltr\" class=\"css-1qucyee e17g058b0\">Putin lanz\u00f3 una invasi\u00f3n a gran escala de Ucrania en febrero de 2022.<\/p>\n<p dir=\"ltr\" class=\"css-1qucyee e17g058b0\">En los \u00faltimos meses, las tropas rusas han estado avanzando lentamente en la regi\u00f3n suroriental de Ucrania, a pesar de las informaciones sobre fuertes bajas en combate.<\/p>\n<p><img decoding=\"async\" src=\"https:\/\/www.europesays.com\/es\/wp-content\/uploads\/2025\/11\/2d3ddfe0-c81a-11f0-a892-01d657345866.png.webp.webp\"   alt=\"&quot;&quot;\" loading=\"lazy\" width=\"800\" height=\"100\" style=\"aspect-ratio:800 \/ 100\" class=\"css-4ejld5\"\/><\/p>\n<p dir=\"ltr\" class=\"css-1qucyee e17g058b0\"><a href=\"https:\/\/www.bbc.com\/mundo\/send\/u184973209\" class=\"focusIndicatorReducedWidth css-n8oauk e1p3sufg0\" rel=\"nofollow noopener\" target=\"_blank\">Suscr\u00edbete aqu\u00ed<\/a> a nuestro nuevo newsletter para recibir cada viernes una selecci\u00f3n de nuestro mejor contenido de la semana.<\/p>\n<p dir=\"ltr\" class=\"css-1qucyee e17g058b0\">Y recuerda que puedes recibir notificaciones en nuestra app. Descarga la \u00faltima versi\u00f3n y act\u00edvalas.<\/p>\n","protected":false},"excerpt":{"rendered":"Fuente de la imagen, PA Media Informaci\u00f3n del art\u00edculo Autor, Jaroslav Lukiv T\u00edtulo del autor, BBC News 2&hellip;\n","protected":false},"author":2,"featured_media":250934,"comment_status":"","ping_status":"","sticky":false,"template":"","format":"standard","meta":{"footnotes":""},"categories":[42],"tags":[17,18,13,14,11,61,62,63,64,19,20,9,10,15,16,12,21,22,65,66,67],"class_list":{"0":"post-250933","1":"post","2":"type-post","3":"status-publish","4":"format-standard","5":"has-post-thumbnail","7":"category-internacional","8":"tag-breaking-news","9":"tag-breakingnews","10":"tag-featured-news","11":"tag-featurednews","12":"tag-headlines","13":"tag-internacional","14":"tag-international","15":"tag-international-news","16":"tag-internationalnews","17":"tag-latest-news","18":"tag-latestnews","19":"tag-news","20":"tag-noticias","21":"tag-noticias-destacadas","22":"tag-noticiasdestacadas","23":"tag-titulares","24":"tag-ultimas-noticias","25":"tag-ultimasnoticias","26":"tag-world","27":"tag-world-news","28":"tag-worldnews"},"share_on_mastodon":{"url":"https:\/\/pubeurope.com\/@es\/115597581583526030","error":""},"_links":{"self":[{"href":"https:\/\/www.europesays.com\/es\/wp-json\/wp\/v2\/posts\/250933","targetHints":{"allow":["GET"]}}],"collection":[{"href":"https:\/\/www.europesays.com\/es\/wp-json\/wp\/v2\/posts"}],"about":[{"href":"https:\/\/www.europesays.com\/es\/wp-json\/wp\/v2\/types\/post"}],"author":[{"embeddable":true,"href":"https:\/\/www.europesays.com\/es\/wp-json\/wp\/v2\/users\/2"}],"replies":[{"embeddable":true,"href":"https:\/\/www.europesays.com\/es\/wp-json\/wp\/v2\/comments?post=250933"}],"version-history":[{"count":0,"href":"https:\/\/www.europesays.com\/es\/wp-json\/wp\/v2\/posts\/250933\/revisions"}],"wp:featuredmedia":[{"embeddable":true,"href":"https:\/\/www.europesays.com\/es\/wp-json\/wp\/v2\/media\/250934"}],"wp:attachment":[{"href":"https:\/\/www.europesays.com\/es\/wp-json\/wp\/v2\/media?parent=250933"}],"wp:term":[{"taxonomy":"category","embeddable":true,"href":"https:\/\/www.europesays.com\/es\/wp-json\/wp\/v2\/categories?post=250933"},{"taxonomy":"post_tag","embeddable":true,"href":"https:\/\/www.europesays.com\/es\/wp-json\/wp\/v2\/tags?post=250933"}],"curies":[{"name":"wp","href":"https:\/\/api.w.org\/{rel}","templated":true}]}}