{"id":250937,"date":"2025-11-23T06:25:13","date_gmt":"2025-11-23T06:25:13","guid":{"rendered":"https:\/\/www.europesays.com\/es\/250937\/"},"modified":"2025-11-23T06:25:13","modified_gmt":"2025-11-23T06:25:13","slug":"varias-aerolineas-internacionales-cancelan-sus-vuelos-a-venezuela-tras-alerta-de-la-faa-sobre-incremento-de-la-actividad-militar-en-ese-pais","status":"publish","type":"post","link":"https:\/\/www.europesays.com\/es\/250937\/","title":{"rendered":"Varias aerol\u00edneas internacionales cancelan sus vuelos a Venezuela tras alerta de la FAA sobre \u00abincremento de la actividad militar\u00bb en ese pa\u00eds"},"content":{"rendered":"<p><img fetchpriority=\"high\" decoding=\"async\" src=\"https:\/\/www.europesays.com\/es\/wp-content\/uploads\/2025\/11\/a32f7cd0-c807-11f0-9fb5-5f3a3703a365.jpg.webp.webp\"   alt=\"Vista interior del Aeropuerto Internacional de Maiquet\u00eda. A los lados hay dos pendones que cuelgan el techo con la bandera de Venezuela y en el centro se ve un peque\u00f1o grupo de personas de pie sobre un piso de muchos colores.\" loading=\"eager\" width=\"4404\" height=\"2477\" style=\"aspect-ratio:4404 \/ 2477\" class=\"css-4ejld5\"\/><\/p>\n<p class=\"css-by8ykd\" role=\"text\">Fuente de la imagen, Getty Images<\/p>\n<p><strong id=\"article-byline\" aria-hidden=\"true\" class=\"css-m04vo2\">Informaci\u00f3n del art\u00edculo<\/strong><\/p>\n<ul class=\"css-1rvtlej\">\n<li class=\"css-oe8da4\">\n<ul role=\"list\" class=\"css-1rnycnn\">\n<li>Autor, \u00c1ngel Berm\u00fadez<\/li>\n<li>T\u00edtulo del autor,  BBC News Mundo<\/li>\n<\/ul>\n<\/li>\n<li class=\"css-1clfxfc\">\n<p>5 horas<\/p>\n<\/li>\n<li class=\"css-1clfxfc\"\/><\/ul>\n<p dir=\"ltr\" class=\"css-1qucyee e17g058b0\"><b>Al menos media decena de a\u00e9reas internacionales anunciaron este s\u00e1bado la suspensi\u00f3n de sus operaciones desde y hacia Venezuela, luego de que la Administraci\u00f3n Federal de Aviaci\u00f3n de EE.UU. (FAA, por sus siglas en ingl\u00e9s) advirti\u00f3 sobre los riesgos de sobrevolar el espacio a\u00e9reo de ese pa\u00eds sudamericano.<\/b><\/p>\n<p dir=\"ltr\" class=\"css-1qucyee e17g058b0\">La aerol\u00ednea colombiana Avianca, la brasile\u00f1a Gol y la portuguesa TAP Air Portugal cancelaron este s\u00e1bado sus operaciones desde Caracas, seg\u00fan inform\u00f3 la agencia Reuters.<\/p>\n<p dir=\"ltr\" class=\"css-1qucyee e17g058b0\">Por su parte, Iberia anunci\u00f3 tambi\u00e9n este s\u00e1bado su decisi\u00f3n de suspender por las mismas razones sus vuelos hacia y desde Venezuela, seg\u00fan inform\u00f3 la televisora p\u00fablica RTVE.<\/p>\n<p dir=\"ltr\" class=\"css-1qucyee e17g058b0\">La aerol\u00ednea espa\u00f1ola opera regularmente cinco vuelos a la semana -de lunes a viernes- que salen desde Maiquet\u00eda, por lo que el primer vuelo en verse afectado estaba previsto para el pr\u00f3ximo lunes.<\/p>\n<p dir=\"ltr\" class=\"css-1qucyee e17g058b0\">Iberia dijo que ir\u00e1 valorando la evoluci\u00f3n de la situaci\u00f3n para determinar cu\u00e1ndo retomar\u00e1 sus operaciones en Venezuela.<\/p>\n<p dir=\"ltr\" class=\"css-1qucyee e17g058b0\">Po su parte, Latam Airlines anunci\u00f3 la cancelaci\u00f3n de los vuelos que ten\u00eda previstos para los d\u00edas 23 y 24 de noviembre en la ruta Bogot\u00e1-Caracas-Bogot\u00e1. La compa\u00f1\u00eda public\u00f3 este s\u00e1bado un documento explicando las alternativas que ofrece a los viajeros afectados por la suspensi\u00f3n preventiva de estos vuelos.<\/p>\n<p>\u00abEmpeoramiento de la situaci\u00f3n de seguridad\u00bb<\/p>\n<p><img decoding=\"async\" src=\"https:\/\/www.europesays.com\/es\/wp-content\/uploads\/2025\/11\/1501b660-c809-11f0-9fb5-5f3a3703a365.jpg.webp.webp\"   alt=\"Miembros de la Milicia Bolivariana de Venezuela hacen guardia durante una manifestaci\u00f3n progubernamental en Caracas.\" loading=\"lazy\" width=\"5000\" height=\"3333\" style=\"aspect-ratio:5000 \/ 3333\" class=\"css-4ejld5\"\/><\/p>\n<p class=\"css-by8ykd\" role=\"text\">Fuente de la imagen, EPA<\/p>\n<p>Pie de foto, En medio del despliegue de seguridad, Venezuela ha exhibido sus lanzamisiles tierra &#8211; aire Igla S, que pueden derribar aeronaves que vuelan a baja altura.<\/p>\n<p dir=\"ltr\" class=\"css-1qucyee e17g058b0\">La cancelaci\u00f3n de operaciones por parte de las aerol\u00edneas responde a una advertencia hecha el viernes por la FAA en la que se\u00f1alaba que hab\u00eda una \u00absituaci\u00f3n potencialmente peligrosa\u00bb en el espacio a\u00e9reo cuyo control se gestiona desde el Aeropuerto Internacional de Maiquet\u00eda, que sirve a Caracas.<\/p>\n<p dir=\"ltr\" class=\"css-1qucyee e17g058b0\">La autoridad estadounidense recomend\u00f3 a las aerol\u00edneas tener precauci\u00f3n al operar en ese espacio \u00abdebido al empeoramiento de la situaci\u00f3n de seguridad y al incremento de la actividad militar en o alrededor de Venezuela\u00bb.<\/p>\n<p dir=\"ltr\" class=\"css-1qucyee e17g058b0\">\u00abLas amenazas podr\u00edan representar un riesgo potencial para las aeronaves en todas las altitudes, incluyendo durante el sobrevuelo, las fases de llegada y salida de los vuelos, y\/o para los aeropuertos y aeronaves en tierra\u00bb, se\u00f1alaron en un comunicado.<\/p>\n<p dir=\"ltr\" class=\"css-1qucyee e17g058b0\">La advertencia de la FAA se produce tras varios meses de un masivo despliegue militar por parte de EE.UU. en aguas del Caribe y cerca de Venezuela.<\/p>\n<p dir=\"ltr\" class=\"css-1qucyee e17g058b0\">Este despliegue, que incluye al portaviones Gerald Ford (el m\u00e1s grande del mundo), tiene como objetivo oficial luchar contra el narcotr\u00e1fico, pero ha avivado las tensiones con el gobierno del presidente Nicol\u00e1s Maduro, quien ha denunciado que se trata de un intento de agresi\u00f3n en su contra.<\/p>\n<p dir=\"ltr\" class=\"css-1qucyee e17g058b0\">Desde septiembre, las fuerzas militares estadounidenses han estado atacando en aguas del Caribe y del Pac\u00edfico a varias lanchas que -seg\u00fan afirman- transportaban drogas en direcci\u00f3n a EE.UU., ocasionando la muerte de decenas de personas.<\/p>\n<p dir=\"ltr\" class=\"css-1qucyee e17g058b0\">Washington afirma que se trata de grupos \u00abnarcoterroristas\u00bb, pero voces cr\u00edticas han catalogado esos ataques como \u00abejecuciones extrajudiciales\u00bb, al destacar que las fuerzas estadounidenses no est\u00e1n haciendo esfuerzos por detener esas embarcaciones y enjuiciar a sus ocupantes, que ha sido durante d\u00e9cadas el procedimiento usual ante las embarcaciones del narcotr\u00e1fico.<\/p>\n<p dir=\"ltr\" class=\"css-1qucyee e17g058b0\">La amplitud del despliegue militar estadounidense que adem\u00e1s del portaviones incluye destructores, submarinos, barcos anfibios, cazas F-35, helic\u00f3pteros, aviones esp\u00eda y miles de soldados, hay quienes creen que lo que Trump planea es una operaci\u00f3n para cambio de r\u00e9gimen en Venezuela.<\/p>\n<p dir=\"ltr\" class=\"css-1qucyee e17g058b0\">El mandatario estadounidense no ha dejado hasta ahora claras sus intenciones y ha enviado se\u00f1ales mixtas, dejando as\u00ed abiertas las posibilidades.<\/p>\n<p dir=\"ltr\" class=\"css-1qucyee e17g058b0\">El gobierno de Maduro, por su parte, ha dicho que ha movilizado y fortalecido sus defensas. Esto, por cierto, incluye la zona a\u00e9rea en torno a Maiquet\u00eda por ser este el principal aeropuerto del pa\u00eds y estar ubicado frente al mar Caribe, junto a una monta\u00f1a al otro lado de la cual se encuentra Caracas.<\/p>\n<p><img decoding=\"async\" src=\"https:\/\/www.europesays.com\/es\/wp-content\/uploads\/2025\/11\/70dfa7b0-c806-11f0-8c06-f5d460985095.png.webp.webp\"   alt=\"&quot;&quot;\" loading=\"lazy\" width=\"800\" height=\"100\" style=\"aspect-ratio:800 \/ 100\" class=\"css-4ejld5\"\/><\/p>\n<p dir=\"ltr\" class=\"css-1qucyee e17g058b0\"><a href=\"https:\/\/www.bbc.com\/mundo\/send\/u184973209\" class=\"focusIndicatorReducedWidth css-n8oauk e1p3sufg0\" rel=\"nofollow noopener\" target=\"_blank\">Suscr\u00edbete aqu\u00ed<\/a> a nuestro nuevo newsletter para recibir cada viernes una selecci\u00f3n de nuestro mejor contenido de la semana.<\/p>\n<p dir=\"ltr\" class=\"css-1qucyee e17g058b0\">Y recuerda que puedes recibir notificaciones en nuestra app. Descarga la \u00faltima versi\u00f3n y act\u00edvalas.<\/p>\n","protected":false},"excerpt":{"rendered":"Fuente de la imagen, Getty Images Informaci\u00f3n del art\u00edculo Autor, \u00c1ngel Berm\u00fadez T\u00edtulo del autor, BBC News Mundo&hellip;\n","protected":false},"author":2,"featured_media":250938,"comment_status":"","ping_status":"","sticky":false,"template":"","format":"standard","meta":{"footnotes":""},"categories":[5],"tags":[17,18,25,24,13,14,11,19,20,9,10,15,16,23,12,21,22],"class_list":{"0":"post-250937","1":"post","2":"type-post","3":"status-publish","4":"format-standard","5":"has-post-thumbnail","7":"category-titulares","8":"tag-breaking-news","9":"tag-breakingnews","10":"tag-es","11":"tag-espana","12":"tag-featured-news","13":"tag-featurednews","14":"tag-headlines","15":"tag-latest-news","16":"tag-latestnews","17":"tag-news","18":"tag-noticias","19":"tag-noticias-destacadas","20":"tag-noticiasdestacadas","21":"tag-spain","22":"tag-titulares","23":"tag-ultimas-noticias","24":"tag-ultimasnoticias"},"share_on_mastodon":{"url":"https:\/\/pubeurope.com\/@es\/115597589134874238","error":""},"_links":{"self":[{"href":"https:\/\/www.europesays.com\/es\/wp-json\/wp\/v2\/posts\/250937","targetHints":{"allow":["GET"]}}],"collection":[{"href":"https:\/\/www.europesays.com\/es\/wp-json\/wp\/v2\/posts"}],"about":[{"href":"https:\/\/www.europesays.com\/es\/wp-json\/wp\/v2\/types\/post"}],"author":[{"embeddable":true,"href":"https:\/\/www.europesays.com\/es\/wp-json\/wp\/v2\/users\/2"}],"replies":[{"embeddable":true,"href":"https:\/\/www.europesays.com\/es\/wp-json\/wp\/v2\/comments?post=250937"}],"version-history":[{"count":0,"href":"https:\/\/www.europesays.com\/es\/wp-json\/wp\/v2\/posts\/250937\/revisions"}],"wp:featuredmedia":[{"embeddable":true,"href":"https:\/\/www.europesays.com\/es\/wp-json\/wp\/v2\/media\/250938"}],"wp:attachment":[{"href":"https:\/\/www.europesays.com\/es\/wp-json\/wp\/v2\/media?parent=250937"}],"wp:term":[{"taxonomy":"category","embeddable":true,"href":"https:\/\/www.europesays.com\/es\/wp-json\/wp\/v2\/categories?post=250937"},{"taxonomy":"post_tag","embeddable":true,"href":"https:\/\/www.europesays.com\/es\/wp-json\/wp\/v2\/tags?post=250937"}],"curies":[{"name":"wp","href":"https:\/\/api.w.org\/{rel}","templated":true}]}}