{"id":25094,"date":"2025-08-04T13:38:09","date_gmt":"2025-08-04T13:38:09","guid":{"rendered":"https:\/\/www.europesays.com\/es\/25094\/"},"modified":"2025-08-04T13:38:09","modified_gmt":"2025-08-04T13:38:09","slug":"bidasoa-irun-super-amara-bera-bera-y-beti-onak-no-faltaran-a-su-cita-del-torneo-de-egia-eskubaloia","status":"publish","type":"post","link":"https:\/\/www.europesays.com\/es\/25094\/","title":{"rendered":"Bidasoa-Irun, Super Amara Bera Bera y Beti Onak no faltar\u00e1n a su cita del Torneo de Egia | Eskubaloia"},"content":{"rendered":"<p>        <img decoding=\"async\" alt=\"Presentaci\u00f3n de la 30\u00aa edici\u00f3n del Torneo de Egia.\" height=\"510\" loading=\"lazy\"  src=\"https:\/\/www.europesays.com\/es\/wp-content\/uploads\/2025\/08\/Egia.jpg\"  width=\"765\"\/>Presentaci\u00f3n de la 30\u00aa edici\u00f3n del Torneo de Egia. (@BIDASOA-IRUN)<\/p>\n<p>El tradicional Torneo de Egia se es una de las citas ineludibles de la pretemporada de los equipos vascos de balonmano de \u00e9lite. Este lunes se ha presentado la 30\u00aa edici\u00f3n, Eneko Goia y el concejal de Deportes, I\u00f1aki Gabarain. Han presentado un Torneo en dos tiempos, con un calendario bien repleto tanto para Bidasoa-Irun, representante vasco en el torneo masculino, como para Super Amara Bera Bera y Beti Onak en el femenino, que tambi\u00e9n se dejar\u00e1n ver por el polideportivo de Egia.<\/p>\n<p>De hecho, la Aste Nagusia de Donostia ser\u00e1 testigo del Torneo de Egia femenino, un triangular que tendr\u00e1 lugar entre los d\u00edas 12 y 14 entre Super Amara Bera Bera, Replasa Beti Onak y el conjunto riojano del Grafometal. Las de Imanol \u00c1lvarez, vigentes campeonas de la Liga, Copa y Supercopa, y el Grafometal abrir\u00e1n el fuego el d\u00eda 12 a las 18.30. Al d\u00eda siguiente ser\u00e1 el primer turno para Beti Onak \u2013actual subcampe\u00f3n copero\u2013, que se enfrentar\u00e1 al cuadro logro\u00f1\u00e9s a la misma hora, dejando el derbi vasco para el d\u00eda 14, siempre a las 18.30.<\/p>\n<p>En categor\u00eda masculina, Bidasoa-Irun defender\u00e1 el t\u00edtulo que consiguiera el a\u00f1o pasado \u2013al igual que en los a\u00f1os 2022 y 2023\u2013 en un torneo en el que el Balonmano La Rioja ser\u00e1 el otro representante de la Liga Asobal, am\u00e9n de los conjuntos de m\u00e1xima categor\u00eda de la liga francesa como son el Rennes Metropole y el Limoges.<\/p>\n<p>La escuadra de Irun se enfrentar\u00e1 al Rennes Metropole en la semifinal que se disputar\u00e1 el d\u00eda 22 a partir de las 20.00. Riojanos y el Limoges que entrena el espa\u00f1ol Alberto Entrerr\u00edos disputar\u00e1n la primera semifinal, que dar\u00e1 inicio a las 18.00. El d\u00eda 23, por su parte, se dirimir\u00e1 la pelea por la tercera plaza en primer lugar \u2013a partir de las 17.30\u2013, antes de acometer la final\u00edsima, que comenzar\u00e1 a las 19.30.<\/p>\n","protected":false},"excerpt":{"rendered":"Presentaci\u00f3n de la 30\u00aa edici\u00f3n del Torneo de Egia. (@BIDASOA-IRUN) El tradicional Torneo de Egia se es una&hellip;\n","protected":false},"author":2,"featured_media":25095,"comment_status":"","ping_status":"","sticky":false,"template":"","format":"standard","meta":{"footnotes":""},"categories":[278],"tags":[3401,376,11902,7952,2645,7716,168,14069,25,24,14068,375,7600,689,7953,23,167,3400,775,1511],"class_list":{"0":"post-25094","1":"post","2":"type-post","3":"status-publish","4":"format-standard","5":"has-post-thumbnail","7":"category-balonmano","8":"tag-amara","9":"tag-balonmano","10":"tag-bera","11":"tag-beti","12":"tag-bidasoa","13":"tag-cita","14":"tag-deportes","15":"tag-egia","16":"tag-es","17":"tag-espana","18":"tag-faltaran","19":"tag-handball","20":"tag-irun","21":"tag-no","22":"tag-onak","23":"tag-spain","24":"tag-sports","25":"tag-super","26":"tag-torneo","27":"tag-y"},"share_on_mastodon":{"url":"","error":""},"_links":{"self":[{"href":"https:\/\/www.europesays.com\/es\/wp-json\/wp\/v2\/posts\/25094","targetHints":{"allow":["GET"]}}],"collection":[{"href":"https:\/\/www.europesays.com\/es\/wp-json\/wp\/v2\/posts"}],"about":[{"href":"https:\/\/www.europesays.com\/es\/wp-json\/wp\/v2\/types\/post"}],"author":[{"embeddable":true,"href":"https:\/\/www.europesays.com\/es\/wp-json\/wp\/v2\/users\/2"}],"replies":[{"embeddable":true,"href":"https:\/\/www.europesays.com\/es\/wp-json\/wp\/v2\/comments?post=25094"}],"version-history":[{"count":0,"href":"https:\/\/www.europesays.com\/es\/wp-json\/wp\/v2\/posts\/25094\/revisions"}],"wp:featuredmedia":[{"embeddable":true,"href":"https:\/\/www.europesays.com\/es\/wp-json\/wp\/v2\/media\/25095"}],"wp:attachment":[{"href":"https:\/\/www.europesays.com\/es\/wp-json\/wp\/v2\/media?parent=25094"}],"wp:term":[{"taxonomy":"category","embeddable":true,"href":"https:\/\/www.europesays.com\/es\/wp-json\/wp\/v2\/categories?post=25094"},{"taxonomy":"post_tag","embeddable":true,"href":"https:\/\/www.europesays.com\/es\/wp-json\/wp\/v2\/tags?post=25094"}],"curies":[{"name":"wp","href":"https:\/\/api.w.org\/{rel}","templated":true}]}}