{"id":250945,"date":"2025-11-23T06:36:09","date_gmt":"2025-11-23T06:36:09","guid":{"rendered":"https:\/\/www.europesays.com\/es\/250945\/"},"modified":"2025-11-23T06:36:09","modified_gmt":"2025-11-23T06:36:09","slug":"el-museo-thyssen-bornemisza-presenta-tocar-para-ver-cinco-obras-adaptadas-a-personas-con-discapacidad-visual","status":"publish","type":"post","link":"https:\/\/www.europesays.com\/es\/250945\/","title":{"rendered":"El Museo Thyssen-Bornemisza presenta &#8216;Tocar para ver&#8217;, cinco obras adaptadas a personas con discapacidad visual"},"content":{"rendered":"<p class=\"c-paragraph\">El<b> Museo Nacional Thyssen-Bornemisza <\/b>ha presentado la exposici\u00f3n accesible con relieves de exploraci\u00f3n t\u00e1ctil &#8216;<b>Tocar para ve<\/b>r&#8217;, con una muestra de cinco obras de la colecci\u00f3n adaptadas a personas con <b>discapacidad visual<\/b>, seg\u00fan ha informado la instituci\u00f3n. Esta exposici\u00f3n se enmarca dentro del programa colaborativo junto a la Fundaci\u00f3n Iberdrola Espa\u00f1a &#8216;<b>Museo F\u00e1cil<\/b>&#8216;.<\/p>\n<p class=\"c-paragraph\">Este recorrido t\u00e1ctil se desarrolla desde el a\u00f1o 2023 por el \u00c1rea de Educaci\u00f3n. As\u00ed, cada a\u00f1o &#8216;Museo F\u00e1cil&#8217; promueve el desarrollo de diversos recursos de accesibilidad cognitiva y sensorial. Basado en la construcci\u00f3n participativa y el dise\u00f1o universal, pretende<b> fomentar la equidad en el acceso a las obras <\/b>y contenidos del museo, buscando y creando espacios, actividades y contenidos accesibles para todos.<\/p>\n<p class=\"c-paragraph\">En &#8216;Tocar para ver&#8217;, las obras est\u00e1n ubicadas junto a las originales, las reproducciones a menor escala han sido elaboradas a partir de tecnolog\u00edas y t\u00e9cnicas avanzadas de<b> modelado y relieve <\/b>que facilitan la comprensi\u00f3n de las formas y composiciones de cada cuadro. Adem\u00e1s, cada soporte incluye<b> textos en braille y c\u00f3digos &#8216;QR Navilens&#8217;<\/b>, que favorecen el acceso a contenidos de audio desde los dispositivos m\u00f3viles.<\/p>\n<p class=\"c-paragraph\">Asimismo, se han elaborado y validado los textos de las gu\u00edas de exploraci\u00f3n t\u00e1ctil, posteriormente adaptados a<b> lenguaje accesible<\/b> y disponibles en formato de lectura f\u00e1cil a trav\u00e9s de la web del museo.<\/p>\n<p class=\"c-paragraph\">Las obras seleccionadas en &#8216;Tocar para ver&#8217; abarcan distintos periodos cronol\u00f3gicos y estilos art\u00edsticos. En concreto son &#8216;D\u00edptico de la Anunciaci\u00f3n&#8217;, de Jan van Eyck; La sala del concejo del Ayuntamiento de \u00c1msterda, de Pieter Hendricksz. de Hooch; &#8216;Les Vessenots en Auvers&#8217;, de Vincent van Gogh; &#8216;El espejo psiqu\u00e9&#8217;, de Berthe Morisot; y &#8216;El fumador&#8217; (Frank Haviland), de Juan Gris.<\/p>\n<p class=\"c-paragraph\">Adem\u00e1s, en el proyecto han participado algunas entidades como la Asociaci\u00f3n Madrile\u00f1a de Espina B\u00edfida, Fundaci\u00f3n AM\u00c1S, los Centros de Mayores de Puente de Vallecas y un equipo de personas con <a href=\"https:\/\/www.20minutos.es\/tags\/temas\/discapacidad.html\" title=\"Discapacidad\" target=\"_blank\" rel=\"nofollow noopener\">discapacidad<\/a> visual con experiencia en evaluaci\u00f3n y validaci\u00f3n de materiales t\u00e1ctiles. Tambi\u00e9n han participado voluntarios de diferentes entidades, as\u00ed como personas que, con o sin discapacidad, cuentan con una gran experiencia en <a href=\"https:\/\/www.20minutos.es\/tags\/temas\/accesibilidad.html\" title=\"Accesibilidad\" target=\"_blank\" rel=\"nofollow noopener\">accesibilidad<\/a>.<\/p>\n<p class=\"c-paragraph\">En cuanto a la realizaci\u00f3n y dise\u00f1o de los relieves ha sido desarrollada por Estudios Durero, mientras que el dise\u00f1o y creaci\u00f3n de los soportes la ha realizado Dime Museos, la locuci\u00f3n y traducci\u00f3n por Altalingua y el dise\u00f1o e impresi\u00f3n de las cartelas por Gratex.<\/p>\n<p class=\"c-paragraph\">El director gerente del Museo Thyssen-Bornemisza, Evelio Acevedo, ha asegurado que \u00abes muy satisfactorio presentar un a\u00f1o m\u00e1s los resultados de esta colaboraci\u00f3n con la Fundaci\u00f3n Iberdrola, trabajando juntos por garantizar el derecho universal a la cultura y procurando la participaci\u00f3n activa de todo tipo de p\u00fablicos\u00bb. \u00abDesde el museo hacemos de la cultura una energ\u00eda vital que transforma la vida de las personas, genera cohesi\u00f3n entre ellas y facilita la <b>inclusi\u00f3n social<\/b>\u00ab, ha a\u00f1adido.<\/p>\n<p class=\"c-paragraph\">Por su parte, el director de la Fundaci\u00f3n Iberdrola, Ram\u00f3n Castresana, ha se\u00f1alado que \u00abeste es un proyecto de gran inter\u00e9s e importancia para la fundaci\u00f3n, ya que la accesibilidad a los museos es fundamental para que todos los ciudadanos puedan <b>disfrutar del arte sin fronteras<\/b>\u00ab.<\/p>\n<p class=\"c-paragraph\">\u00abDesde la fundaci\u00f3n consideramos que la tecnolog\u00eda es fundamental para este este tipo de proyectos donde el arte se pueda tocar. Creemos, firmemente, que<b> los museos son patrimonio de todos<\/b>, por ello deben ser inclusivos, donde todos podamos participar y disfrutar del mundo del arte\u00bb, ha concluido.<\/p>\n","protected":false},"excerpt":{"rendered":"El Museo Nacional Thyssen-Bornemisza ha presentado la exposici\u00f3n accesible con relieves de exploraci\u00f3n t\u00e1ctil &#8216;Tocar para ver&#8217;, con&hellip;\n","protected":false},"author":2,"featured_media":250946,"comment_status":"","ping_status":"","sticky":false,"template":"","format":"standard","meta":{"footnotes":""},"categories":[173],"tags":[229,233,231,230,26219,232,234,146,147,25,24,23],"class_list":{"0":"post-250945","1":"post","2":"type-post","3":"status-publish","4":"format-standard","5":"has-post-thumbnail","7":"category-arte-y-diseno","8":"tag-arte","9":"tag-arte-y-diseno","10":"tag-arts","11":"tag-arts-and-design","12":"tag-capaces","13":"tag-design","14":"tag-diseno","15":"tag-entertainment","16":"tag-entretenimiento","17":"tag-es","18":"tag-espana","19":"tag-spain"},"share_on_mastodon":{"url":"https:\/\/pubeurope.com\/@es\/115597632072952933","error":""},"_links":{"self":[{"href":"https:\/\/www.europesays.com\/es\/wp-json\/wp\/v2\/posts\/250945","targetHints":{"allow":["GET"]}}],"collection":[{"href":"https:\/\/www.europesays.com\/es\/wp-json\/wp\/v2\/posts"}],"about":[{"href":"https:\/\/www.europesays.com\/es\/wp-json\/wp\/v2\/types\/post"}],"author":[{"embeddable":true,"href":"https:\/\/www.europesays.com\/es\/wp-json\/wp\/v2\/users\/2"}],"replies":[{"embeddable":true,"href":"https:\/\/www.europesays.com\/es\/wp-json\/wp\/v2\/comments?post=250945"}],"version-history":[{"count":0,"href":"https:\/\/www.europesays.com\/es\/wp-json\/wp\/v2\/posts\/250945\/revisions"}],"wp:featuredmedia":[{"embeddable":true,"href":"https:\/\/www.europesays.com\/es\/wp-json\/wp\/v2\/media\/250946"}],"wp:attachment":[{"href":"https:\/\/www.europesays.com\/es\/wp-json\/wp\/v2\/media?parent=250945"}],"wp:term":[{"taxonomy":"category","embeddable":true,"href":"https:\/\/www.europesays.com\/es\/wp-json\/wp\/v2\/categories?post=250945"},{"taxonomy":"post_tag","embeddable":true,"href":"https:\/\/www.europesays.com\/es\/wp-json\/wp\/v2\/tags?post=250945"}],"curies":[{"name":"wp","href":"https:\/\/api.w.org\/{rel}","templated":true}]}}