{"id":250947,"date":"2025-11-23T06:38:26","date_gmt":"2025-11-23T06:38:26","guid":{"rendered":"https:\/\/www.europesays.com\/es\/250947\/"},"modified":"2025-11-23T06:38:26","modified_gmt":"2025-11-23T06:38:26","slug":"miguel-tellado-arremete-contra-silvia-intxaurrondo-y-la-cadena-en-directo","status":"publish","type":"post","link":"https:\/\/www.europesays.com\/es\/250947\/","title":{"rendered":"Miguel Tellado arremete contra Silvia Intxaurrondo y la cadena en directo"},"content":{"rendered":"<p>En el programa matinal La Hora de La 1 de TVE, el secretario general del Partido Popular, <strong data-start=\"311\" data-end=\"329\"><a href=\"https:\/\/www.ultimahora.es\/etiqueta\/Miguel+Tellado.html?utm_source=Inline-tag&amp;utm_medium=internal\" rel=\"nofollow noopener\" target=\"_blank\">Miguel Tellado<\/a><\/strong>, ha protagonizado un tenso enfrentamiento con la presentadora <strong data-start=\"381\" data-end=\"404\">Silvia Intxaurrondo. <\/strong>El fuerte desencuentro se ha desencadenado tras la condena del fiscal general del Estado, \u00c1lvaro Garc\u00eda Ortiz, por revelaci\u00f3n de secretos.<\/p>\n<p>Tellado ha calificado esta situaci\u00f3n como una <strong>\u00abgravedad tremenda\u00bb y la ha vinculado directamente<\/strong> al Gobierno de Pedro S\u00e1nchez, al que ha acusado de respaldar al fiscal hasta el final. El momento m\u00e1s pol\u00e9mico ha llegado cuando el dirigente del PP ha criticado duramente a <a href=\"https:\/\/www.ultimahora.es\/etiqueta\/RTVE.html?utm_source=Inline-tag&amp;utm_medium=internal\" rel=\"nofollow noopener\" target=\"_blank\">RTVE<\/a>. \u00abMe preocupa enormemente que, desde una cadena p\u00fablica, pagada con los impuestos de todos los espa\u00f1oles, se hable de golpismo judicial\u00bb, ha indicado. Para \u00e9l, este tipo de discurso supone una <strong>\u00abutilizaci\u00f3n pol\u00edtica de los medios p\u00fablicos\u00bb<\/strong> y ha advertido que <strong>\u00abesto no puede suceder en democracia\u00bb.<\/strong><\/p>\n<blockquote class=\"twitter-tweet\"><p>&#13;<\/p>\n<p>\u203c\ufe0fEntrevista completa del BRUTAL enfrentamiento entre la servidora n\u00famero 1 del PSOE Silvia Intxaurrondo y Miguel Tellado (PP) donde han habido acusaciones de \u00abmanipulaci\u00f3n en RTVE, se ha tocado el machismo institucional, etc&#8230; HAY QUE VERLO\ud83d\udc47\ud83d\udd25\ud83d\udd01<br \/><a href=\"https:\/\/t.co\/IIt53pJeZS\" rel=\"nofollow\">pic.twitter.com\/IIt53pJeZS<\/a><\/p>\n<p>&#13;<br \/>\n\u2014 A PIE DE CALLE (@apiede_calle) <a href=\"https:\/\/twitter.com\/apiede_calle\/status\/1991922680560492544?ref_src=twsrc%5Etfw\" rel=\"nofollow noopener\" target=\"_blank\">November 21, 2025<\/a>\n<\/p><\/blockquote>\n<p>Intxaurrondo, por su parte, ha negado haber utilizado expresiones<strong> como \u00abgolpismo judicial\u00bb durante el programa y ha defendido su independencia como periodista.<\/strong> Sin embargo, Tellado le ha recordado que la periodista firm\u00f3 en 2024 un manifiesto contra el <strong>\u00abgolpismo judicial y medi\u00e1tico\u00bb.<\/strong> La situaci\u00f3n se ha vuelto a tensar cuando la presentadora ha planteado si el PP controlaba \u00abpor detr\u00e1s la Sala Segunda del Tribunal Supremo\u00bb, en referencia a unas pol\u00e9micas declaraciones del exsenador Ignacio Cosid\u00f3 en 2018. El pol\u00edtico ha negado la acusaci\u00f3n y ha calificado las sugerencias como \u00abuna manipulaci\u00f3n de primer nivel\u00bb.<\/p>\n<p>Por \u00faltimo, la periodista ha preguntado por la pareja de Isabel D\u00edaz Ayuso, en relaci\u00f3n con un presunto delito fiscal. Tellado ha tildado<strong> la pregunta de \u00abmachista\u00bb y ha defendido que la pareja de la presidenta debe ser tratada \u00abcomo un ciudadano particular\u00bb<\/strong>. La presentadora ha respondido con iron\u00eda y le ha agradecido \u00abde nuevo su defensa hacia las mujeres\u00bb.<\/p>\n<p>                        <script async src=\"https:\/\/platform.twitter.com\/widgets.js\" charset=\"utf-8\"><\/script><\/p>\n","protected":false},"excerpt":{"rendered":"En el programa matinal La Hora de La 1 de TVE, el secretario general del Partido Popular, Miguel&hellip;\n","protected":false},"author":2,"featured_media":250948,"comment_status":"","ping_status":"","sticky":false,"template":"","format":"standard","meta":{"footnotes":""},"categories":[171],"tags":[9261,5162,146,147,25,24,4375,12643,15508,518,23,807,8487,214],"class_list":{"0":"post-250947","1":"post","2":"type-post","3":"status-publish","4":"format-standard","5":"has-post-thumbnail","7":"category-tv","8":"tag-bronca","9":"tag-enfrentamientos","10":"tag-entertainment","11":"tag-entretenimiento","12":"tag-es","13":"tag-espana","14":"tag-miguel-tellado","15":"tag-noticias-interesantes","16":"tag-programa-de-television","17":"tag-rtve","18":"tag-spain","19":"tag-television","20":"tag-tension","21":"tag-tv"},"share_on_mastodon":{"url":"https:\/\/pubeurope.com\/@es\/115597639885365150","error":""},"_links":{"self":[{"href":"https:\/\/www.europesays.com\/es\/wp-json\/wp\/v2\/posts\/250947","targetHints":{"allow":["GET"]}}],"collection":[{"href":"https:\/\/www.europesays.com\/es\/wp-json\/wp\/v2\/posts"}],"about":[{"href":"https:\/\/www.europesays.com\/es\/wp-json\/wp\/v2\/types\/post"}],"author":[{"embeddable":true,"href":"https:\/\/www.europesays.com\/es\/wp-json\/wp\/v2\/users\/2"}],"replies":[{"embeddable":true,"href":"https:\/\/www.europesays.com\/es\/wp-json\/wp\/v2\/comments?post=250947"}],"version-history":[{"count":0,"href":"https:\/\/www.europesays.com\/es\/wp-json\/wp\/v2\/posts\/250947\/revisions"}],"wp:featuredmedia":[{"embeddable":true,"href":"https:\/\/www.europesays.com\/es\/wp-json\/wp\/v2\/media\/250948"}],"wp:attachment":[{"href":"https:\/\/www.europesays.com\/es\/wp-json\/wp\/v2\/media?parent=250947"}],"wp:term":[{"taxonomy":"category","embeddable":true,"href":"https:\/\/www.europesays.com\/es\/wp-json\/wp\/v2\/categories?post=250947"},{"taxonomy":"post_tag","embeddable":true,"href":"https:\/\/www.europesays.com\/es\/wp-json\/wp\/v2\/tags?post=250947"}],"curies":[{"name":"wp","href":"https:\/\/api.w.org\/{rel}","templated":true}]}}