{"id":250956,"date":"2025-11-23T06:47:09","date_gmt":"2025-11-23T06:47:09","guid":{"rendered":"https:\/\/www.europesays.com\/es\/250956\/"},"modified":"2025-11-23T06:47:09","modified_gmt":"2025-11-23T06:47:09","slug":"delegacion-del-gobierno-multara-a-la-falange-por-las-proclamas-racistas-y-homofobas-en-su-marcha-de-madrid","status":"publish","type":"post","link":"https:\/\/www.europesays.com\/es\/250956\/","title":{"rendered":"Delegaci\u00f3n del Gobierno multar\u00e1 a la Falange por las proclamas \u00abracistas\u00bb y \u00abhom\u00f3fobas\u00bb en su marcha de Madrid"},"content":{"rendered":"<p class=\"article-text\">\n        La Delegaci\u00f3n del Gobierno en Madrid ha anunciado la incoaci\u00f3n de sanciones ante las proclamas \u201cracistas y antidemocr\u00e1ticas\u201d vertidas este viernes durante la marcha de Falange por las calles de Madrid bajo el lema &#8216;Contra el genocidio del 78: en defensa de nuestra naci\u00f3n y de nuestro pueblo&#8217;.\n    <\/p>\n<p class=\"article-text\">\n        En declaraciones a los medios, el delegado del Gobierno, Francisco Mart\u00edn, ha apuntado que se activar\u00e1n las sanciones que prev\u00e9 la ley ante unos \u201cmensajes racistas, mensajes xen\u00f3fobos, mensajes hom\u00f3fobos y tambi\u00e9n amenazas de muerte\u201d que se escucharon durante la marcha que \u201cson absolutamente intolerables\u201d y \u201cconstituyen posibles delitos de odio\u201d.\n    <\/p>\n<p class=\"article-text\">\n        En concreto, la Delegaci\u00f3n del Gobierno en Madrid ha iniciado el estudio de sanciones a los organizadores al amparo del art\u00edculo 10 de la Ley de Memoria Democr\u00e1tica, que proh\u00edbe y sanciona los actos y expresiones que ensalcen la dictadura o inciten al odio. Asimismo, ha apuntado que se est\u00e1n analizando las responsabilidades que pudieran derivarse conforme al C\u00f3digo Penal, en particular por posibles delitos de odio o amenazas, dando traslado de los hechos a las autoridades competentes si procede.\n    <\/p>\n<p class=\"article-text\">\n        Seg\u00fan apuntan fuentes de este departamento, se trata de mensajes de \u201cextrema gravedad\u201d, \u201cabiertamente racistas y antidemocr\u00e1ticos\u201d y que incluyeron \u201camenazas de muerte\u201d, explicas desde delegaci\u00f3n en declaraciones recogidas por Europa Press.\n    <\/p>\n<p class=\"article-text\">\n        La manifestaci\u00f3n, <a href=\"https:\/\/www.eldiario.es\/madrid\/somos\/delegacion-gobierno-prohibe-manifestacion-convocada-falange-viernes-final-ferraz_1_12778813.html\" data-mrf-recirculation=\"links-noticia\" class=\"link\" rel=\"nofollow noopener\" target=\"_blank\">inicialmente prohibida por la Delegaci\u00f3n del Gobierno en Madrid<\/a> a mediados de semana, fue posteriormente recurrida por Falange y finalmente autorizada este viernes por el Tribunal Superior de Justicia de Madrid (TSJM).\n    <\/p>\n<p class=\"article-text\">\n        Una marcha que reuni\u00f3 a cientos de personas &#8211;unas 700, seg\u00fan la Delegaci\u00f3n del Gobierno en Madrid&#8211; bajo el lema &#8216;Contra el genocidio del 78: en defensa de nuestra naci\u00f3n y de nuestro pueblo&#8217;. Se realiz\u00f3 justo el d\u00eda despu\u00e9s del 50 aniversario del 20 de noviembre de 1975, fecha marcada por la muerte del dictador Francisco Franco y que abri\u00f3 el periodo pol\u00edtico que culmin\u00f3 con la Constituci\u00f3n de 1978.\n    <\/p>\n<p class=\"article-text\">\n        \u201cPor las v\u00edctimas de la dana; por las v\u00edctimas de la gesti\u00f3n sanitaria; por las v\u00edctimas de la violencia inmigrante; por las v\u00edctimas del terrorismo; por las v\u00edctimas del aborto y la eutanasia; y por las v\u00edctimas en accidentes de trabajo\u201d, rezaba la convocatoria en &#8216;X&#8217; de La Falange.\n    <\/p>\n<p class=\"article-text\">\n        La concentraci\u00f3n se inici\u00f3 a las 21.00 horas en las inmediaciones de la calle G\u00e9nova, 24, cerca de la sede nacional del PP. Tras recorrer la calle Sagasta, la calle de Carranza, la calle Alberto Aguilera y la calle Marqu\u00e9s de Urquijo, los manifestantes se aproximaron a la calle Ferraz, junto a la sede federal del PSOE.\n    <\/p>\n<p class=\"article-text\">\n        A lo largo del recorrido los manifestantes realizaron el saludo fascista, portaron banderas preconstitucionales y corearon c\u00e1nticos ensalzando la figura del fundador de la Falange, Jos\u00e9 Antonio Primo de Rivera, adem\u00e1s de otras consignas como \u201cesta es la juventud de Espa\u00f1a\u201d; \u201cpatria, justicia y revoluci\u00f3n\u201d; \u201cArriba Espa\u00f1a\u201d o \u201cunidad nacional\u201d.\n    <\/p>\n<p class=\"article-text\">\n        Una vez en las inmediaciones de la sede socialista, profirieron gritos como \u201cno es una sede, es un puticlub\u201d y \u201cPedro S\u00e1nchez, hijo de puta\u201d, entre otros c\u00e1nticos.\n    <\/p>\n<p>    Una manifestaci\u00f3n prohibida y despu\u00e9s autorizada<\/p>\n<p class=\"article-text\">\n        La protesta se llev\u00f3 a cabo despu\u00e9s de que <a href=\"https:\/\/www.eldiario.es\/politica\/justicia-madrilena-autoriza-acto-falange-20n-anula-prohibicion-delegacion-gobierno_1_12786711.html\" data-mrf-recirculation=\"links-noticia\" class=\"link\" rel=\"nofollow noopener\" target=\"_blank\">el TSJM autorizara el viernes su celebraci\u00f3n<\/a>, que inicialmente hab\u00eda sido denegada por la Delegaci\u00f3n del Gobierno en Madrid debido a que la fase final de la manifestaci\u00f3n en la calle Ferraz representaba el punto de \u201cmayor vulnerabilidad\u201d.\n    <\/p>\n<p class=\"article-text\">\n        \u201cLa carga pol\u00edtica del enclave, su exposici\u00f3n medi\u00e1tica y la reiteraci\u00f3n de concentraciones ideol\u00f3gicas\u201d en el mismo espacio lo convierten en un escenario donde confluyen factores simb\u00f3licos y emocionales susceptibles de atraer \u201ca terceros con agendas distintas\u201d, desgran\u00f3 el escrito emitido este martes por la Jefatura Superior de Polic\u00eda de Madrid.\n    <\/p>\n<p class=\"article-text\">\n        Falange, sin embargo, recurri\u00f3 la prohibici\u00f3n ante el TSJM, que lo ha estimado al considerar que la decisi\u00f3n de la Delegaci\u00f3n \u201cno es conforme a derecho\u201d y se basa en la mera posibilidad futura e incierta de que se produjeran conductas contrarias a la Ley de Memoria Democr\u00e1tica o al C\u00f3digo Penal.\n    <\/p>\n<p class=\"article-text\">\n        Se\u00f1al\u00f3 adem\u00e1s que \u201cesas conjeturas no constituyen razones fundadas para restringir el derecho de reuni\u00f3n seg\u00fan la ley y la jurisprudencia\u201d, a\u00f1adiendo que si durante la marcha se incumple la normativa, existen medidas legales para actuar &#8216;expost&#8217;, pero no puede prohibirse una manifestaci\u00f3n por anticipar hipot\u00e9ticos riesgos.\n    <\/p>\n<p>    \u00d3scar L\u00f3pez pide condenar los gritos de \u201ctiro en la nuca\u201d a S\u00e1nchez<\/p>\n<p class=\"article-text\">\n        El secretario general de los socialistas de Madrid, \u00d3scar L\u00f3pez, \u00d3scar L\u00f3pez exige a la Justicia que condene a quienes pidieron \u201cun tiro en la nuca\u201d a S\u00e1nchez en el acto de Falange. \u201cAyer volvimos a ver a los del brazo en alto manifest\u00e1ndose por las calles de Madrid. No fueron autorizadas por la Delegaci\u00f3n, pero s\u00ed por el TSJ despu\u00e9s de un recurso de Falange\u201d, ha comenzado el socialista madrile\u00f1o.\n    <\/p>\n<p>    <a href=\"https:\/\/www.eldiario.es\/madrid\/somos\/oscar-lopez-pide-justicia-condene-pidieron-tiro-nuca-sanchez-acto-falange_1_12789258.html\" data-mrf-recirculation=\"saber-mas-abajo\" data-dl-event=\"saber-mas-abajo\" rel=\"nofollow noopener\" target=\"_blank\"><\/p>\n<p class=\"know-more__title\">\u00d3scar L\u00f3pez exige a la Justicia que condene a quienes pidieron \u201cun tiro en la nuca\u201d a S\u00e1nchez en el acto de Falange<\/p>\n<p>            <img decoding=\"async\" class=\"lazy\" loading=\"lazy\" data-src=\"https:\/\/static.eldiario.es\/clip\/c2f922a2-acd4-4e0e-ab14-d9f7725bfaf5_16-9-aspect-ratio_default_0.jpg\" src=\"data:image\/svg+xml,%3Csvg xmlns=\" http:=\"\" viewbox=\"0 0 880 495\" alt=\"\u00d3scar L\u00f3pez exige a la Justicia que condene a quienes pidieron &quot;un tiro en la nuca&quot; a S\u00e1nchez en el acto de Falange\"\/><\/p>\n<p>                        <\/a><\/p>\n<p class=\"article-text\">\n        El tambi\u00e9n ministro para la Transformaci\u00f3n Digital y de la Funci\u00f3n P\u00fablica <a href=\"https:\/\/www.eldiario.es\/madrid\/somos\/oscar-lopez-pide-justicia-condene-pidieron-tiro-nuca-sanchez-acto-falange_1_12789258.html\" data-mrf-recirculation=\"links-noticia\" class=\"link\" rel=\"nofollow noopener\" target=\"_blank\">ha cargado contra el acto de la extrema derecha<\/a> y ha pedido tambi\u00e9n ha exigido \u201cdos cosas\u201d: que Feij\u00f3o condene los gritos y que la Justicia \u201ccondene ahora a quienes ayer gritaron pidiendo un tiro en la nuca\u201d. \u201cDespu\u00e9s de ver las im\u00e1genes que vimos anoche\u201d, ha continuado L\u00f3pez, \u201cni un paso atr\u00e1s\u201d.\n    <\/p>\n<p class=\"article-text\">Recibe las noticias m\u00e1s importantes de Madrid con un bolet\u00edn escrito para ti, todos los viernes en tu correo. <a href=\"https:\/\/www.eldiario.es\/madrid\/somos\/boletin\/\" rel=\"nofollow noopener\" target=\"_blank\">Ap\u00fantate aqu\u00ed<\/a> y rec\u00edbelas junto a los mejores planes para el fin de semana. Tambi\u00e9n puedes seguirnos desde tu red social preferida, en <a href=\"https:\/\/www.facebook.com\/diariosomosmadrid\/\" target=\"_blank\" rel=\"nofollow noopener\">Facebook<\/a>, <a href=\"https:\/\/bsky.app\/profile\/somosmadrid.bsky.social\" target=\"_blank\" rel=\"nofollow noopener\">Bluesky<\/a> o <a href=\"https:\/\/www.instagram.com\/somos.madrid\/\" target=\"_blank\" rel=\"nofollow noopener\">Instagram<\/a><\/p>\n<p>                                    <script async src=\"\/\/www.instagram.com\/embed.js\"><\/script><\/p>\n","protected":false},"excerpt":{"rendered":"La Delegaci\u00f3n del Gobierno en Madrid ha anunciado la incoaci\u00f3n de sanciones ante las proclamas \u201cracistas y antidemocr\u00e1ticas\u201d&hellip;\n","protected":false},"author":2,"featured_media":250957,"comment_status":"","ping_status":"","sticky":false,"template":"","format":"standard","meta":{"footnotes":""},"categories":[8],"tags":[17,18,29973,25,24,49756,13,14,582,11,63568,19,20,205,3402,63566,9,10,15,16,37998,63567,23,12,21,22],"class_list":{"0":"post-250956","1":"post","2":"type-post","3":"status-publish","4":"format-standard","5":"has-post-thumbnail","7":"category-espana","8":"tag-breaking-news","9":"tag-breakingnews","10":"tag-delegacion","11":"tag-es","12":"tag-espana","13":"tag-falange","14":"tag-featured-news","15":"tag-featurednews","16":"tag-gobierno","17":"tag-headlines","18":"tag-homofobas","19":"tag-latest-news","20":"tag-latestnews","21":"tag-madrid","22":"tag-marcha","23":"tag-multara","24":"tag-news","25":"tag-noticias","26":"tag-noticias-destacadas","27":"tag-noticiasdestacadas","28":"tag-proclamas","29":"tag-racistas","30":"tag-spain","31":"tag-titulares","32":"tag-ultimas-noticias","33":"tag-ultimasnoticias"},"share_on_mastodon":{"url":"https:\/\/pubeurope.com\/@es\/115597675428523881","error":""},"_links":{"self":[{"href":"https:\/\/www.europesays.com\/es\/wp-json\/wp\/v2\/posts\/250956","targetHints":{"allow":["GET"]}}],"collection":[{"href":"https:\/\/www.europesays.com\/es\/wp-json\/wp\/v2\/posts"}],"about":[{"href":"https:\/\/www.europesays.com\/es\/wp-json\/wp\/v2\/types\/post"}],"author":[{"embeddable":true,"href":"https:\/\/www.europesays.com\/es\/wp-json\/wp\/v2\/users\/2"}],"replies":[{"embeddable":true,"href":"https:\/\/www.europesays.com\/es\/wp-json\/wp\/v2\/comments?post=250956"}],"version-history":[{"count":0,"href":"https:\/\/www.europesays.com\/es\/wp-json\/wp\/v2\/posts\/250956\/revisions"}],"wp:featuredmedia":[{"embeddable":true,"href":"https:\/\/www.europesays.com\/es\/wp-json\/wp\/v2\/media\/250957"}],"wp:attachment":[{"href":"https:\/\/www.europesays.com\/es\/wp-json\/wp\/v2\/media?parent=250956"}],"wp:term":[{"taxonomy":"category","embeddable":true,"href":"https:\/\/www.europesays.com\/es\/wp-json\/wp\/v2\/categories?post=250956"},{"taxonomy":"post_tag","embeddable":true,"href":"https:\/\/www.europesays.com\/es\/wp-json\/wp\/v2\/tags?post=250956"}],"curies":[{"name":"wp","href":"https:\/\/api.w.org\/{rel}","templated":true}]}}