{"id":250958,"date":"2025-11-23T06:48:16","date_gmt":"2025-11-23T06:48:16","guid":{"rendered":"https:\/\/www.europesays.com\/es\/250958\/"},"modified":"2025-11-23T06:48:16","modified_gmt":"2025-11-23T06:48:16","slug":"la-espana-currante-sigue-con-su-gesta-elimina-a-alemania-y-jugara-la-final-de-la-copa-davis-ante-italia-el-mundo","status":"publish","type":"post","link":"https:\/\/www.europesays.com\/es\/250958\/","title":{"rendered":"La Espa\u00f1a currante sigue con su gesta: elimina a Alemania y jugar\u00e1 la final de la Copa Davis ante Italia &#8211; El Mundo"},"content":{"rendered":"<ol>\n<li><a href=\"https:\/\/news.google.com\/rss\/articles\/CBMikwFBVV95cUxQbV9aQVpKaXNFbERCTXZUdzdXMlptLVZ1S2VYYmdZVEctMnhfM2txaGdzOVQ1RXBINU1BTjJfM1BBa2YwUHhfVHB5VEJuTjlKXzRsVlZjMFlNYkJMOE1OUDZrd1luNmg4SzVfT0QwTnBlNXFFZjl1QW84LVE4eFhhSEdELUZlcU5hOGloN1dBNENGUVXSAZMBQVVfeXFMTWhBZVFvNzZONjA5c1hqdm1wNFQ1Y3E4T2ttWmo3YXVoWmtJWVdBc01CeUN2QVhfZU1tUlRJR0czS3hXVllKMVZuZ0pmRmRSdzZVN28yNFBXZloxTVZjLWR6cHo3dkFHWGJsRUxJRUNNM2xWM1VmRDZsM1pySlMxWFVWVzZZS21VLXY0QWtvdloxWjBR?oc=5\" target=\"_blank\" rel=\"nofollow noopener\">La Espa\u00f1a currante sigue con su gesta: elimina a Alemania y jugar\u00e1 la final de la Copa Davis ante Italia<\/a>&nbsp;&nbsp;El Mundo<\/li>\n<li><a href=\"https:\/\/news.google.com\/rss\/articles\/CBMikwFBVV95cUxPVzZiMW5KMVZCN2VWcFdoa2xnTjZYMWRfMmdmZ01Yc25GWTYxLVFTc255RW5DWEc0aDlrVE9GeVY1MGxlNHdtaHJzYUs5T28wVDcwTUFyY3JaLTFlUkVLRE1IcWV0R2FUQzVhWHdhQ2ZrWkNfelBnZGcwMXA0QXJxdTFxaGVCNERGXzBObjNSajBtOFXSAZMBQVVfeXFMTk5YYkdJRnExcWRDc2R0T0wzVndtOWpISldKb0NsQktFX0FKWmVDS3hlbUJ0V0VHRW96eV9BYmowcHd1Tlp0X1dMZFFzVnU1bkktd1pZNHM4bVRqQkF2UWNNMzJiZkN2WXhQM25La3VBaUtGbzJKWjZtdjVPd2x3UUJ3UlJELTYxSV9pbkdMeUZ3alcw?oc=5\" target=\"_blank\" rel=\"nofollow noopener\">El c\u00e1ntico de Mar del Plata, las vacaciones de Carre\u00f1o y la orden de Ferrer: las claves de la gesta de la \u00abEspa\u00f1a del pueblo\u00bb en la Davis<\/a>&nbsp;&nbsp;El Mundo<\/li>\n<li><a href=\"https:\/\/news.google.com\/rss\/articles\/CBMipgFBVV95cUxNR3dnSElOWm9sN2p6ZEpHZ0taLWdQSHVfMWUyX2hKOWtVWnBPUDdaRFBNaThlbGw4Tllma1d1cmZjZ0J3MHdFVDl0U05sOXhqZS1VRUNiUlMxaTFCQlUtLWxCd0lSZTlaRUNaelA1N1RnM0lkMTkyWU94R29TMU55V1M5TGo3X3czazdSVkVCN0s0VzdiX0xXRnM3N3FlM3pkZzVXZ1Z30gG6AUFVX3lxTE41clY2dkR6SWI0dUVvcUdOQ1FSd204YWFwN0l1RjduVjI2elgwN2VFb0h3anpvZzQ3LTBzcFN6VkZjbGI5c21oS3pHSlNQZTRSNnMweEp6d0dNVjVWVmt5TmRPX1FoeWd5Z05fZ3J2cUJmdlp6N01qa1Vick8xdko2YmltS205LXVsTnktVXgyZTlmNXpUNWVGeDZQNXhkOUJFN1lqbUJEM0xjcHliQlRBNEJkd2ctMlQ5dw?oc=5\" target=\"_blank\" rel=\"nofollow noopener\">Espa\u00f1a se juega la Davis con una \u2018Italia B\u2019 que tambi\u00e9n asusta<\/a>&nbsp;&nbsp;Diario AS<\/li>\n<li><a href=\"https:\/\/news.google.com\/rss\/articles\/CBMirwFBVV95cUxPQ254TDB3OFl2ajRvZVE4MWR0SkNBVXRfeEN5cjRDbGh1SmdReDA2R2NXOEl4NGxfX2liOXN0Vk12WW1zZWExdEYtUFZNN0pSUEFjT1JGNzlUbFVKelhNNWlYY0xpeFFnR2ZHa1FxMGl6Si1KbVJCWWMzMWpmU2pUX21tVDBxYWdvb2JjbmtCemR0SUpBUXM4ZFBKcmVvNFJ1aUgzc1dmWlo1ejh0R3dJ0gGvAUFVX3lxTE9BeXJYeE1yV191MXJoNVdJNEllMmthWEFxX2tGVkttcjZHcXdqR3o4ZlFENTdwck5yYzh2OGtPeXYxVEtQQjJuUHJsaXNoYVcydlRLYzAtSzlKWlhKeEh6b2JNVmFfTGU2RDZFXzNoY05yMUdJTXpvMlk0NkFhUFFMaWNrSnFtQ1YzWmExbDJxaGlNZ0NXeDhPcDJjTE5OaDM5WGhhTGtDZUFFd1lrb3c?oc=5\" target=\"_blank\" rel=\"nofollow noopener\">Granollers y Pedro Mart\u00ednez meten a Espa\u00f1a en la final de la Copa Davis<\/a>&nbsp;&nbsp;MARCA<\/li>\n<li><a href=\"https:\/\/news.google.com\/rss\/articles\/CBMipAFBVV95cUxPXy1RdGNrYVNRcDBsakZEaFRaWjI1QXlIRXFxZzBCSHlCb3ZpckhTbWFGY0FuRy1ra1hqR3NLamFEUDIweE9HNFFyc2cyWjhQR3JndXQ5dmkxUEhFYUNVdHV6S256Y3VITTRLOVY0ekdhMTQzeTZBNmFHVXJnMVZuc1JCZHVpQjUyUjVWSU1MSGszWWlqa2N1cVh4OXF6bEZiZmQ4Vw?oc=5\" target=\"_blank\" rel=\"nofollow noopener\">Espa\u00f1a firma otra gesta y jugar\u00e1 ante Italia por su s\u00e9ptima Ensaladera<\/a>&nbsp;&nbsp;ABC<\/li>\n<\/ol>\n","protected":false},"excerpt":{"rendered":"La Espa\u00f1a currante sigue con su gesta: elimina a Alemania y jugar\u00e1 la final de la Copa Davis&hellip;\n","protected":false},"author":2,"featured_media":250959,"comment_status":"","ping_status":"","sticky":false,"template":"","format":"standard","meta":{"footnotes":""},"categories":[5],"tags":[17,18,13877,62917,25,24,13,14,11,19,20,9,10,15,16,23,327,12,21,22],"class_list":{"0":"post-250958","1":"post","2":"type-post","3":"status-publish","4":"format-standard","5":"has-post-thumbnail","7":"category-titulares","8":"tag-breaking-news","9":"tag-breakingnews","10":"tag-copa-davis","11":"tag-deportes-tenis-copa-davis","12":"tag-es","13":"tag-espana","14":"tag-featured-news","15":"tag-featurednews","16":"tag-headlines","17":"tag-latest-news","18":"tag-latestnews","19":"tag-news","20":"tag-noticias","21":"tag-noticias-destacadas","22":"tag-noticiasdestacadas","23":"tag-spain","24":"tag-tenis","25":"tag-titulares","26":"tag-ultimas-noticias","27":"tag-ultimasnoticias"},"share_on_mastodon":{"url":"https:\/\/pubeurope.com\/@es\/115597679245820828","error":""},"_links":{"self":[{"href":"https:\/\/www.europesays.com\/es\/wp-json\/wp\/v2\/posts\/250958","targetHints":{"allow":["GET"]}}],"collection":[{"href":"https:\/\/www.europesays.com\/es\/wp-json\/wp\/v2\/posts"}],"about":[{"href":"https:\/\/www.europesays.com\/es\/wp-json\/wp\/v2\/types\/post"}],"author":[{"embeddable":true,"href":"https:\/\/www.europesays.com\/es\/wp-json\/wp\/v2\/users\/2"}],"replies":[{"embeddable":true,"href":"https:\/\/www.europesays.com\/es\/wp-json\/wp\/v2\/comments?post=250958"}],"version-history":[{"count":0,"href":"https:\/\/www.europesays.com\/es\/wp-json\/wp\/v2\/posts\/250958\/revisions"}],"wp:featuredmedia":[{"embeddable":true,"href":"https:\/\/www.europesays.com\/es\/wp-json\/wp\/v2\/media\/250959"}],"wp:attachment":[{"href":"https:\/\/www.europesays.com\/es\/wp-json\/wp\/v2\/media?parent=250958"}],"wp:term":[{"taxonomy":"category","embeddable":true,"href":"https:\/\/www.europesays.com\/es\/wp-json\/wp\/v2\/categories?post=250958"},{"taxonomy":"post_tag","embeddable":true,"href":"https:\/\/www.europesays.com\/es\/wp-json\/wp\/v2\/tags?post=250958"}],"curies":[{"name":"wp","href":"https:\/\/api.w.org\/{rel}","templated":true}]}}