{"id":250962,"date":"2025-11-23T06:57:11","date_gmt":"2025-11-23T06:57:11","guid":{"rendered":"https:\/\/www.europesays.com\/es\/250962\/"},"modified":"2025-11-23T06:57:11","modified_gmt":"2025-11-23T06:57:11","slug":"lo-que-parecia-irremediable-puede-tener-visos-de-solucion","status":"publish","type":"post","link":"https:\/\/www.europesays.com\/es\/250962\/","title":{"rendered":"lo que parec\u00eda irremediable puede tener visos de soluci\u00f3n"},"content":{"rendered":"<p class=\"paragraph\">En un partido que hace unas semanas seguramente hubiese finalizado en derrota, <a href=\"https:\/\/www.heraldo.es\/noticias\/deportes\/futbol\/real-zaragoza\/2025\/11\/22\/heroico-y-vital-triunfo-del-real-zaragoza-por-1-2-en-eibar-1872695.html\" title=\"Heroico y vital triunfo del Real Zaragoza por 1-2 en \u00c9ibar\" rel=\"nofollow noopener\" target=\"_blank\">el Real Zaragoza sac\u00f3 una victoria inolvidable en inferioridad de Ipur\u00faa,<\/a> un campo donde el Eibar no hab\u00eda ca\u00eddo en lo que llevamos de campa\u00f1a y que no se le daba especialmente bien.<\/p>\n<p class=\"paragraph\">Supo resistir el equipo de Rub\u00e9n Sell\u00e9s, hoy m\u00e1s equipo que nunca, a un choque en el que todo pareci\u00f3 ponerse en contra. La expulsi\u00f3n de Saidu, la lesi\u00f3n de Insua, el gol encajado tras haber parado Andrada, uno de los h\u00e9roes de la tarde un penalti, todo parec\u00eda llevar al desenlace ya visto una y otra vez hasta la saciedad\u2026\u2026.pero <b>desde hace siete d\u00edas todo lo negativo parece haberse transformado en positivo y optimismo.<\/b> Un penalti regalado por los locales, la heroica defensa del bombardeo a\u00e9reo vasco y ese gol de Toni Moya, no el m\u00e1s bonito pero que supo como si hubiese entrado por la escuadra casi en la \u00fanica vez que se pis\u00f3 territorio enemigo en toda la segunda mitad, acabaron por voltear el resultado y dar una memorable segunda victoria consecutiva.<\/p>\n<p class=\"paragraph\">Todav\u00eda quedan muchos partidos de la jornada por disputarse. Salvo que el Mirand\u00e9s salga seriamente goleado de La Rosaleda (derrota por seis goles), no se mover\u00e1n los zaragocistas de la \u00faltima plaza, pero ya han dado caza a los de Miranda de Ebro. <b>Ahora mismo son tres los puntos que separan de abandonar las cuatro \u00faltimas posiciones, algo que parec\u00eda dif\u00edcil de creer no hace tanto. Seguramente el lunes ser\u00e1 alg\u00fan punto m\u00e1s que esos tres, pero esta plantilla ha demostrado tener alma y que ganando simplemente un encuentro, todo ha cambiado radicalmente para bien.<\/b><\/p>\n<p class=\"paragraph\"><b>RESTO DE LA JORNADA<\/b><\/p>\n<p class=\"paragraph\"><b>Las Palmas 2 Albacete 1<\/b><\/p>\n<p class=\"paragraph\"><b>Andorra 1 Castell\u00f3n 3<\/b><\/p>\n<p class=\"paragraph\"><b>Legan\u00e9s 0 Almer\u00eda 3<\/b><\/p>\n<p class=\"paragraph\"><b>Granada 1 C\u00f3rdoba 1<\/b><\/p>\n<p class=\"paragraph\"><b>Deportivo-Ceuta (Domingo, 14.00)<\/b><\/p>\n<p class=\"paragraph\"><b>C\u00e1diz-Cultural Leonesa (Domingo, 16.15)<\/b><\/p>\n<p class=\"paragraph\"><b>Huesca-Sporting (Domingo, 16.15)<\/b><\/p>\n<p class=\"paragraph\"><b>Burgos-Racing (Domingo, 18.30)<\/b><\/p>\n<p class=\"paragraph\"><b>M\u00e1laga-Mirand\u00e9s (Domingo, 21.00)<\/b><\/p>\n<p class=\"paragraph\"><b>Real Sociedad B-Real Valladolid (Lunes, 20.30)<\/b><\/p>\n<p>Un ex Primera muy fuerte a domicilio echar\u00e1 el cierre a noviembre<\/p>\n<p class=\"paragraph\">Se dar\u00e1 carpetazo al pen\u00faltimo mes del a\u00f1o, con un interesante encuentro ante uno de los conjuntos que descendieron hace unos meses desde Primera. Con la intenci\u00f3n (y la necesidad) de buscar la segunda victoria consecutiva como local, <b>el Real Zaragoza se medir\u00e1 con el Legan\u00e9s, en un horario de los menos c\u00f3modos ni agradables para los aficionados, el del domingo a las 14.00 horas.<\/b><\/p>\n<p class=\"paragraph\">Como suele ocurrir con los descendidos, el equipo pepinero ostentaba el cartel de favorito para su regreso a la \u00e9lite antes del inicio de la liga,<b> pero ya con un tercio de ella consumida, est\u00e1 lejos de las posiciones de ascenso directo.<\/b><\/p>\n<p class=\"paragraph\"><b>Los del sur de Madrid se hallan instalados en mitad de la tabla<\/b>, a id\u00e9ntica diferencia, tres puntos, de entrar en el \u2018play off\u2019 de ascenso siendo positivos, o de caer en el pozo de las cuatro \u00faltimas plazas si ven la botella medio vac\u00eda.<\/p>\n<p class=\"paragraph\">Los malos resultados en Butarque est\u00e1n siendo su r\u00e9mora. En su estadio apenas han podido sumar cinco puntos. <b>Todo cambia a domicilio, donde son un visitante inc\u00f3modo y exigente. <\/b>Victorias en Granada (0-2), Andorra (1-2) y Ceuta (1-2), empates contra el Huesca (1-1), Cultural Leonesa, Mirand\u00e9s y Eibar, todos ellos sin goles, y una \u00fanica derrota en San Sebasti\u00e1n frente al segundo equipo realista (2-1), avalan el peligro de los entrenados por Paco L\u00f3pez.<\/p>\n","protected":false},"excerpt":{"rendered":"En un partido que hace unas semanas seguramente hubiese finalizado en derrota, el Real Zaragoza sac\u00f3 una victoria&hellip;\n","protected":false},"author":2,"featured_media":250963,"comment_status":"","ping_status":"","sticky":false,"template":"","format":"standard","meta":{"footnotes":""},"categories":[268],"tags":[4616,168,25,24,280,282,63569,42386,281,15428,23,167,491],"class_list":{"0":"post-250962","1":"post","2":"type-post","3":"status-publish","4":"format-standard","5":"has-post-thumbnail","7":"category-futbol","8":"tag-clasificacion","9":"tag-deportes","10":"tag-es","11":"tag-espana","12":"tag-football","13":"tag-futbol","14":"tag-irremediable","15":"tag-parecia","16":"tag-soccer","17":"tag-solucion","18":"tag-spain","19":"tag-sports","20":"tag-zaragoza"},"share_on_mastodon":{"url":"https:\/\/pubeurope.com\/@es\/115597714738969911","error":""},"_links":{"self":[{"href":"https:\/\/www.europesays.com\/es\/wp-json\/wp\/v2\/posts\/250962","targetHints":{"allow":["GET"]}}],"collection":[{"href":"https:\/\/www.europesays.com\/es\/wp-json\/wp\/v2\/posts"}],"about":[{"href":"https:\/\/www.europesays.com\/es\/wp-json\/wp\/v2\/types\/post"}],"author":[{"embeddable":true,"href":"https:\/\/www.europesays.com\/es\/wp-json\/wp\/v2\/users\/2"}],"replies":[{"embeddable":true,"href":"https:\/\/www.europesays.com\/es\/wp-json\/wp\/v2\/comments?post=250962"}],"version-history":[{"count":0,"href":"https:\/\/www.europesays.com\/es\/wp-json\/wp\/v2\/posts\/250962\/revisions"}],"wp:featuredmedia":[{"embeddable":true,"href":"https:\/\/www.europesays.com\/es\/wp-json\/wp\/v2\/media\/250963"}],"wp:attachment":[{"href":"https:\/\/www.europesays.com\/es\/wp-json\/wp\/v2\/media?parent=250962"}],"wp:term":[{"taxonomy":"category","embeddable":true,"href":"https:\/\/www.europesays.com\/es\/wp-json\/wp\/v2\/categories?post=250962"},{"taxonomy":"post_tag","embeddable":true,"href":"https:\/\/www.europesays.com\/es\/wp-json\/wp\/v2\/tags?post=250962"}],"curies":[{"name":"wp","href":"https:\/\/api.w.org\/{rel}","templated":true}]}}