{"id":250964,"date":"2025-11-23T06:58:24","date_gmt":"2025-11-23T06:58:24","guid":{"rendered":"https:\/\/www.europesays.com\/es\/250964\/"},"modified":"2025-11-23T06:58:24","modified_gmt":"2025-11-23T06:58:24","slug":"loquillo-es-un-tipo-siniestro-va-por-ahi-como-si-barcelona-se-hubiera-portado-mal-con-el","status":"publish","type":"post","link":"https:\/\/www.europesays.com\/es\/250964\/","title":{"rendered":"\u201cLoquillo es un tipo siniestro, va por ah\u00ed como si Barcelona se hubiera portado mal con \u00e9l\u00bb"},"content":{"rendered":"<p class=\"paragraph\" id=\"paragraph_1\"><strong>Daniel V\u00e1zquez Sall\u00e9s<\/strong> (Barcelona, 1966) pasa cuentas a su propio pasado, que es el de toda una generaci\u00f3n, <strong>con una mirada cr\u00edtica, pero tambi\u00e9n comprensiva.<\/strong> El escritor y periodista admite la influencia de haber nacido en el seno de una familia \u201cmuy politizada\u201d. Hijo de Manuel V\u00e1zquez Montalb\u00e1n y de Anna Sall\u00e9s, Daniel vivi\u00f3 situaciones de primera mano, como la victoria del PSOE en 1982 en casa del cantautor Raimon, y de su mujer Annalisa Corti, con la decepci\u00f3n de los resultados del Partido Comunista de Espa\u00f1a, el PCE, que se qued\u00f3 s\u00f3lo con cuatro diputados, frente a los 202 de los socialistas.<\/p>\n<p class=\"paragraph\" id=\"paragraph_2\">V\u00e1zquez Sall\u00e9s plasma buena parte de sus vivencias en el libro que acaba de publicar, Los felices ochenta, cr\u00f3nica de una generaci\u00f3n desconcertada, (Folch &amp;Folch). Y analiza la vida cultural y pol\u00edtica de Barcelona, en contraste con la de Madrid. El escritor se\u00f1ala, en esta entrevista con <strong>Metr\u00f3poli<\/strong>, que algunos referentes culturales han abusado sobre sus propias circunstancias personales: <strong>\u201cLoquillo es un tipo siniestro, va por ah\u00ed como si Barcelona se hubiera portado mal con \u00e9l, y no es verdad\u201d<\/strong>.<\/p>\n<p><img loading=\"lazy\" decoding=\"async\" alt=\"Entrevista con Jordi Amat\" height=\"180\" src=\"https:\/\/www.europesays.com\/es\/wp-content\/uploads\/2025\/11\/1003742705712_15381358_320x180.jpg\" width=\"320\" data-lazy-status=\"processed\" data-lazy-info=\"remove loading item 1\"\/><\/p>\n<p class=\"paragraph\" id=\"paragraph_3\">El escritor y periodista, que se ha centrado en gran parte en la cr\u00edtica gastron\u00f3mica, relata el pasado reciente de Barcelona con un tono de cierto desencanto. \u201cBueno, la realidad y el deseo generalmente nunca van de la misma mano. Podr\u00eda haber sido mejor. Sobre todo si vienes de una familia politizada siempre crees que todo podr\u00eda haber sido mejor. Se esperaba un poquito m\u00e1s\u201d, se\u00f1ala Daniel V\u00e1zquez Sall\u00e9s cuando <strong>justo ahora se acaban de cumplir los 50 a\u00f1os de la muerte de Franco<\/strong> y algunas voces, como la suya, cuestionan los resultados de la transici\u00f3n.<\/p>\n<p><img decoding=\"async\" alt=\"Daniel V\u00e1zquez Sall\u00e9s, en la entrevista con 'Metr\u00f3poli'\" data-imgm=\"true\" height=\"180\" loading=\"lazy\"  src=\"https:\/\/www.europesays.com\/es\/wp-content\/uploads\/2025\/11\/1003742709547_15430504_1024x576.jpg\"  width=\"320\"\/><\/p>\n<p>                                                            Daniel V\u00e1zquez Sall\u00e9s, en la entrevista con &#8216;Metr\u00f3poli&#8217;<\/p>\n<p>                    \u00d2scar Gil Coy<\/p>\n<p>                    Barcelona\n            <\/p>\n<p class=\"paragraph\" id=\"paragraph_4\">Una de las cuestiones que aborda el escritor en el libro y que refleja para Metr\u00f3poli es la Ley de Amnist\u00eda, la que se aprueba en la transici\u00f3n. \u201cSent\u00ed cierta envidia por los juicios militares en Argentina, en 1985. Est\u00e1 bien llevar a juicio a la gente que ha formado parte del poder en una dictadura. Llevarlos a juicio, por lo menos para que den explicaciones. Despu\u00e9s, si el pa\u00eds lo necesita, ya se aplicar\u00e1 una amnist\u00eda. <strong>Por eso creo que ese es el problema de la transici\u00f3n espa\u00f1ola. Hubo demasiado pactismo<\/strong> y se dejaron pasar muchas cosas\u201d.<\/p>\n<p class=\"paragraph\" id=\"paragraph_5\">V\u00e1zquez Sall\u00e9s recuerda que con 18 a\u00f1os se instal\u00f3 en Londres, y que en ese momento se dio cuenta \u201cde las carencias de Espa\u00f1a, porque llegu\u00e9 a un pa\u00eds con siglos de democracia, frente a otro en el que acababa de desembarcar un sistema democr\u00e1tico\u201d.<\/p>\n<p class=\"paragraph\" id=\"paragraph_6\">La Espa\u00f1a que se dibuja tendr\u00e1 un gran centro, que es Madrid, frente a una Barcelona que hab\u00eda vivido tiempos de gran creatividad en las postrimer\u00edas del franquismo. El escritor se\u00f1ala, sin embargo, presenta algunas enmiendas. \u201cEn los a\u00f1os ochenta, <strong>Madrid buscaba un lugar bajo el sol en comparaci\u00f3n con la Barcelona golfa de los setenta, por cierto mucho menos golfa de lo que nos cuentan viejos militantes como Ram\u00f3n de Espa\u00f1a<\/strong> y sus Espa\u00f1as disfuncionales\u201d.<\/p>\n<p class=\"paragraph\" id=\"paragraph_7\">Llega aquel art\u00edculo de <strong>F\u00e9lix de Az\u00faa<\/strong>, Barcelona es el Titanic, escrito en 1982, y cunde la sensaci\u00f3n de que algo se ha perdido con la llegada de los nacionalistas de Jordi Pujol al frente de la Generalitat. V\u00e1zquez Sall\u00e9s vuelve a poner el dedo en la llaga: \u201cAh\u00ed hab\u00eda un punto en el que <strong>una serie de gente que proven\u00eda de una clase social determinada cre\u00eda que Barcelona era suya<\/strong>. Y con la democracia esto desapareci\u00f3. Una burgues\u00eda de izquierdas, <strong>j\u00f3venes que se declaraban de izquierdas porque tocaba y luego volver\u00edan a sus or\u00edgenes\u201d<\/strong>.<\/p>\n<p class=\"paragraph\" id=\"paragraph_8\">Pero desde otro sector social tambi\u00e9n se criticaba la Barcelona que se iba construyendo. Es el caso de Loquillo, el cantante de rock, uno de los referentes de la m\u00fasica popular en Espa\u00f1a m\u00e1s reconocido en los \u00faltimos 40 a\u00f1os. <strong>Daniel V\u00e1zquez Sall\u00e9s no se corta, y lo tilda de \u201cun tipo siniestro<\/strong> incluso <strong>antes de que se dejara hipnotizar por el patriotismo<\/strong>\u201d. As\u00ed lo refleja en el libro.<\/p>\n<p><img decoding=\"async\" alt=\"Loquillo y Carlos Zan\u00f3n en el Festival BCNegra\" height=\"180\" loading=\"lazy\" width=\"320\" data-lazy-status=\"processed\" id=\"e27d5edea9\" src=\"https:\/\/metropoliabierta.elespanol.com\/quien-hace-barcelona\/20251122\/vazquez-salles-loquillo-tipo-siniestro-va-ahi-barcelona-portado-mal\/[\" https:=\"\" data-lazy-info=\"changed src\"\/><\/p>\n<p class=\"paragraph\" id=\"paragraph_9\">Pero, \u00bfpor qu\u00e9? V\u00e1zquez Sall\u00e9s, que se ha reconciliado en gran parte con la mirada cr\u00edtica de su padre, Manuel V\u00e1zquez Montalb\u00e1n, ahonda en un referente de la izquierda que ha plantado cara al nacionalismo. \u201cUna vez lo entrevist\u00e9, y <strong>desprende un machismo que no me gusta nada<\/strong>. Y me parece siniestro, s\u00ed, <strong>porque va como enfadado por la vida. Como si aqu\u00ed esta ciudad se hubiera portado muy mal con \u00e9l y no es verdad<\/strong>. Puedes tener desavenencias ideol\u00f3gicas, o lo que quieras, <strong>pero no puedes ir por el mundo echando pestes por conveniencia. S\u00e9 un poco agradecido con la ciudad que te convirti\u00f3 en m\u00fasico, \u00bfno?<\/strong> Es as\u00ed como lo veo\u201d.<\/p>\n<p><img decoding=\"async\" alt=\"Daniel V\u00e1zquez Sall\u00e9s, en la entrevista con 'Metr\u00f3poli'\" data-imgm=\"true\" height=\"180\" loading=\"lazy\"  src=\"https:\/\/www.europesays.com\/es\/wp-content\/uploads\/2025\/11\/1003742709548_15430525_1024x576.jpg\"  width=\"320\"\/><\/p>\n<p>                                                            Daniel V\u00e1zquez Sall\u00e9s, en la entrevista con &#8216;Metr\u00f3poli&#8217;<\/p>\n<p>                    \u00d2scar Gil Coy<\/p>\n<p>                    Barcelona\n            <\/p>\n<p class=\"paragraph\" id=\"paragraph_10\">V\u00e1zquez Sall\u00e9s prosigue: \u201cDespu\u00e9s si la vida te lleva por otros derroteros, pues perfecto. Pero esa cosa como si tuvi\u00e9ramos una especie de deuda con \u00e9l, no lo acabo de ver. <strong>Es un tipo que nunca me ha despertado demasiada admiraci\u00f3n<\/strong>. Aunque claro, me gustaba mucho una canci\u00f3n que ahora ser\u00eda imposible de emitir, la de La matar\u00e9. En aquella \u00e9poca nos parec\u00eda una canci\u00f3n muy rockera y estupenda. Y para m\u00ed la canci\u00f3n de Loquillo siempre ser\u00e1 la del Cadillac solitario. Est\u00e1 muy bien porque ejemplifica un tipo de relaci\u00f3n con la ciudad, con una ciudad que se perdi\u00f3, la ciudad del seny i la rauxa\u201d.<\/p>\n<p class=\"paragraph\" id=\"paragraph_11\">Y ah\u00ed el escritor se refiere a la evoluci\u00f3n de la capital catalana. A la dualidad que se establece entre la euforia y la depresi\u00f3n. Entre la ciudad que se considera la mejor del mundo, y la que est\u00e1 en la situaci\u00f3n de decadencia.<\/p>\n<p class=\"paragraph\" id=\"paragraph_12\">\u00bfHan ido bien los \u00faltimos a\u00f1os? \u201cCreo que no se ha entendido que esta ciudad, para que evolucione, y por eso no me gusta Colau ni los comunes, <strong>necesita del matrimonio entre el capital privado y el capital p\u00fablico<\/strong>. Siempre ha sido as\u00ed. Y es una ciudad que tiene grandes ideas. Lo que pasa es que cuesta mucho llevarlas a cabo, porque es todo \u00a1tan complicado!, lograr un permiso, otro\u2026<strong>En Barcelona hay un esp\u00edritu asambleario terror\u00edfico\u201d<\/strong>.<\/p>\n<p><img decoding=\"async\" alt=\"Portada del libro de V\u00e1zquez Sall\u00e9s\" data-imgm=\"true\" height=\"1152\" loading=\"lazy\"  src=\"https:\/\/www.europesays.com\/es\/wp-content\/uploads\/2025\/11\/1003742709400_15428503_960x1706.jpg\"  width=\"648\"\/><\/p>\n<p>                                                            Portada del libro de V\u00e1zquez Sall\u00e9s<\/p>\n<p class=\"paragraph\" id=\"paragraph_13\">\u00bfHay que llegar a m\u00e1s acuerdos, por tanto, en el propio Ayuntamiento? \u00bfHa habido una mejora con el gobierno de Jaume Collboni respecto a Ada Colau? \u201cS\u00ed, s\u00ed, <strong>yo casi ser\u00eda partidario de una mayor\u00eda absoluta de Collboni<\/strong>. Y no vot\u00e9 a Collboni. Pero lo digo para que pudiera trabajar mejor. <strong>A m\u00ed el \u2018colauismo\u2019 no me gusta nada<\/strong>. Y veo que s\u00f3lo con diez concejales, los que tiene el PSC, es muy complicado gobernar\u201d.<\/p>\n<p class=\"paragraph\" id=\"paragraph_14\">Con la mirada otra vez en los ochenta, y tras una cr\u00edtica feroz a figuras como Juan Antonio Samaranch, por su pasado falangista, &#8211;que fue el gran catalizador de que Barcelona acogiera los Juegos Ol\u00edmpicos de 1992\u2014V\u00e1zquez Sall\u00e9s defiende la capital catalana frente a Madrid y el \u201cinvento\u201d de la Movida.<\/p>\n<p class=\"paragraph\" id=\"paragraph_15\"><strong>\u201cLa Movida es el inicio del nacionalismo madrile\u00f1o, que existe y que representa perfectamente Isabel D\u00edaz Ayuso y compa\u00f1\u00eda<\/strong>. Y es que dieron mucho la turra con la Movida. Cuando lo que sucedi\u00f3 es que hab\u00eda otros centros y mucha vitalidad en M\u00e1laga, Galicia o la propia Barcelona. Madrid se lo comi\u00f3 todo porque hubo un intento de centralizarlo todo\u201d.<\/p>\n<p><img decoding=\"async\" alt=\"El escritor y periodista Daniel V\u00e1zquez Sall\u00e9s, en la entrevista con 'Metr\u00f3poli'\" data-imgm=\"true\" height=\"180\" loading=\"lazy\"  src=\"https:\/\/www.europesays.com\/es\/wp-content\/uploads\/2025\/11\/1003742709549_15430546_1024x576.jpg\"  width=\"320\"\/><\/p>\n<p>                                                            El escritor y periodista Daniel V\u00e1zquez Sall\u00e9s, en la entrevista con &#8216;Metr\u00f3poli&#8217;<\/p>\n<p>                    \u00d2scar Gil Coy<\/p>\n<p>                    Barcelona\n            <\/p>\n<p class=\"paragraph\" id=\"paragraph_16\">\u00bfPero fue un movimiento de la izquierda espa\u00f1ola? <strong>\u201cLa mayor\u00eda de los componentes de la Movida proven\u00edan de familias franquistas<\/strong>. Y hemos visto el final de muchos de ellos, con Olvido Gara, Alaska, y <strong>Mario Vaquerizo, que es una especie de esperpento<\/strong>, m\u00e1s perdido que un torero al otro lado del tel\u00f3n de acero, como dir\u00eda Joaqu\u00edn Sabina\u201d.<\/p>\n<p class=\"paragraph\" id=\"paragraph_17\">Es la mirada de Daniel V\u00e1zquez Sall\u00e9s, que admite que, en muchas ocasiones, ha podido sentirse \u201cun impostor\u201d, y que ha vivido grandes contradicciones. <strong>Lleg\u00f3 a votar al CDS, de Adolfo Su\u00e1rez, frente al estupor de sus padres<\/strong>. El padre lo lleg\u00f3 a entender: \u201ces la manera de poner distancia frente a lo que has aprendido en casa\u201d. La madre no lo acept\u00f3 de tan buen grado. El problema, sin embargo, hubiera sido may\u00fasculo si V\u00e1zquez Sall\u00e9s hubiera votado al PSOE. <strong>\u201cEso para mi padre hubiera sido m\u00e1s complicado\u201d<\/strong>, se\u00f1ala.<\/p>\n<p class=\"paragraph\" id=\"paragraph_18\">Esa forma de ver las cosas se reflej\u00f3 en la noche electoral de 1982. \u201cViv\u00ed la noche electoral en casa de Raim\u00f3n y su mujer Annalisa, con mis padres. Tras los resultados, el baj\u00f3n fue tremendo. El PCE hab\u00eda quedado arrasado frente a los 202 diputados de los socialistas\u201d.<\/p>\n","protected":false},"excerpt":{"rendered":"Daniel V\u00e1zquez Sall\u00e9s (Barcelona, 1966) pasa cuentas a su propio pasado, que es el de toda una generaci\u00f3n,&hellip;\n","protected":false},"author":2,"featured_media":250965,"comment_status":"","ping_status":"","sticky":false,"template":"","format":"standard","meta":{"footnotes":""},"categories":[174],"tags":[63572,63570,255,146,147,63571,25,24,256,185,23],"class_list":{"0":"post-250964","1":"post","2":"type-post","3":"status-publish","4":"format-standard","5":"has-post-thumbnail","7":"category-famosos","8":"tag-quien-hace-barcelona","9":"tag-barcelona-literaria","10":"tag-celebrities","11":"tag-entertainment","12":"tag-entretenimiento","13":"tag-entrevistas-barcelona","14":"tag-es","15":"tag-espana","16":"tag-famosos","17":"tag-musica","18":"tag-spain"},"share_on_mastodon":{"url":"https:\/\/pubeurope.com\/@es\/115597720380053429","error":""},"_links":{"self":[{"href":"https:\/\/www.europesays.com\/es\/wp-json\/wp\/v2\/posts\/250964","targetHints":{"allow":["GET"]}}],"collection":[{"href":"https:\/\/www.europesays.com\/es\/wp-json\/wp\/v2\/posts"}],"about":[{"href":"https:\/\/www.europesays.com\/es\/wp-json\/wp\/v2\/types\/post"}],"author":[{"embeddable":true,"href":"https:\/\/www.europesays.com\/es\/wp-json\/wp\/v2\/users\/2"}],"replies":[{"embeddable":true,"href":"https:\/\/www.europesays.com\/es\/wp-json\/wp\/v2\/comments?post=250964"}],"version-history":[{"count":0,"href":"https:\/\/www.europesays.com\/es\/wp-json\/wp\/v2\/posts\/250964\/revisions"}],"wp:featuredmedia":[{"embeddable":true,"href":"https:\/\/www.europesays.com\/es\/wp-json\/wp\/v2\/media\/250965"}],"wp:attachment":[{"href":"https:\/\/www.europesays.com\/es\/wp-json\/wp\/v2\/media?parent=250964"}],"wp:term":[{"taxonomy":"category","embeddable":true,"href":"https:\/\/www.europesays.com\/es\/wp-json\/wp\/v2\/categories?post=250964"},{"taxonomy":"post_tag","embeddable":true,"href":"https:\/\/www.europesays.com\/es\/wp-json\/wp\/v2\/tags?post=250964"}],"curies":[{"name":"wp","href":"https:\/\/api.w.org\/{rel}","templated":true}]}}