{"id":250966,"date":"2025-11-23T06:59:54","date_gmt":"2025-11-23T06:59:54","guid":{"rendered":"https:\/\/www.europesays.com\/es\/250966\/"},"modified":"2025-11-23T06:59:54","modified_gmt":"2025-11-23T06:59:54","slug":"sale-a-la-luz-una-obra-inedita-de-paolo-de-san-leocadio-autor-de-los-frescos-de-la-catedral-de-valencia","status":"publish","type":"post","link":"https:\/\/www.europesays.com\/es\/250966\/","title":{"rendered":"Sale a la luz una obra in\u00e9dita de Paolo de San Leocadio, autor de los frescos de la Catedral de Val\u00e8ncia"},"content":{"rendered":"<p class=\"ft-text ft-helper-closenews\">El Consorci de Museus de la Comunitat Valenciana (CMCV) ha presentado este jueves una<strong> obra in\u00e9dita<\/strong> \u00abde gran valor\u00bb atribuida al pintor italiano <strong>Paolo de San Leocadio<\/strong> en el entorno de la primera exposici\u00f3n dedicada al padre del <strong>Renacimiento<\/strong> en Espa\u00f1a, en el Museu de Belles Arts de Castell\u00f3.<\/p>\n<p class=\"ft-text\">La obra <strong>\u2018Lamentaci\u00f3n sobre Cristo muerto\u2019 <\/strong>(Hacia 1507-1508) procedente de la galer\u00eda Caylus de Madrid fue recientemente atribuida al pintor italiano por el experto en su obra <strong>Ximo Company<\/strong> que comisar\u00eda esta muestra, junto a Isidro Puig, explican desde el CMCV.<\/p>\n<p class=\"ft-text\">Junto a ella, la exposici\u00f3n \u2018Paolo da San Leocadio&#8217; que exhibe el Consorci de Museus en el Museu de Belles Arts <strong>hasta marzo de 2026<\/strong>, muestra otras<strong> 14 obras<\/strong>, que suponen casi la mitad de la producci\u00f3n conocida que se conserva del autor de los \u00e1ngeles m\u00fasicos de la Catedral de Val\u00e8ncia.<\/p>\n<p><img decoding=\"async\" src=\"https:\/\/www.europesays.com\/es\/wp-content\/uploads\/2025\/11\/ed9b2c87-8d24-4891-9518-7e2700e09fa1_alta-libre-aspect-ratio_default_0.jpg\" width=\"1200\" height=\"800\" alt=\"La exposici\u00f3n se puede ver en el Museo de Bellas Artes de Castell\u00f3.\" class=\"ft-helper-img-rd\" loading=\"lazy\"\/><\/p>\n<p class=\"ft-helper-fontColor-quaternary ft-helper-fontSize-body-S ft-helper-spacer-t-xxs\">La exposici\u00f3n se puede ver en el Museo de Bellas Artes de Castell\u00f3.  \/ L-EMV<\/p>\n<p class=\"ft-text\">La exposici\u00f3n se ha presentado este jueves por el director-gerente del CMCV, Nicol\u00e1s Bugeda acompa\u00f1ado por el diputado de Cultura, \u00c1lex Clausell y por los comisarios de la muestra.<\/p>\n<p>Hito sin precedentes<\/p>\n<p class=\"ft-text\">Nicol\u00e1s Bugeda ha recordado que el descubrimiento en 2004 de las <strong>pinturas murales de la b\u00f3veda del altar mayor de la Catedral de Val\u00e8ncia, los \u00e1ngeles m\u00fasicos<\/strong>, fue \u00abun hito sin precedentes que cambi\u00f3 la historia del arte como la conoc\u00edamos hasta el momento, hoy sabemos que fue Paolo de San Leocadio, en 1472, el introductor del Renacimiento italiano en Espa\u00f1a y fue aqu\u00ed en la Comunitat Valenciana\u00bb.<\/p>\n<p class=\"ft-text\">Bugeda se ha referido a la <strong>pieza in\u00e9dita <\/strong>que se muestra por primera vez al p\u00fablico y ha se\u00f1alado que \u00abuno de los objetivos fundacionales del Consorci de Museus de la Comunitat Valenciana es el apoyo a la investigaci\u00f3n y estudio de nuestra historia y con ello la recuperaci\u00f3n de artistas valencianos\u00bb y en este sentido ha a\u00f1adido que \u00abexposiciones como esta ponen en valor nuestro patrimonio hist\u00f3rico-art\u00edstico y hacen posible que hoy sea Castell\u00f3n y su<strong> Museo de Bellas Artes<\/strong> el lugar donde esta obra se da a conocer al mundo\u00bb.<\/p>\n<p class=\"ft-text\">El \u00f3leo de la \u2018Lamentaci\u00f3n sobre Cristo muerto\u2019 se sit\u00faa en su<strong> larga estancia en Gandia, entre 1501 y 1510<\/strong>. \u00abAll\u00ed Paolo de San Leocadio configura los rasgos formales m\u00e1s caracter\u00edsticos de su tercera y \u00faltima etapa pict\u00f3rica en la Comunitat Valenciana, los m\u00e1s perfectos y elaborados, la s\u00edntesis de todo cuanto ha aprendido, aportando su sello de madurez\u00bb, explican los comisarios.<\/p>\n<p><img decoding=\"async\" src=\"https:\/\/www.europesays.com\/es\/wp-content\/uploads\/2025\/11\/1fc15719-6712-4cb0-875c-0a064665966c_alta-libre-aspect-ratio_default_0.jpg\" width=\"1200\" height=\"800\" alt=\"Detalle de la obra.\" class=\"ft-helper-img-rd\" loading=\"lazy\"\/><\/p>\n<p class=\"ft-helper-fontColor-quaternary ft-helper-fontSize-body-S ft-helper-spacer-t-xxs\">Detalle de la obra.  \/ Levante-EMV<\/p>\n<p class=\"ft-text\">Ximo Company ha se\u00f1alado que \u00abla espl\u00e9ndida &#8216;Lamentaci\u00f3n&#8217; de la Galer\u00eda Caylus que se presenta en esta muestra fue un encargo de la Duquesa Mar\u00eda Enr\u00edquez, nuera del fuera despu\u00e9s el<strong> papa Borja<\/strong>. Paolo de San Leocadio cont\u00f3 con una insospechada protecci\u00f3n por parte de la poderosa duquesa quien le pidi\u00f3 esta lamentaci\u00f3n para acompa\u00f1ar sus oraciones\u00bb.<\/p>\n<p class=\"ft-text\">Adem\u00e1s, la pieza se exhibe junto a un estudio que aplica tecnolog\u00eda de infrarrojos que revelan el dibujo original, <strong>oculto bajo capas de pintura<\/strong>, durante m\u00e1s de 500 a\u00f1os.<\/p>\n<p>La vida secreta de las obras de Paolo de San Leocadio<\/p>\n<p class=\"ft-text\">La exposici\u00f3n <strong>re\u00fane por primera vez un conjunto de obras de Paolo da San Leocadio<\/strong> que permiten comprenderlo en su totalidad, procedentes del Museo del Prado, del Museu Nacional d\u2019Art de Catalunya (MNAC), del Museu de la Catedral de Barcelona, del Museo de Bellas Artes de Val\u00e8ncia, as\u00ed como de la Iglesia Arciprestal de San Jaime de Vila-Real, de la Iglesia de San Esteban de Val\u00e8ncia o de la Iglesia de San Miguel Arc\u00e1ngel de Enguera, adem\u00e1s de otras colecciones particulares.<\/p>\n<p class=\"ft-text\">\u00abSu obra ocupa un lugar fundamental en la historia de la pintura valenciana y espa\u00f1ola. Su llegada a Val\u00e8ncia, en 1472, marcar\u00eda un antes y un despu\u00e9s en la pintura espa\u00f1ola, hasta entonces dominada por el <strong>gusto hispanoflamenco<\/strong>\u00ab, explican desde el Consorci.\u00bb<\/p>\n<p class=\"ft-text\">\u201cEstudios recientes lo han situado como uno de los pintores m\u00e1s audaces del <strong>Renacimiento <\/strong>europeo\u00bb, se\u00f1ala Company y a\u00f1ade que \u00abSan Leocadio introdujo una pintura brillante y precisa, de contornos definidos, reflejos met\u00e1licos y un cromatismo festivo que contrastaba con el clasicismo m\u00e1s solemne y te\u00f3rico de Florencia, dando lugar a un lenguaje fresco y personal\u00bb.<\/p>\n<p class=\"ft-text\">La selecci\u00f3n que se presenta en la muestra permite situar los \u00abgrandes momentos\u00bb de su trayectoria deteni\u00e9ndose en sus grandes obras en Castell\u00f3, Vila-Real y Gandia. \u00abHoy se sabe que Paolo de San Leocadio residi\u00f3 la mitad de su vida en la Comunitat Valenciana donde se conserva la mayor parte de su producci\u00f3n\u00bb.<\/p>\n<p class=\"ft-text\">La secuencia comienza con la r<strong>eproducci\u00f3n digital a gran escala<\/strong> de sus \u00e1ngeles m\u00fasicos vistos de cerca \u00aby con todo detalle\u00bb, obra de Andreu Signes y Marta Negre. \u00abEstas obras supusieron una aut\u00e9ntica revoluci\u00f3n pict\u00f3rica, tanto por su originalidad como por su calidad narrativa y pl\u00e1stica\u00bb, a\u00f1aden las mismas fuentes.<\/p>\n<p>Obras poco conocidas<\/p>\n<p class=\"ft-text\">Adem\u00e1s de la \u2018Lamentaci\u00f3n\u2019, la exposici\u00f3n exhibe otras piezas poco conocidas como las dos<strong> \u201coraciones en el huerto\u201d,<\/strong> una procedente del <strong>Museo del Prado<\/strong>, que no estaba expuesta y otra de una colecci\u00f3n particular que hace m\u00e1s de 40 a\u00f1os que no se exhib\u00eda.<\/p>\n<p><img decoding=\"async\" src=\"https:\/\/www.europesays.com\/es\/wp-content\/uploads\/2025\/11\/72142e39-b252-4bee-bb79-8e4bcfbc989f_alta-libre-aspect-ratio_default_0.jpg\" width=\"1200\" height=\"800\" alt=\"Otra de las obras de la muestra.\" class=\"ft-helper-img-rd\" loading=\"lazy\"\/><\/p>\n<p class=\"ft-helper-fontColor-quaternary ft-helper-fontSize-body-S ft-helper-spacer-t-xxs\">Otra de las obras de la muestra.  \/ L-EMV<\/p>\n<p class=\"ft-text\">Junto a estas 15 joyas del <strong>Renacimiento <\/strong>la exposici\u00f3n ha querido dedicar una especial atenci\u00f3n a la comprensi\u00f3n de la pintura leocadiana \u201cpor dentro\u201d. Aplicando an\u00e1lisis no invasivos Multibanda (Multiband Imaging Techcniques, MBI), que son im\u00e1genes del espectro electromagn\u00e9tico, la exposici\u00f3n ofrece por primera vez la oportunidad de reconocer los trazos del artista y los dibujos primigenios que subyacen en la trama interna de la obra pict\u00f3rica.<\/p>\n<p class=\"ft-text\">As\u00ed, en serie de los Portacroce de Paolo de San Leocadio, la imagen infrarroja revela que la tabla, en origen tuvo una composici\u00f3n diferente, sacando a la luz un dibujo de un <strong>Calvario <\/strong>con soldados romanos al pie de la cruz.<\/p>\n<p class=\"ft-text\">Asimismo, la exposici\u00f3n reproduce un <strong>taller de pintura del siglo XV<\/strong> con sus utensilios y pinceles originales junto a los pigmentos que utilizar\u00eda Paolo de San Leocadio, incluso una plantilla de estarcir, similar a la que us\u00f3 el pintor para transferir sus dibujos y hacer distintos modelos. Junto a ello se muestra, capa a capa, el proceso de elaboraci\u00f3n de un retablo de la \u00e9poca, obra de Xavier Ferragut.<\/p>\n<p data-close=\"closedContent\" class=\"subscribeHideForDisplay\">Suscr\u00edbete para seguir leyendo<\/p>\n","protected":false},"excerpt":{"rendered":"El Consorci de Museus de la Comunitat Valenciana (CMCV) ha presentado este jueves una obra in\u00e9dita \u00abde gran&hellip;\n","protected":false},"author":2,"featured_media":250967,"comment_status":"","ping_status":"","sticky":false,"template":"","format":"standard","meta":{"footnotes":""},"categories":[173],"tags":[229,233,231,230,12189,209,232,234,146,147,25,24,12034,14464,1875,4125,474,17489,503,5150,23],"class_list":{"0":"post-250966","1":"post","2":"type-post","3":"status-publish","4":"format-standard","5":"has-post-thumbnail","7":"category-arte-y-diseno","8":"tag-arte","9":"tag-arte-y-diseno","10":"tag-arts","11":"tag-arts-and-design","12":"tag-comunitat-valenciana","13":"tag-cultura","14":"tag-design","15":"tag-diseno","16":"tag-entertainment","17":"tag-entretenimiento","18":"tag-es","19":"tag-espana","20":"tag-iglesia","21":"tag-inedita","22":"tag-luz","23":"tag-obra","24":"tag-obras","25":"tag-paolo","26":"tag-pintura","27":"tag-sale","28":"tag-spain"},"share_on_mastodon":{"url":"https:\/\/pubeurope.com\/@es\/115597727066874352","error":""},"_links":{"self":[{"href":"https:\/\/www.europesays.com\/es\/wp-json\/wp\/v2\/posts\/250966","targetHints":{"allow":["GET"]}}],"collection":[{"href":"https:\/\/www.europesays.com\/es\/wp-json\/wp\/v2\/posts"}],"about":[{"href":"https:\/\/www.europesays.com\/es\/wp-json\/wp\/v2\/types\/post"}],"author":[{"embeddable":true,"href":"https:\/\/www.europesays.com\/es\/wp-json\/wp\/v2\/users\/2"}],"replies":[{"embeddable":true,"href":"https:\/\/www.europesays.com\/es\/wp-json\/wp\/v2\/comments?post=250966"}],"version-history":[{"count":0,"href":"https:\/\/www.europesays.com\/es\/wp-json\/wp\/v2\/posts\/250966\/revisions"}],"wp:featuredmedia":[{"embeddable":true,"href":"https:\/\/www.europesays.com\/es\/wp-json\/wp\/v2\/media\/250967"}],"wp:attachment":[{"href":"https:\/\/www.europesays.com\/es\/wp-json\/wp\/v2\/media?parent=250966"}],"wp:term":[{"taxonomy":"category","embeddable":true,"href":"https:\/\/www.europesays.com\/es\/wp-json\/wp\/v2\/categories?post=250966"},{"taxonomy":"post_tag","embeddable":true,"href":"https:\/\/www.europesays.com\/es\/wp-json\/wp\/v2\/tags?post=250966"}],"curies":[{"name":"wp","href":"https:\/\/api.w.org\/{rel}","templated":true}]}}