{"id":250977,"date":"2025-11-23T07:12:11","date_gmt":"2025-11-23T07:12:11","guid":{"rendered":"https:\/\/www.europesays.com\/es\/250977\/"},"modified":"2025-11-23T07:12:11","modified_gmt":"2025-11-23T07:12:11","slug":"oscar-lopez-exige-a-la-justicia-que-condene-a-quienes-pidieron-un-tiro-en-la-nuca-a-sanchez-en-el-acto-de-falange","status":"publish","type":"post","link":"https:\/\/www.europesays.com\/es\/250977\/","title":{"rendered":"\u00d3scar L\u00f3pez exige a la Justicia que condene a quienes pidieron \u00abun tiro en la nuca\u00bb a S\u00e1nchez en el acto de Falange"},"content":{"rendered":"<p class=\"article-text\">\n        \u00d3scar L\u00f3pez, secretario madrile\u00f1o de los socialistas y ministro para la Transformaci\u00f3n Digital y de la Funci\u00f3n P\u00fablica, ha pedido a la Justicia que condene las proclamas contra Pedro S\u00e1nchez durante el acto de Falange de este viernes, \u201cesa misma Justicia que <a href=\"https:\/\/www.eldiario.es\/politica\/justicia-madrilena-autoriza-acto-falange-20n-anula-prohibicion-delegacion-gobierno_1_12786711.html\" data-mrf-recirculation=\"links-noticia\" class=\"link\" rel=\"nofollow noopener\" target=\"_blank\">ayer autoriz\u00f3 esas manifestaciones<\/a>\u201d, ha asegurado este s\u00e1bado L\u00f3pez. \u201cQue condenen ahora a quienes ayer gritaron pidiendo un tiro en la nuca\u201d, ha a\u00f1adido. Tambi\u00e9n ha exigido al l\u00edder del PP, Alberto N\u00fa\u00f1ez Feij\u00f3o que condene los gritos contra el presidente del Gobierno.\n    <\/p>\n<p class=\"article-text\">\n        El Tribunal Superior de Justicia de Madrid (TSJM)\u00a0permiti\u00f3 finalmente a La Falange manifestarse este viernes por el centro de la capital para conmemorar el 20-N al anular la prohibici\u00f3n dictada por Delegaci\u00f3n de Gobierno, una decisi\u00f3n que tomaron tras analizar los informes policiales y valorar el contexto de las \u00faltimas semanas.\n    <\/p>\n<blockquote class=\"twitter-tweet\" data-lang=\"es\"><p><a href=\"https:\/\/twitter.com\/X\/status\/1991981546929365025?ref_src=twsrc%5Etfw\" rel=\"nofollow noopener\" target=\"_blank\"><\/p><\/blockquote>\n<p class=\"article-text\">\n        Precisamente este s\u00e1bado Delegaci\u00f3n de Gobierno ha avanzado que <a href=\"https:\/\/www.eldiario.es\/madrid\/somos\/delegacion-gobierno-multara-falange-proclamas-racistas-homofobas-marcha-madrid_1_12789198.html\" data-mrf-recirculation=\"links-noticia\" class=\"link\" rel=\"nofollow noopener\" target=\"_blank\">multar\u00e1 a la Falange<\/a> por las proclamas \u201cracistas\u201d y \u201chom\u00f3fobas\u201d en su marcha, en que participaron 700 personas.\n    <\/p>\n<p>    <a href=\"https:\/\/www.eldiario.es\/madrid\/somos\/delegacion-gobierno-multara-falange-proclamas-racistas-homofobas-marcha-madrid_1_12789198.html\" data-mrf-recirculation=\"saber-mas-abajo\" data-dl-event=\"saber-mas-abajo\" rel=\"nofollow noopener\" target=\"_blank\"><\/p>\n<p class=\"know-more__title\">Delegaci\u00f3n del Gobierno multar\u00e1 a la Falange por las proclamas \u201cracistas\u201d y \u201chom\u00f3fobas\u201d en su marcha de Madrid\n<\/p>\n<p>            <img decoding=\"async\" class=\"lazy\" loading=\"lazy\" data-src=\"https:\/\/static.eldiario.es\/clip\/fea62d76-b235-4a71-8c35-1d80d86c146d_16-9-aspect-ratio_default_0.jpg\" src=\"data:image\/svg+xml,%3Csvg xmlns=\" http:=\"\" viewbox=\"0 0 880 495\" alt=\"Delegaci\u00f3n del Gobierno multar\u00e1 a la Falange por las proclamas &quot;racistas&quot; y &quot;hom\u00f3fobas&quot; en su marcha de Madrid\"\/><\/p>\n<p>                        <\/a><\/p>\n<p class=\"article-text\">\n        \u201cAyer volvimos a ver a los del brazo en alto manifest\u00e1ndose por las calles de Madrid. No fueron autorizadas por la Delegaci\u00f3n, pero s\u00ed por el TSJ despu\u00e9s de un recurso de Falange\u201d, ha comenzado el socialista madrile\u00f1o, para \u201cexigir dos cosas\u201d: que Feij\u00f3o condene los gritos y que la Justicia \u201ccondene ahora a quienes ayer gritaron pidiendo un tiro en la nuca\u201d. \u201cDespu\u00e9s de ver las im\u00e1genes que vimos anoche\u201d, ha continuado L\u00f3pez, \u201cni un paso atr\u00e1s\u201d.\n    <\/p>\n<p>                                <script async src=\"https:\/\/platform.twitter.com\/widgets.js\" charset=\"utf-8\"><\/script><\/p>\n","protected":false},"excerpt":{"rendered":"\u00d3scar L\u00f3pez, secretario madrile\u00f1o de los socialistas y ministro para la Transformaci\u00f3n Digital y de la Funci\u00f3n P\u00fablica,&hellip;\n","protected":false},"author":2,"featured_media":250978,"comment_status":"","ping_status":"","sticky":false,"template":"","format":"standard","meta":{"footnotes":""},"categories":[8],"tags":[10357,17,18,63573,25,24,49756,13,14,11,2158,19,20,7355,9,10,15,16,63575,2789,34,63574,199,23,13133,12,21,22],"class_list":{"0":"post-250977","1":"post","2":"type-post","3":"status-publish","4":"format-standard","5":"has-post-thumbnail","7":"category-espana","8":"tag-acto","9":"tag-breaking-news","10":"tag-breakingnews","11":"tag-condene","12":"tag-es","13":"tag-espana","14":"tag-falange","15":"tag-featured-news","16":"tag-featurednews","17":"tag-headlines","18":"tag-justicia","19":"tag-latest-news","20":"tag-latestnews","21":"tag-lopez","22":"tag-news","23":"tag-noticias","24":"tag-noticias-destacadas","25":"tag-noticiasdestacadas","26":"tag-nuca","27":"tag-oscar","28":"tag-pide","29":"tag-pidieron","30":"tag-sanchez","31":"tag-spain","32":"tag-tiro","33":"tag-titulares","34":"tag-ultimas-noticias","35":"tag-ultimasnoticias"},"share_on_mastodon":{"url":"https:\/\/pubeurope.com\/@es\/115597773758294783","error":""},"_links":{"self":[{"href":"https:\/\/www.europesays.com\/es\/wp-json\/wp\/v2\/posts\/250977","targetHints":{"allow":["GET"]}}],"collection":[{"href":"https:\/\/www.europesays.com\/es\/wp-json\/wp\/v2\/posts"}],"about":[{"href":"https:\/\/www.europesays.com\/es\/wp-json\/wp\/v2\/types\/post"}],"author":[{"embeddable":true,"href":"https:\/\/www.europesays.com\/es\/wp-json\/wp\/v2\/users\/2"}],"replies":[{"embeddable":true,"href":"https:\/\/www.europesays.com\/es\/wp-json\/wp\/v2\/comments?post=250977"}],"version-history":[{"count":0,"href":"https:\/\/www.europesays.com\/es\/wp-json\/wp\/v2\/posts\/250977\/revisions"}],"wp:featuredmedia":[{"embeddable":true,"href":"https:\/\/www.europesays.com\/es\/wp-json\/wp\/v2\/media\/250978"}],"wp:attachment":[{"href":"https:\/\/www.europesays.com\/es\/wp-json\/wp\/v2\/media?parent=250977"}],"wp:term":[{"taxonomy":"category","embeddable":true,"href":"https:\/\/www.europesays.com\/es\/wp-json\/wp\/v2\/categories?post=250977"},{"taxonomy":"post_tag","embeddable":true,"href":"https:\/\/www.europesays.com\/es\/wp-json\/wp\/v2\/tags?post=250977"}],"curies":[{"name":"wp","href":"https:\/\/api.w.org\/{rel}","templated":true}]}}