{"id":250979,"date":"2025-11-23T07:13:38","date_gmt":"2025-11-23T07:13:38","guid":{"rendered":"https:\/\/www.europesays.com\/es\/250979\/"},"modified":"2025-11-23T07:13:38","modified_gmt":"2025-11-23T07:13:38","slug":"en-el-johan-para-retomar-el-camino-de-los-tres-puntos","status":"publish","type":"post","link":"https:\/\/www.europesays.com\/es\/250979\/","title":{"rendered":"En el Johan para retomar el camino de los tres puntos"},"content":{"rendered":"<p>El <strong>Bar\u00e7a Atl\u00e8tic <\/strong>afronta este s\u00e1bado (19:00 horas) el partido correspondiente a la Jornada 12 del grupo 3 de la Segunda Federaci\u00f3n. Los cul\u00e9s recibir\u00e1n la visita del <strong>Terrassa<\/strong> <strong>FC <\/strong>al Estadio Johan Cruyff con el objetivo de recuperar las mejores sensaciones de juego y volver a la senda de los tres puntos, tras la \u00faltima derrota en el derbi de filiales.<\/p>\n<p>El Bar\u00e7a Atl\u00e8tic contar\u00e1 con el factor campo, un Johan Cruyff en el que el filial a\u00fan no conoce la derrota (cinco victorias y un empate), para llevarse los deseados tres puntos. Los azulgranas buscar\u00e1n recortar distancias con el l\u00edder, un <strong>Poblense <\/strong>que suma 24 puntos, cuatro m\u00e1s que el conjunto dirigido por <strong>Juliano Belletti<\/strong>, segundo.<\/p>\n<p>Por otra parte, el Terrassa FC suma cuatro jornadas consecutivas sin perder (dos victorias y dos empates) y s\u00f3lo ha encajado dos derrotas esta temporada (Espanyol B y Girona B). Los egarenses, que hace unas jornadas cambiaron de entrenador (ahora es Oriol Alsina quien ocupa el banquillo), son uno de los equipos que como visitante tiene m\u00e1s eficacia de cara a porter\u00eda (9 goles), pero tambi\u00e9n uno de los equipos m\u00e1s goleados (11 goles).<\/p>\n<p>El Johan, un fort\u00edn azulgrana<\/p>\n<p>El Bar\u00e7a Atl\u00e8tic, junto con la UD Poblense, es el mejor equipo del grupo como local, habiendo sumado 16 puntos en los seis partidos disputados hasta el momento en el Johan Cruyff, con cinco victorias y s\u00f3lo un empate contra el actual l\u00edder. Es tambi\u00e9n el equipo que m\u00e1s goles marca como local (18 goles), factor que los azulgrana necesitar\u00e1n este fin de semana para reencontrarse con la victoria.<\/p>\n<p>En la previa del partido, <strong>Juliano Belletti <\/strong>destacaba el trabajo de los jugadores y el cuerpo t\u00e9cnico por saber mantener un mismo ritmo durante toda la temporada. \u201cLo dif\u00edcil es mantener la regularidad, pero es algo en lo que insistimos mucho cada semana\u201d. \u00abTendremos ante un equipo s\u00f3lido, m\u00e1s compacto y con transiciones muy eficientes\u00bb, comentaba el t\u00e9cnico azulgrana sobre el Terrassa.<\/p>\n<p>Novedades en la convocatoria<\/p>\n<p>La convocatoria del Bar\u00e7a Atl\u00e8tic para el partido de este s\u00e1bado tiene algunas novedades. La nota negativa es la baja de <strong>Landry<\/strong>, que sufre una lesi\u00f3n en el ligamento lateral externo de la rodilla derecha. Se suma, as\u00ed, a las ausencias por lesi\u00f3n de Alexis Olmedo, Barber\u00e1, Xavi Espart, Gistau y un Ibrahim Diarra que <a href=\"https:\/\/www.fcbarcelona.es\/es\/futbol\/barca-b\/noticias\/4406777\/comunicado-medico-de-ibrahim-diarra\" rel=\"nofollow noopener\" target=\"_blank\">este jueves fue intervenido quir\u00fargicamente de una ruptura en el recto anterior de la pierna derecha<\/a>.<\/p>\n<p>En lo positivo, volver\u00e1n a estar disponibles <strong>Ure\u00f1a <\/strong>y <strong>Shane Kluivert<\/strong>, reincorporados tras las convocatorias con sus respectivas selecciones.<\/p>\n<p>Con todo ello, la lista de 20 jugadores convocados es la siguiente: Eder Aller, Emilio Bernad, Joan Anaya, Cort\u00e9s, Andr\u00e9s Cuenca, Roger, Dani Rodr\u00edguez, Brian Fari\u00f1as, Guillermo, Ure\u00f1a, Mbacke, Tommy, Walton, Toni Fern\u00e1ndez, Jofre, Oduro, Aziz, Juan, Sama Nomoko i Shane Kluivert.<\/p>\n","protected":false},"excerpt":{"rendered":"El Bar\u00e7a Atl\u00e8tic afronta este s\u00e1bado (19:00 horas) el partido correspondiente a la Jornada 12 del grupo 3&hellip;\n","protected":false},"author":2,"featured_media":250980,"comment_status":"","ping_status":"","sticky":false,"template":"","format":"standard","meta":{"footnotes":""},"categories":[5],"tags":[17,18,25,24,13,14,11,19,20,9,10,15,16,23,2288,12,21,22],"class_list":{"0":"post-250979","1":"post","2":"type-post","3":"status-publish","4":"format-standard","5":"has-post-thumbnail","7":"category-titulares","8":"tag-breaking-news","9":"tag-breakingnews","10":"tag-es","11":"tag-espana","12":"tag-featured-news","13":"tag-featurednews","14":"tag-headlines","15":"tag-latest-news","16":"tag-latestnews","17":"tag-news","18":"tag-noticias","19":"tag-noticias-destacadas","20":"tag-noticiasdestacadas","21":"tag-spain","22":"tag-text","23":"tag-titulares","24":"tag-ultimas-noticias","25":"tag-ultimasnoticias"},"share_on_mastodon":{"url":"https:\/\/pubeurope.com\/@es\/115597777490353253","error":""},"_links":{"self":[{"href":"https:\/\/www.europesays.com\/es\/wp-json\/wp\/v2\/posts\/250979","targetHints":{"allow":["GET"]}}],"collection":[{"href":"https:\/\/www.europesays.com\/es\/wp-json\/wp\/v2\/posts"}],"about":[{"href":"https:\/\/www.europesays.com\/es\/wp-json\/wp\/v2\/types\/post"}],"author":[{"embeddable":true,"href":"https:\/\/www.europesays.com\/es\/wp-json\/wp\/v2\/users\/2"}],"replies":[{"embeddable":true,"href":"https:\/\/www.europesays.com\/es\/wp-json\/wp\/v2\/comments?post=250979"}],"version-history":[{"count":0,"href":"https:\/\/www.europesays.com\/es\/wp-json\/wp\/v2\/posts\/250979\/revisions"}],"wp:featuredmedia":[{"embeddable":true,"href":"https:\/\/www.europesays.com\/es\/wp-json\/wp\/v2\/media\/250980"}],"wp:attachment":[{"href":"https:\/\/www.europesays.com\/es\/wp-json\/wp\/v2\/media?parent=250979"}],"wp:term":[{"taxonomy":"category","embeddable":true,"href":"https:\/\/www.europesays.com\/es\/wp-json\/wp\/v2\/categories?post=250979"},{"taxonomy":"post_tag","embeddable":true,"href":"https:\/\/www.europesays.com\/es\/wp-json\/wp\/v2\/tags?post=250979"}],"curies":[{"name":"wp","href":"https:\/\/api.w.org\/{rel}","templated":true}]}}