{"id":250981,"date":"2025-11-23T07:19:12","date_gmt":"2025-11-23T07:19:12","guid":{"rendered":"https:\/\/www.europesays.com\/es\/250981\/"},"modified":"2025-11-23T07:19:12","modified_gmt":"2025-11-23T07:19:12","slug":"la-iniciativa-del-moanes-cristobal-budino","status":"publish","type":"post","link":"https:\/\/www.europesays.com\/es\/250981\/","title":{"rendered":"La iniciativa del moa\u00f1\u00e9s Crist\u00f3bal Budi\u00f1o"},"content":{"rendered":"<p class=\"ft-text\">El moa\u00f1\u00e9s afincado en Ribeira y afectado de parkinson, Crist\u00f3bal Budi\u00f1o, present\u00f3 ayer en el Concello de Moa\u00f1a, acompa\u00f1ado por la alcaldesa, Leticia Santos, y el edil de Deportes, Rub\u00e9n Vi\u00e9itez, junto a miembros de su equipo el desaf\u00edo \u00abPedaladas de coraje\u00bb, para recorrer Galicia en bicicleta gravel, de carretera y monta\u00f1a.<\/p>\n<p class=\"ft-text\">Budi\u00f1o, que tiene 43 a\u00f1os y trabaj\u00f3 intensamente en barcos y plataformas, fue diagnosticado de parkinson y reconoce que fue un duro golpe, \u00abpero tambi\u00e9n el motor de una transformaci\u00f3n\u00bb y a\u00f1de que este desaf\u00edo en bicicleta supone nuevamente superarse a s\u00ed mismo con cada pedalada. Pone la bicicleta como s\u00edmbolo de resistencia. El desaf\u00edo, del que har\u00e1 un documental para que lo vean otros enfermos, se realizar\u00e1 en primavera-verano, en cuatro etapas , <strong>la primera de 100 kil\u00f3metros, entre Ribeira a Moa\u00f1a; la segunda de Moa\u00f1a a Ourense, con 116 kil\u00f3metros; la tercera, de Ourense a Lugo, con 112; y la cuarta, de Lugo a Santiago, con 98. <\/strong>La alcaldesa asegura que es un honor recibir a personas, como Budi\u00f1o, con esta valent\u00eda, compartir su solidaridad con otras personas y visibilizar que el parkinson no es el punto y final de nada, sino un punto y seguido en la vida.<\/p>\n","protected":false},"excerpt":{"rendered":"El moa\u00f1\u00e9s afincado en Ribeira y afectado de parkinson, Crist\u00f3bal Budi\u00f1o, present\u00f3 ayer en el Concello de Moa\u00f1a,&hellip;\n","protected":false},"author":2,"featured_media":250982,"comment_status":"","ping_status":"","sticky":false,"template":"","format":"standard","meta":{"footnotes":""},"categories":[273],"tags":[63577,313,63576,5373,312,168,10897,25,24,62091,32198,23,167],"class_list":{"0":"post-250981","1":"post","2":"type-post","3":"status-publish","4":"format-standard","5":"has-post-thumbnail","7":"category-ciclismo","8":"tag-budino","9":"tag-ciclismo","10":"tag-coraje","11":"tag-cristobal","12":"tag-cycling","13":"tag-deportes","14":"tag-desafio","15":"tag-es","16":"tag-espana","17":"tag-moana","18":"tag-pedaladas","19":"tag-spain","20":"tag-sports"},"share_on_mastodon":{"url":"https:\/\/pubeurope.com\/@es\/115597801053110797","error":""},"_links":{"self":[{"href":"https:\/\/www.europesays.com\/es\/wp-json\/wp\/v2\/posts\/250981","targetHints":{"allow":["GET"]}}],"collection":[{"href":"https:\/\/www.europesays.com\/es\/wp-json\/wp\/v2\/posts"}],"about":[{"href":"https:\/\/www.europesays.com\/es\/wp-json\/wp\/v2\/types\/post"}],"author":[{"embeddable":true,"href":"https:\/\/www.europesays.com\/es\/wp-json\/wp\/v2\/users\/2"}],"replies":[{"embeddable":true,"href":"https:\/\/www.europesays.com\/es\/wp-json\/wp\/v2\/comments?post=250981"}],"version-history":[{"count":0,"href":"https:\/\/www.europesays.com\/es\/wp-json\/wp\/v2\/posts\/250981\/revisions"}],"wp:featuredmedia":[{"embeddable":true,"href":"https:\/\/www.europesays.com\/es\/wp-json\/wp\/v2\/media\/250982"}],"wp:attachment":[{"href":"https:\/\/www.europesays.com\/es\/wp-json\/wp\/v2\/media?parent=250981"}],"wp:term":[{"taxonomy":"category","embeddable":true,"href":"https:\/\/www.europesays.com\/es\/wp-json\/wp\/v2\/categories?post=250981"},{"taxonomy":"post_tag","embeddable":true,"href":"https:\/\/www.europesays.com\/es\/wp-json\/wp\/v2\/tags?post=250981"}],"curies":[{"name":"wp","href":"https:\/\/api.w.org\/{rel}","templated":true}]}}