{"id":250983,"date":"2025-11-23T07:21:12","date_gmt":"2025-11-23T07:21:12","guid":{"rendered":"https:\/\/www.europesays.com\/es\/250983\/"},"modified":"2025-11-23T07:21:12","modified_gmt":"2025-11-23T07:21:12","slug":"el-lider-quiere-seguir-sumando-en-el-roig-arena","status":"publish","type":"post","link":"https:\/\/www.europesays.com\/es\/250983\/","title":{"rendered":"El l\u00edder quiere seguir sumando en el Roig Arena"},"content":{"rendered":"<p class=\"ft-text ft-helper-align-justify\">El <strong>Valencia Basket<\/strong> vuelve a la acci\u00f3n, esta vez en la <a class=\"ft-link ft-link--decoration\" href=\"https:\/\/www.superdeporte.es\/tags\/liga-endesa\/\" rel=\"nofollow noopener\" target=\"_blank\">Liga Endesa <\/a>y de nuevo en el <a class=\"ft-link ft-link--decoration\" href=\"https:\/\/www.superdeporte.es\/tags\/roig-arena\/\" rel=\"nofollow noopener\" target=\"_blank\">Roig Arena<\/a>. Los de<strong> Pedro Mart\u00ednez<\/strong> reciben en la<strong> jornada 8 de la Liga Endesa<\/strong> al <strong>B\u00e0squet Giron<\/strong>a <strong>(domingo 23, 17:00h, DAZN)<\/strong>. Todav\u00eda con el recuerdo fresco de la trabajada e importante victoria ante el Crvena Zvezda Meridianbet Belgrade del pasado viernes en la Euroliga y tambi\u00e9n en el Roig Arena, el Valencia Basket cambia de registro y vuelve a la Liga Endesa, de la que es l\u00edder. El objetivo, por tanto, es reforzar la primera posici\u00f3n en la tabla ante un rival, a priori accesible pero que llega en un buen momento y dispuesto a poner a prueba la fortaleza taronja. Valencia Basket comienza esta jornada de la Liga Endesa en la primera posici\u00f3n con un balance de 6-1.<\/p>\n<p>Tres descartes<\/p>\n<p class=\"ft-text ft-helper-align-justify\"><a class=\"ft-link ft-link--decoration\" href=\"https:\/\/www.superdeporte.es\/tags\/pedro-martinez\/\" rel=\"nofollow noopener\" target=\"_blank\"><strong>Pedro Mart\u00ednez<\/strong><\/a><strong> cuenta de nuevo con sus 15 hombres disponibles <\/strong>por lo que deber\u00e1 hacer un descarte. En la Liga Endesa , obligatoriamente uno de los descartados deber\u00e1 ser uno de los tres extracomunitarios: <strong>Omari Moore, Kameron Taylor o Braxton Key. <\/strong> En el partido ante el Estrella Roja (Crvena Zvezda) de nuevo uno de los tres &#8216;sacrificados&#8217; fue<a class=\"ft-link ft-link--decoration\" href=\"https:\/\/www.superdeporte.es\/valencia-basket\/2025\/11\/20\/pedro-martinez-niega-exista-caso-de-larrea-valencia-basket-123936271.html\" rel=\"nofollow noopener\" target=\"_blank\"> Sergio de Larrea<\/a> por cuarto partido consecutivo junto <strong>a Isaac Nogu\u00e9s y Yankuba Sima. <\/strong><\/p>\n<p>En racha<\/p>\n<p class=\"ft-text ft-helper-align-justify\"><strong>Aunque el <\/strong><a class=\"ft-link ft-link--decoration\" href=\"https:\/\/www.superdeporte.es\/tags\/basquet-girona\/\" rel=\"nofollow noopener\" target=\"_blank\"><strong>B\u00e0squet Girona <\/strong><\/a><strong>ocupa la decimocuarta posici\u00f3n con un balance de 3-4, <\/strong>es un equipo que llega con una din\u00e1mica al alza tras sumar tres victorias en sus \u00faltimos cuatro partidos, incluyendo dos triunfos consecutivos como local ante el Bar\u00e7a (96-78) y el Covir\u00e1n Granada (82-76). El Valencia Basket, que ya cay\u00f3 hace dos semanas frente al colista, el Covir\u00e1n, ya sabe que no puede confiarse ante un rival a priori inferior.<\/p>\n<p>Duelo de triples y de reboteadores<\/p>\n<p class=\"ft-text ft-helper-align-justify\"><strong>En el Roig Arena se medir\u00e1n los dos equipos que m\u00e1s triples intentan en la competici\u00f3n.<\/strong> E<strong>l B\u00e0squet Girona lanza 34,91 triples por partido<\/strong>, siendo el equipo que m\u00e1s se levanta desde detr\u00e1s del arco y el \u00fanico de la acb que tira m\u00e1s de tres que de dos. Son el sexto equipo que m\u00e1s triples anota (1<strong>0). Por su parte, Valencia Basket es el segundo equipo que mas triples prueba por choque (31,9),<\/strong> siendo el que m\u00e1s mete (12,4) y el que los anota con mejor porcentaje (39%). El cuadro taronja tambi\u00e9n es el mejor en la eficacia en el tiro de dos (60%) y en la eficacia de tiro de campo (59,3%). <strong>Otro de los duelos interesantes de este partido se vivir\u00e1 debajo del aro <\/strong>del cuadro gerundense. El conjunto dirigido por Moncho Fern\u00e1ndez <strong>es el equipo que m\u00e1s rebotes defensivos captura (27,9) <\/strong>mientras que <strong>Valencia Basket lidera la Liga Endesa en el porcentaje de rebote ofensivo (38,2%).<\/strong><\/p>\n<p>El rival: B\u00e0squet Girona<\/p>\n<p class=\"ft-text ft-helper-align-justify\"><strong>El Valencia Basket analiza as\u00ed a su rival de este domingo:<\/strong> El base <strong>Otis Livingston<\/strong>, que se estrena esta temporada en la Liga Endesa tras destacar la pasada temporada en el Galatasaray y que llega a este \u00faltimo partido de noviembre como l\u00edder de la carrera por el MVP del mes, es el \u00fanico titular fijo y el octavo que m\u00e1s juega en la Liga Endesa (26.10 minutos) con una tarjeta en lo que llevamos de curso de 12,6 puntos, 3,1 rebotes y 6 asistencias para 14,7 cr\u00e9ditos. E<strong>l cuadro catal\u00e1n tiene otros dos jugadores en dobles d\u00edgitos de valoraci\u00f3n.<\/strong> <strong>Pep Busquets<\/strong> es el m\u00e1ximo anotador de su equipo (14 puntos) a los que a\u00f1ade 3,6 rebotes para 12,1 cr\u00e9ditos.<strong> Juan Fern\u00e1ndez<\/strong> anota 8,6 puntos con un 81,5% en tiros de dos y 4,6 rebotes para 12,3 cr\u00e9ditos. Aunque si nos ce\u00f1imos a la frecuencia con la que salen de inicio son<strong> Derek Needham<\/strong> (10 puntos con dos triples anotados por partido con un 35% y 2,1 asistencias) y<strong> Sergi Mart\u00ednez<\/strong> (5,9 puntos y 5,1 rebotes, dos de ellos ofensivos para ser el mejor alero en el rebote de ataque) los que completan la rotaci\u00f3n exterior del conjunto catal\u00e1n y el lituano <strong>Martinas Geben <\/strong>(6,1 puntos y 5,4 rebotes) el habitual p\u00edvot titular. B\u00e0squet Girona cuenta desde el banquillo con la amenaza ofensiva de <strong>Mark Hughes<\/strong> (9,7 puntos con el mejor porcentaje en triples de su equipo, un 38,2%) y Pepe Vildoza (8,4 puntos, 2,3 rebotes y 2,3 asistencias) en un juego exterior que sin <strong>Fjellerup <\/strong>cierran <strong>Sander Hollanders<\/strong> (2,2 puntos) y el extaronja Guillem Ferrando. Por dentro, <strong>Nikola Maric <\/strong>(3,7 puntos y 2,4 rebotes) y <strong>Mindaugas Susinskas<\/strong> (4,5 puntos y 2,2 rebotes) completan la plantilla.<\/p>\n<p>Cuatro partidos en el Roig Arena<\/p>\n<p class=\"ft-text ft-helper-align-justify\"><strong>El choque de la tarde del domingo ser\u00e1 el tercero de la serie de cuatro partidos como local que el equipo taronja tiene que afrontar antes del par\u00f3n<\/strong> para los partidos de selecciones. <strong>Y el segundo de una racha de tres choques en cinco d\u00edas<\/strong>. La din\u00e1mica comenz\u00f3 con un triunfo ante <a class=\"ft-link ft-link--decoration\" href=\"https:\/\/www.superdeporte.es\/valencia-basket\/2025\/11\/16\/valencia-basket-gana-pulso-liderato-laguna-tenerife-acb-123779447.html\" rel=\"nofollow noopener\" target=\"_blank\">La Laguna Tenerife<\/a> en un duelo por la primera plaza de la <strong>Liga Endesa por 96-79<\/strong> y continu\u00f3 el viernes con una victoria ante el que era co-l\u00edder de la EuroLeague, el <strong>Crvena Zvezda Meridianbet Belgrade, por 76-73.<\/strong> Apenas 42 horas despu\u00e9s del tremendo desgaste de este partido, los hombres de<strong> Pedro Mart\u00ednez<\/strong> vuelven a la pista para afrontar este partido de la octava jornada de la Liga Endesa. Y este nuevo Marat\u00f3n en el Roig Arena se completar\u00e1 con el encuentro de l<strong>a jornada 13 de la <\/strong><a class=\"ft-link ft-link--decoration\" href=\"https:\/\/www.euroleaguebasketball.net\/euroleague\/\" rel=\"nofollow noopener\" target=\"_blank\"><strong>EuroLeagu<\/strong><\/a><strong>e ante el FC Bayern Munich el martes 25 de noviembre a las 20:30h.<\/strong><\/p>\n<p class=\"ft-text ft-helper-align-justify\">fda<\/p>\n<p class=\"ft-text\">et<\/p>\n","protected":false},"excerpt":{"rendered":"El Valencia Basket vuelve a la acci\u00f3n, esta vez en la Liga Endesa y de nuevo en el&hellip;\n","protected":false},"author":2,"featured_media":250984,"comment_status":"","ping_status":"","sticky":false,"template":"","format":"standard","meta":{"footnotes":""},"categories":[269],"tags":[299,298,4597,45346,168,13463,2917,25,24,2918,5564,665,12326,2615,3333,2915,1791,23,167,22846,2916],"class_list":{"0":"post-250983","1":"post","2":"type-post","3":"status-publish","4":"format-standard","5":"has-post-thumbnail","7":"category-baloncesto","8":"tag-baloncesto","9":"tag-basketball","10":"tag-basquet","11":"tag-basquet-girona","12":"tag-deportes","13":"tag-el-valencia","14":"tag-endesa","15":"tag-es","16":"tag-espana","17":"tag-la-liga","18":"tag-lider","19":"tag-liga-endesa","20":"tag-pedro-martinez","21":"tag-quiere","22":"tag-roig","23":"tag-roig-arena","24":"tag-seguir","25":"tag-spain","26":"tag-sports","27":"tag-sumando","28":"tag-valencia-basket"},"share_on_mastodon":{"url":"https:\/\/pubeurope.com\/@es\/115597809143785475","error":""},"_links":{"self":[{"href":"https:\/\/www.europesays.com\/es\/wp-json\/wp\/v2\/posts\/250983","targetHints":{"allow":["GET"]}}],"collection":[{"href":"https:\/\/www.europesays.com\/es\/wp-json\/wp\/v2\/posts"}],"about":[{"href":"https:\/\/www.europesays.com\/es\/wp-json\/wp\/v2\/types\/post"}],"author":[{"embeddable":true,"href":"https:\/\/www.europesays.com\/es\/wp-json\/wp\/v2\/users\/2"}],"replies":[{"embeddable":true,"href":"https:\/\/www.europesays.com\/es\/wp-json\/wp\/v2\/comments?post=250983"}],"version-history":[{"count":0,"href":"https:\/\/www.europesays.com\/es\/wp-json\/wp\/v2\/posts\/250983\/revisions"}],"wp:featuredmedia":[{"embeddable":true,"href":"https:\/\/www.europesays.com\/es\/wp-json\/wp\/v2\/media\/250984"}],"wp:attachment":[{"href":"https:\/\/www.europesays.com\/es\/wp-json\/wp\/v2\/media?parent=250983"}],"wp:term":[{"taxonomy":"category","embeddable":true,"href":"https:\/\/www.europesays.com\/es\/wp-json\/wp\/v2\/categories?post=250983"},{"taxonomy":"post_tag","embeddable":true,"href":"https:\/\/www.europesays.com\/es\/wp-json\/wp\/v2\/tags?post=250983"}],"curies":[{"name":"wp","href":"https:\/\/api.w.org\/{rel}","templated":true}]}}